{"id":25884,"date":"2021-10-16T08:48:00","date_gmt":"2021-10-16T11:48:00","guid":{"rendered":"https:\/\/www.adufpb.org.br\/site\/?p=25884"},"modified":"2021-10-26T20:19:39","modified_gmt":"2021-10-26T23:19:39","slug":"adufinforma-expresso-destaca-resistencia-da-categoria-docente-aos-ataques-do-governo-bolsonaro","status":"publish","type":"post","link":"https:\/\/www.adufpb.org.br\/site\/adufinforma-expresso-destaca-resistencia-da-categoria-docente-aos-ataques-do-governo-bolsonaro\/","title":{"rendered":"AdufInforma Expresso destaca resist\u00eancia da categoria docente aos ataques do governo Bolsonaro"},"content":{"rendered":"<p><a href=\"https:\/\/www.adufpb.org.br\/site\/wp-content\/uploads\/2021\/10\/ADUFINFORMA-EXPRESSO-13-15-OUT-2021.pdf\"><img loading=\"lazy\" decoding=\"async\" class=\"alignright size-medium wp-image-25885\" src=\"https:\/\/www.adufpb.org.br\/site\/wp-content\/uploads\/2021\/10\/adufpbinforma-expresso-13-capa-211x300.jpg\" alt=\"\" width=\"211\" height=\"300\" srcset=\"https:\/\/www.adufpb.org.br\/site\/wp-content\/uploads\/2021\/10\/adufpbinforma-expresso-13-capa-211x300.jpg 211w, https:\/\/www.adufpb.org.br\/site\/wp-content\/uploads\/2021\/10\/adufpbinforma-expresso-13-capa-250x355.jpg 250w, https:\/\/www.adufpb.org.br\/site\/wp-content\/uploads\/2021\/10\/adufpbinforma-expresso-13-capa.jpg 634w\" sizes=\"auto, (max-width: 211px) 100vw, 211px\" \/><\/a>Divulgada no Dia das Professoras e dos Professores, na \u00faltima sexta-feira (15), a nova edi\u00e7\u00e3o do jornal AdufInforma traz como destaque de capa uma mat\u00e9ria sobre a resist\u00eancia da categoria docente aos ataques do governo Bolsonaro e em defesa da educa\u00e7\u00e3o p\u00fablica, gratuita e de qualidade.<\/p>\n<p>No texto, o presidente da ADUFPB, professor Fernando Cunha, afirma que o momento que o Brasil est\u00e1 vivendo aumenta ainda mais a import\u00e2ncia de um posicionamento de professoras e professores. \u201c\u00c9 necess\u00e1rio celebrar a resist\u00eancia e a luta\u201d, declara. E a grande express\u00e3o dessa resist\u00eancia, segundo ele, est\u00e1 na unidade dos trabalhadores representados pelo seu sindicato.<\/p>\n<p>Tamb\u00e9m nesta edi\u00e7\u00e3o do AdufInforma Expresso, os leitores poder\u00e3o conhecer um pouco mais sobre os servi\u00e7os do site da ADUFPB. De 1\u00ba janeiro de 2020 a 31 de agosto deste ano, a p\u00e1gina recebeu um total de 162.443 visitas, m\u00e9dia de 8,1 mil por m\u00eas. Al\u00e9m das principais not\u00edcias sobre o sindicato, os usu\u00e1rios do site podem, por exemplo, pedir filia\u00e7\u00e3o, solicitar a carteirinha de sindicalizado, visualizar os conv\u00eanios mantidos com escolas e outras institui\u00e7\u00f5es e acessar as publica\u00e7\u00f5es editadas pela ADUFPB.<\/p>\n<p>O jornal AdufInforma Expresso est\u00e1 dispon\u00edvel no nosso site (www.adufpb.org.br) e pode ser solicitado por e-mail (adufpb@terra.com.br) ou por Whatsapp (99645-7000). Clique na imagem ao lado para fazer o download do PDF ou ent\u00e3o <a href=\"https:\/\/www.adufpb.org.br\/site\/wp-content\/uploads\/2021\/10\/ADUFINFORMA-EXPRESSO-13-15-OUT-2021.pdf\" target=\"_blank\" rel=\"noopener noreferrer\">aqui<\/a>.<\/p>\n<p><em>Fonte: Ascom ADUFPB<\/em><\/p>\n","protected":false},"excerpt":{"rendered":"<p>Divulgada no Dia das Professoras e dos Professores, na \u00faltima sexta-feira (15), a nova edi\u00e7\u00e3o do jornal AdufInforma traz como destaque de capa uma mat\u00e9ria sobre a resist\u00eancia da categoria docente aos ataques do governo Bolsonaro e em defesa da educa\u00e7\u00e3o p\u00fablica, gratuita e de qualidade. No texto, o presidente da ADUFPB, professor Fernando Cunha,&hellip;<\/p>\n","protected":false},"author":3,"featured_media":25885,"comment_status":"closed","ping_status":"closed","sticky":false,"template":"","format":"standard","meta":{"footnotes":""},"categories":[1405,15,417],"tags":[],"class_list":["post-25884","post","type-post","status-publish","format-standard","has-post-thumbnail","hentry","category-chamada-principal","category-noticias","category-noticias-destaque","category-1405","category-15","category-417","description-off"],"_links":{"self":[{"href":"https:\/\/www.adufpb.org.br\/site\/wp-json\/wp\/v2\/posts\/25884","targetHints":{"allow":["GET"]}}],"collection":[{"href":"https:\/\/www.adufpb.org.br\/site\/wp-json\/wp\/v2\/posts"}],"about":[{"href":"https:\/\/www.adufpb.org.br\/site\/wp-json\/wp\/v2\/types\/post"}],"author":[{"embeddable":true,"href":"https:\/\/www.adufpb.org.br\/site\/wp-json\/wp\/v2\/users\/3"}],"replies":[{"embeddable":true,"href":"https:\/\/www.adufpb.org.br\/site\/wp-json\/wp\/v2\/comments?post=25884"}],"version-history":[{"count":3,"href":"https:\/\/www.adufpb.org.br\/site\/wp-json\/wp\/v2\/posts\/25884\/revisions"}],"predecessor-version":[{"id":25888,"href":"https:\/\/www.adufpb.org.br\/site\/wp-json\/wp\/v2\/posts\/25884\/revisions\/25888"}],"wp:featuredmedia":[{"embeddable":true,"href":"https:\/\/www.adufpb.org.br\/site\/wp-json\/wp\/v2\/media\/25885"}],"wp:attachment":[{"href":"https:\/\/www.adufpb.org.br\/site\/wp-json\/wp\/v2\/media?parent=25884"}],"wp:term":[{"taxonomy":"category","embeddable":true,"href":"https:\/\/www.adufpb.org.br\/site\/wp-json\/wp\/v2\/categories?post=25884"},{"taxonomy":"post_tag","embeddable":true,"href":"https:\/\/www.adufpb.org.br\/site\/wp-json\/wp\/v2\/tags?post=25884"}],"curies":[{"name":"wp","href":"https:\/\/api.w.org\/{rel}","templated":true}]}}