{"id":25882,"date":"2021-10-18T08:11:12","date_gmt":"2021-10-18T11:11:12","guid":{"rendered":"https:\/\/www.adufpb.org.br\/site\/?p=25882"},"modified":"2021-10-27T07:19:24","modified_gmt":"2021-10-27T10:19:24","slug":"portaria-que-determina-retorno-de-servidores-a-atividades-presenciais-na-ufpb-tem-falhas-e-nao-preve-vacinacao-obrigatoria","status":"publish","type":"post","link":"https:\/\/www.adufpb.org.br\/site\/portaria-que-determina-retorno-de-servidores-a-atividades-presenciais-na-ufpb-tem-falhas-e-nao-preve-vacinacao-obrigatoria\/","title":{"rendered":"Portaria que determina retorno de servidores a atividades presenciais na UFPB tem falhas e n\u00e3o prev\u00ea vacina\u00e7\u00e3o obrigat\u00f3ria"},"content":{"rendered":"<p>A Universidade Federal da Para\u00edba (UFPB) publicou na \u00faltima sexta-feira (15) uma portaria determinando o retorno \u00e0s atividades presenciais dos servidores t\u00e9cnico-administrativos e dos docentes que ocupem cargos administrativos na institui\u00e7\u00e3o. Na avalia\u00e7\u00e3o da ADUFPB, o documento possui uma s\u00e9rie de equ\u00edvocos que podem colocar em risco o retorno seguro dos trabalhadores.<\/p>\n<p>&#8220;Primeiramente, a portaria n\u00e3o trata de uma coisa fundamental para a retomada das atividades de forma segura: a obrigatoriedade da vacina&#8221;, explica o presidente da ADUFPB, professor Fernando Cunha. Segundo ele, em momento algum o texto prev\u00ea a necessidade de comprova\u00e7\u00e3o da imuniza\u00e7\u00e3o completa para o retorno das atividades presenciais.<\/p>\n<p>Outro problema da portaria, segundo o presidente da ADUFPB, \u00e9 o fato de ela ir de encontro \u00e0 Instru\u00e7\u00e3o Normativa n\u00ba 90, do Minist\u00e9rio da Economia, que estabelece orienta\u00e7\u00f5es aos \u00f3rg\u00e3os e entidades da administra\u00e7\u00e3o p\u00fablica federal para a volta do trabalho presencial. Segundo a IN90, o retorno deve ser um processo gradual, que se organiza a partir das condi\u00e7\u00f5es de biosseguran\u00e7a.<\/p>\n<p>\u201cNesta segunda-feira (18), a Diretoria Executiva da ADUFPB vai se reunir para discutir essa portaria e tirar encaminhamentos. Em princ\u00edpio, recebemos a informa\u00e7\u00e3o de que os diretores de Centro da UFPB est\u00e3o se organizando e pretendem convocar um Consuni Extraordin\u00e1rio, do qual certamente o sindicato ir\u00e1 participar, para tratar desse tema\u201d, informa o presidente da ADUFPB, Fernando Cunha.<\/p>\n<p><em>Fonte: Ascom ADUFPB<\/em><\/p>\n","protected":false},"excerpt":{"rendered":"<p>A Universidade Federal da Para\u00edba (UFPB) publicou na \u00faltima sexta-feira (15) uma portaria determinando o retorno \u00e0s atividades presenciais dos servidores t\u00e9cnico-administrativos e dos docentes que ocupem cargos administrativos na institui\u00e7\u00e3o. Na avalia\u00e7\u00e3o da ADUFPB, o documento possui uma s\u00e9rie de equ\u00edvocos que podem colocar em risco o retorno seguro dos trabalhadores. &#8220;Primeiramente, a portaria&hellip;<\/p>\n","protected":false},"author":3,"featured_media":24524,"comment_status":"closed","ping_status":"closed","sticky":false,"template":"","format":"standard","meta":{"footnotes":""},"categories":[1405,15,417],"tags":[1421,1509,998],"class_list":["post-25882","post","type-post","status-publish","format-standard","has-post-thumbnail","hentry","category-chamada-principal","category-noticias","category-noticias-destaque","tag-portaria","tag-trabalho-presencial","tag-ufpb","category-1405","category-15","category-417","description-off"],"_links":{"self":[{"href":"https:\/\/www.adufpb.org.br\/site\/wp-json\/wp\/v2\/posts\/25882","targetHints":{"allow":["GET"]}}],"collection":[{"href":"https:\/\/www.adufpb.org.br\/site\/wp-json\/wp\/v2\/posts"}],"about":[{"href":"https:\/\/www.adufpb.org.br\/site\/wp-json\/wp\/v2\/types\/post"}],"author":[{"embeddable":true,"href":"https:\/\/www.adufpb.org.br\/site\/wp-json\/wp\/v2\/users\/3"}],"replies":[{"embeddable":true,"href":"https:\/\/www.adufpb.org.br\/site\/wp-json\/wp\/v2\/comments?post=25882"}],"version-history":[{"count":1,"href":"https:\/\/www.adufpb.org.br\/site\/wp-json\/wp\/v2\/posts\/25882\/revisions"}],"predecessor-version":[{"id":25883,"href":"https:\/\/www.adufpb.org.br\/site\/wp-json\/wp\/v2\/posts\/25882\/revisions\/25883"}],"wp:featuredmedia":[{"embeddable":true,"href":"https:\/\/www.adufpb.org.br\/site\/wp-json\/wp\/v2\/media\/24524"}],"wp:attachment":[{"href":"https:\/\/www.adufpb.org.br\/site\/wp-json\/wp\/v2\/media?parent=25882"}],"wp:term":[{"taxonomy":"category","embeddable":true,"href":"https:\/\/www.adufpb.org.br\/site\/wp-json\/wp\/v2\/categories?post=25882"},{"taxonomy":"post_tag","embeddable":true,"href":"https:\/\/www.adufpb.org.br\/site\/wp-json\/wp\/v2\/tags?post=25882"}],"curies":[{"name":"wp","href":"https:\/\/api.w.org\/{rel}","templated":true}]}}