{"id":25873,"date":"2021-10-15T16:39:04","date_gmt":"2021-10-15T19:39:04","guid":{"rendered":"https:\/\/www.adufpb.org.br\/site\/?p=25873"},"modified":"2021-10-15T17:50:19","modified_gmt":"2021-10-15T20:50:19","slug":"nota-de-pesar-jose-vicente-moreira","status":"publish","type":"post","link":"https:\/\/www.adufpb.org.br\/site\/nota-de-pesar-jose-vicente-moreira\/","title":{"rendered":"NOTA DE PESAR &#8211; Jos\u00e9 Vicente Moreira"},"content":{"rendered":"<p><a class=\"dt-pswp-item\" href=\"https:\/\/www.adufpb.org.br\/site\/wp-content\/uploads\/2021\/10\/nota-de-pesar-jose-vicente-moreira.jpeg\" data-dt-img-description=\"\" data-large_image_width=\"150\" data-large_image_height=\"200\"><img loading=\"lazy\" decoding=\"async\" class=\"aligncenter size-full wp-image-25875\" src=\"https:\/\/www.adufpb.org.br\/site\/wp-content\/uploads\/2021\/10\/nota-de-pesar-jose-vicente-moreira.jpeg\" alt=\"\" width=\"150\" height=\"200\" \/><\/a><\/p>\n<p style=\"font-weight: 400;\"><span style=\"font-size: 14pt;\">Todos que fazem a ADUFPB v\u00eam a p\u00fablico manifestar profundo pesar pelo falecimento de<strong>\u00a0JOS\u00c9 VICENTE MOREIRA,<\/strong>\u00a0professor aposentado do Departamento de Matem\u00e1tica do Centro de Ci\u00eancias Exatas e da Natureza, da Universidade Federal da Para\u00edba.<\/span><\/p>\n<p style=\"font-weight: 400;\"><span style=\"font-size: 14pt;\">O professor\u00a0<strong>JOS\u00c9 VICENTE MOREIRA<\/strong>\u00a0\u00e9 sindicalizado da ADUFPB desde 09\/10\/1987.<\/span><\/p>\n<p style=\"font-weight: 400;\"><span style=\"font-size: 14pt;\">Aos membros da fam\u00edlia e amigos, nossos sentimentos e solidariedade.<\/span><\/p>\n<p style=\"font-weight: 400;\"><span style=\"font-size: 14pt;\">Jo\u00e3o Pessoa, 15 de outubro de 2021.<\/span><\/p>\n<p>&nbsp;<\/p>\n<p style=\"font-weight: 400; text-align: center;\"><span style=\"font-size: 14pt;\"><strong>DIRETORIA EXECUTIVA<\/strong><\/span><\/p>\n<p style=\"font-weight: 400; text-align: center;\"><span style=\"font-size: 14pt;\"><strong>FUNCION\u00c1RIOS DA ADUFPB.<\/strong><\/span><\/p>\n","protected":false},"excerpt":{"rendered":"<p>Todos que fazem a ADUFPB v\u00eam a p\u00fablico manifestar profundo pesar pelo falecimento de\u00a0JOS\u00c9 VICENTE MOREIRA,\u00a0professor aposentado do Departamento de Matem\u00e1tica do Centro de Ci\u00eancias Exatas e da Natureza, da Universidade Federal da Para\u00edba. O professor\u00a0JOS\u00c9 VICENTE MOREIRA\u00a0\u00e9 sindicalizado da ADUFPB desde 09\/10\/1987. Aos membros da fam\u00edlia e amigos, nossos sentimentos e solidariedade. Jo\u00e3o Pessoa,&hellip;<\/p>\n","protected":false},"author":3,"featured_media":0,"comment_status":"closed","ping_status":"closed","sticky":false,"template":"","format":"standard","meta":{"footnotes":""},"categories":[15],"tags":[],"class_list":["post-25873","post","type-post","status-publish","format-standard","hentry","category-noticias","category-15","description-off"],"_links":{"self":[{"href":"https:\/\/www.adufpb.org.br\/site\/wp-json\/wp\/v2\/posts\/25873","targetHints":{"allow":["GET"]}}],"collection":[{"href":"https:\/\/www.adufpb.org.br\/site\/wp-json\/wp\/v2\/posts"}],"about":[{"href":"https:\/\/www.adufpb.org.br\/site\/wp-json\/wp\/v2\/types\/post"}],"author":[{"embeddable":true,"href":"https:\/\/www.adufpb.org.br\/site\/wp-json\/wp\/v2\/users\/3"}],"replies":[{"embeddable":true,"href":"https:\/\/www.adufpb.org.br\/site\/wp-json\/wp\/v2\/comments?post=25873"}],"version-history":[{"count":2,"href":"https:\/\/www.adufpb.org.br\/site\/wp-json\/wp\/v2\/posts\/25873\/revisions"}],"predecessor-version":[{"id":25876,"href":"https:\/\/www.adufpb.org.br\/site\/wp-json\/wp\/v2\/posts\/25873\/revisions\/25876"}],"wp:attachment":[{"href":"https:\/\/www.adufpb.org.br\/site\/wp-json\/wp\/v2\/media?parent=25873"}],"wp:term":[{"taxonomy":"category","embeddable":true,"href":"https:\/\/www.adufpb.org.br\/site\/wp-json\/wp\/v2\/categories?post=25873"},{"taxonomy":"post_tag","embeddable":true,"href":"https:\/\/www.adufpb.org.br\/site\/wp-json\/wp\/v2\/tags?post=25873"}],"curies":[{"name":"wp","href":"https:\/\/api.w.org\/{rel}","templated":true}]}}