{"id":25783,"date":"2021-10-13T12:26:54","date_gmt":"2021-10-13T15:26:54","guid":{"rendered":"https:\/\/www.adufpb.org.br\/site\/?p=25783"},"modified":"2021-10-15T11:35:09","modified_gmt":"2021-10-15T14:35:09","slug":"adufpb-realiza-hoje-13-10-reuniao-para-tirar-duvida-sobre-assuntos-juridicos","status":"publish","type":"post","link":"https:\/\/www.adufpb.org.br\/site\/adufpb-realiza-hoje-13-10-reuniao-para-tirar-duvida-sobre-assuntos-juridicos\/","title":{"rendered":"ADUFPB realiza hoje (13\/10) reuni\u00e3o para tirar d\u00favida sobre assuntos jur\u00eddicos"},"content":{"rendered":"<p><span style=\"font-weight: 400;\"><a class=\"dt-pswp-item\" href=\"https:\/\/www.adufpb.org.br\/site\/wp-content\/uploads\/2021\/10\/Reuniao-com-o-juridico-da-adufpb.jpg\" data-dt-img-description=\"\" data-large_image_width=\"1654\" data-large_image_height=\"1654\"><img loading=\"lazy\" decoding=\"async\" class=\"alignright size-medium wp-image-25784\" src=\"https:\/\/www.adufpb.org.br\/site\/wp-content\/uploads\/2021\/10\/Reuniao-com-o-juridico-da-adufpb-300x300.jpg\" alt=\"\" width=\"300\" height=\"300\" srcset=\"https:\/\/www.adufpb.org.br\/site\/wp-content\/uploads\/2021\/10\/Reuniao-com-o-juridico-da-adufpb-300x300.jpg 300w, https:\/\/www.adufpb.org.br\/site\/wp-content\/uploads\/2021\/10\/Reuniao-com-o-juridico-da-adufpb-1024x1024.jpg 1024w, https:\/\/www.adufpb.org.br\/site\/wp-content\/uploads\/2021\/10\/Reuniao-com-o-juridico-da-adufpb-150x150.jpg 150w, https:\/\/www.adufpb.org.br\/site\/wp-content\/uploads\/2021\/10\/Reuniao-com-o-juridico-da-adufpb-768x768.jpg 768w, https:\/\/www.adufpb.org.br\/site\/wp-content\/uploads\/2021\/10\/Reuniao-com-o-juridico-da-adufpb-1536x1536.jpg 1536w, https:\/\/www.adufpb.org.br\/site\/wp-content\/uploads\/2021\/10\/Reuniao-com-o-juridico-da-adufpb-250x250.jpg 250w, https:\/\/www.adufpb.org.br\/site\/wp-content\/uploads\/2021\/10\/Reuniao-com-o-juridico-da-adufpb.jpg 1654w\" sizes=\"auto, (max-width: 300px) 100vw, 300px\" \/><\/a>A ADUFPB realiza nesta quarta-feira, 13\/10, \u00e0s 14h, mais uma reuni\u00e3o com a assessoria jur\u00eddica do sindicato. Desta vez, ser\u00e3o apresentados informes sobre as a\u00e7\u00f5es referentes aos 3,17%, ao 1\/3 de f\u00e9rias, \u00e0s progress\u00f5es funcionais e ao aux\u00edlio transporte. A atividade ser\u00e1 on-line, pela plataforma Zoom, \u00e9 aberta a todos(as) os(as) docentes e, para ter acesso, basta clicar neste link: <\/span><a href=\"https:\/\/tinyurl.com\/AGadufpb\"><span style=\"font-weight: 400;\">https:\/\/tinyurl.com\/AGadufpb<\/span><\/a><\/p>\n<p><span style=\"font-weight: 400;\">Esta ser\u00e1 a segunda reuni\u00e3o da nova rodada de atividades programada pela ADUFPB para atualizar professores e professoras sobre os processos jur\u00eddicos do sindicato e tirar d\u00favidas. A primeira ocorreu na \u00faltima sexta-feira (8) e tratou da a\u00e7\u00e3o do Artigo 192. J\u00e1 a terceira est\u00e1 marcada para o dia 22 deste m\u00eas, tamb\u00e9m \u00e0s 14h, e vai abordar as quest\u00f5es relativas ao processo dos 28,86%.<\/span><\/p>\n<p><strong>AGENDE-SE<\/strong><\/p>\n<p><span style=\"text-decoration: underline;\"><strong>Reuni\u00e3o com o jur\u00eddico<\/strong><\/span><\/p>\n<p><span style=\"font-weight: 400;\"><strong>Data:<\/strong> quarta-feira, 13\/10<\/span><\/p>\n<p><span style=\"font-weight: 400;\"><strong>Hor\u00e1rio:<\/strong> 14h<\/span><\/p>\n<p><span style=\"font-weight: 400;\"><strong>Para ter acesso:<\/strong> link do Zoom &#8211; <\/span><a href=\"https:\/\/tinyurl.com\/AGadufpb\"><span style=\"font-weight: 400;\">https:\/\/tinyurl.com\/AGadufpb<\/span><\/a><\/p>\n","protected":false},"excerpt":{"rendered":"<p>A ADUFPB realiza nesta quarta-feira, 13\/10, \u00e0s 14h, mais uma reuni\u00e3o com a assessoria jur\u00eddica do sindicato. Desta vez, ser\u00e3o apresentados informes sobre as a\u00e7\u00f5es referentes aos 3,17%, ao 1\/3 de f\u00e9rias, \u00e0s progress\u00f5es funcionais e ao aux\u00edlio transporte. A atividade ser\u00e1 on-line, pela plataforma Zoom, \u00e9 aberta a todos(as) os(as) docentes e, para ter&hellip;<\/p>\n","protected":false},"author":3,"featured_media":25784,"comment_status":"closed","ping_status":"closed","sticky":false,"template":"","format":"standard","meta":{"footnotes":""},"categories":[1405,15],"tags":[467,242,567],"class_list":["post-25783","post","type-post","status-publish","format-standard","has-post-thumbnail","hentry","category-chamada-principal","category-noticias","tag-assuntos-juridicos","tag-juridico-2","tag-reuniao","category-1405","category-15","description-off"],"_links":{"self":[{"href":"https:\/\/www.adufpb.org.br\/site\/wp-json\/wp\/v2\/posts\/25783","targetHints":{"allow":["GET"]}}],"collection":[{"href":"https:\/\/www.adufpb.org.br\/site\/wp-json\/wp\/v2\/posts"}],"about":[{"href":"https:\/\/www.adufpb.org.br\/site\/wp-json\/wp\/v2\/types\/post"}],"author":[{"embeddable":true,"href":"https:\/\/www.adufpb.org.br\/site\/wp-json\/wp\/v2\/users\/3"}],"replies":[{"embeddable":true,"href":"https:\/\/www.adufpb.org.br\/site\/wp-json\/wp\/v2\/comments?post=25783"}],"version-history":[{"count":1,"href":"https:\/\/www.adufpb.org.br\/site\/wp-json\/wp\/v2\/posts\/25783\/revisions"}],"predecessor-version":[{"id":25785,"href":"https:\/\/www.adufpb.org.br\/site\/wp-json\/wp\/v2\/posts\/25783\/revisions\/25785"}],"wp:featuredmedia":[{"embeddable":true,"href":"https:\/\/www.adufpb.org.br\/site\/wp-json\/wp\/v2\/media\/25784"}],"wp:attachment":[{"href":"https:\/\/www.adufpb.org.br\/site\/wp-json\/wp\/v2\/media?parent=25783"}],"wp:term":[{"taxonomy":"category","embeddable":true,"href":"https:\/\/www.adufpb.org.br\/site\/wp-json\/wp\/v2\/categories?post=25783"},{"taxonomy":"post_tag","embeddable":true,"href":"https:\/\/www.adufpb.org.br\/site\/wp-json\/wp\/v2\/tags?post=25783"}],"curies":[{"name":"wp","href":"https:\/\/api.w.org\/{rel}","templated":true}]}}