{"id":25764,"date":"2021-10-05T11:25:10","date_gmt":"2021-10-05T14:25:10","guid":{"rendered":"https:\/\/www.adufpb.org.br\/site\/?p=25764"},"modified":"2021-10-15T11:35:55","modified_gmt":"2021-10-15T14:35:55","slug":"diretores-da-adufpb-estao-em-brasilia-na-pressao-contra-votacao-da-pec-32","status":"publish","type":"post","link":"https:\/\/www.adufpb.org.br\/site\/diretores-da-adufpb-estao-em-brasilia-na-pressao-contra-votacao-da-pec-32\/","title":{"rendered":"Diretores da ADUFPB est\u00e3o em Bras\u00edlia na press\u00e3o contra vota\u00e7\u00e3o da PEC 32"},"content":{"rendered":"<p><a class=\"dt-pswp-item\" href=\"https:\/\/www.adufpb.org.br\/site\/wp-content\/uploads\/2021\/10\/IMG-20211005-WA0007.jpg\" data-dt-img-description=\"\" data-large_image_width=\"1024\" data-large_image_height=\"768\"><img loading=\"lazy\" decoding=\"async\" class=\"alignright size-medium wp-image-25765\" src=\"https:\/\/www.adufpb.org.br\/site\/wp-content\/uploads\/2021\/10\/IMG-20211005-WA0007-300x225.jpg\" alt=\"\" width=\"300\" height=\"225\" srcset=\"https:\/\/www.adufpb.org.br\/site\/wp-content\/uploads\/2021\/10\/IMG-20211005-WA0007-300x225.jpg 300w, https:\/\/www.adufpb.org.br\/site\/wp-content\/uploads\/2021\/10\/IMG-20211005-WA0007-768x576.jpg 768w, https:\/\/www.adufpb.org.br\/site\/wp-content\/uploads\/2021\/10\/IMG-20211005-WA0007-250x188.jpg 250w, https:\/\/www.adufpb.org.br\/site\/wp-content\/uploads\/2021\/10\/IMG-20211005-WA0007.jpg 1024w\" sizes=\"auto, (max-width: 300px) 100vw, 300px\" \/><\/a>Membros da Diretoria Executiva da ADUFPB se juntaram \u00e0s dezenas de servidores p\u00fablicos de todo o pa\u00eds que est\u00e3o fazendo press\u00e3o diariamente para os deputados votarem contra a proposta de reforma administrativa, em Bras\u00edlia. A comitiva, formada pela professora Francileide Rodrigues (Franci) e os professores Edson Franco e Cristiano Bonneau, viajou ontem e j\u00e1 participou, hoje pela manh\u00e3, de um manifesto no Aeroporto Internacional de Bras\u00edlia. Logo mais, os servidores p\u00fablicos de todo o pa\u00eds far\u00e3o atos e mobiliza\u00e7\u00f5es no Congresso. As atividades ser\u00e3o transmitidas pelo Instagram da ADUFPB.<\/p>\n<p>Para manter a categoria informada sobre o andamento das atividades, o grupo da ADUFPB far\u00e1 lives a partir de hoje, amanh\u00e3 (6\/10) e quinta-feira, sempre \u00e0s 11h, diretamente do local onde os atos estar\u00e3o sendo realizados naquele dia. Em outros momentos do dia, tamb\u00e9m podem ser realizadas transmiss\u00f5es ao vivo com a participa\u00e7\u00e3o de parlamentares.<\/p>\n<p>Os protestos que v\u00eam sendo realizados em Bras\u00edlia est\u00e3o sendo organizados por entidades como o Andes \u2013 Sindicato Nacional, o Fonasefe (F\u00f3rum das Entidades Nacionais dos Servidores P\u00fablicos Federais), a Fasubra (Federa\u00e7\u00e3o de Sindicatos de Trabalhadores T\u00e9cnico-administrativos em Institui\u00e7\u00f5es de Ensino Superior P\u00fablicas), o Sinasefe (Sindicato Nacional dos Servidores Federais da Educa\u00e7\u00e3o B\u00e1sica, Profissional e Tecnol\u00f3gica), al\u00e9m de outras entidades representativas dos servidores p\u00fablicos.<\/p>\n<p><a class=\"dt-pswp-item\" href=\"https:\/\/www.adufpb.org.br\/site\/wp-content\/uploads\/2021\/10\/IMG-20211005-WA0006.jpg\" data-dt-img-description=\"\" data-large_image_width=\"768\" data-large_image_height=\"1024\"><img loading=\"lazy\" decoding=\"async\" class=\"alignleft size-medium wp-image-25766\" src=\"https:\/\/www.adufpb.org.br\/site\/wp-content\/uploads\/2021\/10\/IMG-20211005-WA0006-225x300.jpg\" alt=\"\" width=\"225\" height=\"300\" srcset=\"https:\/\/www.adufpb.org.br\/site\/wp-content\/uploads\/2021\/10\/IMG-20211005-WA0006-225x300.jpg 225w, https:\/\/www.adufpb.org.br\/site\/wp-content\/uploads\/2021\/10\/IMG-20211005-WA0006-250x333.jpg 250w, https:\/\/www.adufpb.org.br\/site\/wp-content\/uploads\/2021\/10\/IMG-20211005-WA0006.jpg 768w\" sizes=\"auto, (max-width: 225px) 100vw, 225px\" \/><\/a>Gra\u00e7as a essa a\u00e7\u00e3o, que toma os corredores da C\u00e2mara, a vota\u00e7\u00e3o na Comiss\u00e3o Especial que discute o projeto chegou a ser adiada tr\u00eas semanas atr\u00e1s. O texto terminou sendo aprovado no dia 23, mas s\u00f3 depois de uma manobra do governo para evitar a derrota. Agora a PEC segue para o plen\u00e1rio e a expectativa \u00e9 de que n\u00e3o consiga os 308 votos necess\u00e1rios para aprova\u00e7\u00e3o.<\/p>\n","protected":false},"excerpt":{"rendered":"<p>Membros da Diretoria Executiva da ADUFPB se juntaram \u00e0s dezenas de servidores p\u00fablicos de todo o pa\u00eds que est\u00e3o fazendo press\u00e3o diariamente para os deputados votarem contra a proposta de reforma administrativa, em Bras\u00edlia. A comitiva, formada pela professora Francileide Rodrigues (Franci) e os professores Edson Franco e Cristiano Bonneau, viajou ontem e j\u00e1 participou,&hellip;<\/p>\n","protected":false},"author":3,"featured_media":25765,"comment_status":"closed","ping_status":"closed","sticky":false,"template":"","format":"standard","meta":{"footnotes":""},"categories":[15,417],"tags":[],"class_list":["post-25764","post","type-post","status-publish","format-standard","has-post-thumbnail","hentry","category-noticias","category-noticias-destaque","category-15","category-417","description-off"],"_links":{"self":[{"href":"https:\/\/www.adufpb.org.br\/site\/wp-json\/wp\/v2\/posts\/25764","targetHints":{"allow":["GET"]}}],"collection":[{"href":"https:\/\/www.adufpb.org.br\/site\/wp-json\/wp\/v2\/posts"}],"about":[{"href":"https:\/\/www.adufpb.org.br\/site\/wp-json\/wp\/v2\/types\/post"}],"author":[{"embeddable":true,"href":"https:\/\/www.adufpb.org.br\/site\/wp-json\/wp\/v2\/users\/3"}],"replies":[{"embeddable":true,"href":"https:\/\/www.adufpb.org.br\/site\/wp-json\/wp\/v2\/comments?post=25764"}],"version-history":[{"count":1,"href":"https:\/\/www.adufpb.org.br\/site\/wp-json\/wp\/v2\/posts\/25764\/revisions"}],"predecessor-version":[{"id":25767,"href":"https:\/\/www.adufpb.org.br\/site\/wp-json\/wp\/v2\/posts\/25764\/revisions\/25767"}],"wp:featuredmedia":[{"embeddable":true,"href":"https:\/\/www.adufpb.org.br\/site\/wp-json\/wp\/v2\/media\/25765"}],"wp:attachment":[{"href":"https:\/\/www.adufpb.org.br\/site\/wp-json\/wp\/v2\/media?parent=25764"}],"wp:term":[{"taxonomy":"category","embeddable":true,"href":"https:\/\/www.adufpb.org.br\/site\/wp-json\/wp\/v2\/categories?post=25764"},{"taxonomy":"post_tag","embeddable":true,"href":"https:\/\/www.adufpb.org.br\/site\/wp-json\/wp\/v2\/tags?post=25764"}],"curies":[{"name":"wp","href":"https:\/\/api.w.org\/{rel}","templated":true}]}}