{"id":25672,"date":"2021-09-11T07:08:22","date_gmt":"2021-09-11T10:08:22","guid":{"rendered":"https:\/\/www.adufpb.org.br\/site\/?p=25672"},"modified":"2021-09-18T09:53:52","modified_gmt":"2021-09-18T12:53:52","slug":"nova-edicao-do-adufinforma-expresso-ja-esta-disponivel-e-traz-materia-sobre-encontro-da-regional-ne-ii-do-andes","status":"publish","type":"post","link":"https:\/\/www.adufpb.org.br\/site\/nova-edicao-do-adufinforma-expresso-ja-esta-disponivel-e-traz-materia-sobre-encontro-da-regional-ne-ii-do-andes\/","title":{"rendered":"AdufInforma Expresso j\u00e1 est\u00e1 dispon\u00edvel e traz mat\u00e9ria sobre Encontro da Regional NE II"},"content":{"rendered":"<p><a href=\"https:\/\/www.adufpb.org.br\/site\/wp-content\/uploads\/2021\/09\/ADUFINFORMA-EXPRESSO-8-10-SET-2021.pdf\"><img loading=\"lazy\" decoding=\"async\" class=\"alignright size-medium wp-image-25673\" src=\"https:\/\/www.adufpb.org.br\/site\/wp-content\/uploads\/2021\/09\/adufpbinforma-expresso-8-capa-217x300.jpeg\" alt=\"\" width=\"217\" height=\"300\" srcset=\"https:\/\/www.adufpb.org.br\/site\/wp-content\/uploads\/2021\/09\/adufpbinforma-expresso-8-capa-217x300.jpeg 217w, https:\/\/www.adufpb.org.br\/site\/wp-content\/uploads\/2021\/09\/adufpbinforma-expresso-8-capa-741x1024.jpeg 741w, https:\/\/www.adufpb.org.br\/site\/wp-content\/uploads\/2021\/09\/adufpbinforma-expresso-8-capa-768x1062.jpeg 768w, https:\/\/www.adufpb.org.br\/site\/wp-content\/uploads\/2021\/09\/adufpbinforma-expresso-8-capa-250x346.jpeg 250w, https:\/\/www.adufpb.org.br\/site\/wp-content\/uploads\/2021\/09\/adufpbinforma-expresso-8-capa.jpeg 926w\" sizes=\"auto, (max-width: 217px) 100vw, 217px\" \/><\/a>J\u00e1 est\u00e1 dispon\u00edvel a oitava edi\u00e7\u00e3o do jornal AdufInforma Expresso. O destaque desta vez \u00e9 uma mat\u00e9ria sobre a participa\u00e7\u00e3o da ADUFPB no Encontro da Regional Nordeste II do Andes, que acontece neste s\u00e1bado. A reportagem conversa com o professor Edson Franco, que ir\u00e1 ministrar uma palestra no evento sobre a PEC 32.<\/p>\n<p>O AdufInforma tamb\u00e9m fala sobre o 13\u00ba Conad Extraordin\u00e1rio do Andes-SN, que ir\u00e1 debater a conjuntura pol\u00edtica e o Congresso do Sindicato. E traz imagens da cobertura do 27\u00ba Grito dos Exclu\u00eddos e Exclu\u00eddas realizado em Jo\u00e3o Pessoa.<\/p>\n<p>O jornal AdufInforma Expresso est\u00e1 dispon\u00edvel no site da ADUFPB (www.adufpb.org.br) e pode ser solicitado por e-mail (adufpb@terra.com.br) ou por Whatsapp (99645-7000). Clique na imagem ao lado para fazer o download do PDF ou ent\u00e3o <a href=\"https:\/\/www.adufpb.org.br\/site\/wp-content\/uploads\/2021\/09\/ADUFINFORMA-EXPRESSO-8-10-SET-2021.pdf\" target=\"_blank\" rel=\"noopener noreferrer\">aqui<\/a>.<\/p>\n<p><em>Fonte: Ascom ADUFPB<\/em><\/p>\n","protected":false},"excerpt":{"rendered":"<p>J\u00e1 est\u00e1 dispon\u00edvel a oitava edi\u00e7\u00e3o do jornal AdufInforma Expresso. O destaque desta vez \u00e9 uma mat\u00e9ria sobre a participa\u00e7\u00e3o da ADUFPB no Encontro da Regional Nordeste II do Andes, que acontece neste s\u00e1bado. A reportagem conversa com o professor Edson Franco, que ir\u00e1 ministrar uma palestra no evento sobre a PEC 32. O AdufInforma&hellip;<\/p>\n","protected":false},"author":3,"featured_media":25673,"comment_status":"closed","ping_status":"closed","sticky":false,"template":"","format":"standard","meta":{"footnotes":""},"categories":[1405,15,417],"tags":[1498],"class_list":["post-25672","post","type-post","status-publish","format-standard","has-post-thumbnail","hentry","category-chamada-principal","category-noticias","category-noticias-destaque","tag-adufpinforma-expresso","category-1405","category-15","category-417","description-off"],"_links":{"self":[{"href":"https:\/\/www.adufpb.org.br\/site\/wp-json\/wp\/v2\/posts\/25672","targetHints":{"allow":["GET"]}}],"collection":[{"href":"https:\/\/www.adufpb.org.br\/site\/wp-json\/wp\/v2\/posts"}],"about":[{"href":"https:\/\/www.adufpb.org.br\/site\/wp-json\/wp\/v2\/types\/post"}],"author":[{"embeddable":true,"href":"https:\/\/www.adufpb.org.br\/site\/wp-json\/wp\/v2\/users\/3"}],"replies":[{"embeddable":true,"href":"https:\/\/www.adufpb.org.br\/site\/wp-json\/wp\/v2\/comments?post=25672"}],"version-history":[{"count":3,"href":"https:\/\/www.adufpb.org.br\/site\/wp-json\/wp\/v2\/posts\/25672\/revisions"}],"predecessor-version":[{"id":25676,"href":"https:\/\/www.adufpb.org.br\/site\/wp-json\/wp\/v2\/posts\/25672\/revisions\/25676"}],"wp:featuredmedia":[{"embeddable":true,"href":"https:\/\/www.adufpb.org.br\/site\/wp-json\/wp\/v2\/media\/25673"}],"wp:attachment":[{"href":"https:\/\/www.adufpb.org.br\/site\/wp-json\/wp\/v2\/media?parent=25672"}],"wp:term":[{"taxonomy":"category","embeddable":true,"href":"https:\/\/www.adufpb.org.br\/site\/wp-json\/wp\/v2\/categories?post=25672"},{"taxonomy":"post_tag","embeddable":true,"href":"https:\/\/www.adufpb.org.br\/site\/wp-json\/wp\/v2\/tags?post=25672"}],"curies":[{"name":"wp","href":"https:\/\/api.w.org\/{rel}","templated":true}]}}