{"id":25646,"date":"2021-09-04T09:36:54","date_gmt":"2021-09-04T12:36:54","guid":{"rendered":"https:\/\/www.adufpb.org.br\/site\/?p=25646"},"modified":"2021-09-18T08:40:14","modified_gmt":"2021-09-18T11:40:14","slug":"nova-edicao-do-adufinforma-destaca-o-27a-grito-dos-excluidos-e-excluidas","status":"publish","type":"post","link":"https:\/\/www.adufpb.org.br\/site\/nova-edicao-do-adufinforma-destaca-o-27a-grito-dos-excluidos-e-excluidas\/","title":{"rendered":"Nova edi\u00e7\u00e3o do AdufInforma Expresso destaca o 27\u00aa Grito dos Exclu\u00eddos e Exclu\u00eddas"},"content":{"rendered":"<p><a href=\"https:\/\/www.adufpb.org.br\/site\/wp-content\/uploads\/2021\/09\/ADUFINFORMA-EXPRESSO-7-3-SET-2021.pdf\"><img loading=\"lazy\" decoding=\"async\" class=\"alignright size-medium wp-image-25649\" src=\"https:\/\/www.adufpb.org.br\/site\/wp-content\/uploads\/2021\/09\/capa-adufinforma-7-212x300.jpg\" alt=\"\" width=\"212\" height=\"300\" srcset=\"https:\/\/www.adufpb.org.br\/site\/wp-content\/uploads\/2021\/09\/capa-adufinforma-7-212x300.jpg 212w, https:\/\/www.adufpb.org.br\/site\/wp-content\/uploads\/2021\/09\/capa-adufinforma-7-250x354.jpg 250w, https:\/\/www.adufpb.org.br\/site\/wp-content\/uploads\/2021\/09\/capa-adufinforma-7.jpg 639w\" sizes=\"auto, (max-width: 212px) 100vw, 212px\" \/><\/a>A edi\u00e7\u00e3o desta semana do jornal AdufInforma Expresso destaca o 27\u00aa Grito dos Exclu\u00eddos e Exclu\u00eddas, que sair\u00e1 \u00e0s ruas do pa\u00eds na pr\u00f3xima ter\u00e7a-feira, 7 de setembro. Conversamos com organizadores do movimento para trazer os detalhes do protesto deste ano e explicar as principais bandeiras de luta.<\/p>\n<p>O AdufInforma tamb\u00e9m traz mat\u00e9ria sobre a rejei\u00e7\u00e3o no Senado Federal da Medida Provis\u00f3ria 1045, que promovia uma nova reforma trabalhista com graves ataques aos direitos. Aborda, ainda, a movimenta\u00e7\u00e3o na C\u00e2mara dos Deputados da Proposta de Emenda \u00e0 Constitui\u00e7\u00e3o n\u00ba 32, a chamada &#8220;reforma administrativa&#8221;. Na semana que passou, o deputado Arthur Maia apresentou relat\u00f3rio para o projeto com modifica\u00e7\u00f5es ao texto original, mas mantendo v\u00e1rios dos ataques ao servi\u00e7o p\u00fablico,<\/p>\n<p>Outro destaque da edi\u00e7\u00e3o desta semana do AdufInforma Expresso s\u00e3o os preparativos para a Mostra Sakura-Ip\u00ea, que ser\u00e1 mais uma vez transmitida pelo canal da ADUFPB no YouTube. O evento, que ocorre de 24 a 25 deste m\u00eas, re\u00fane a programa\u00e7\u00e3o do XVI Festival da Associa\u00e7\u00e3o Cultural Brasil-Jap\u00e3o (ACBJ-PB) e o I Col\u00f3quio Internacional Cantos das Cidades: Aldeias Sonoras e Translocalidades.<\/p>\n<p>O jornal AdufInforma Expresso est\u00e1 dispon\u00edvel no site da ADUFPB (www.adufpb.org.br) e pode ser solicitado por e-mail (adufpb@terra.com.br) ou por Whatsapp (99645-7000). Clique na imagem ao lado para fazer o download do PDF ou ent\u00e3o <a href=\"https:\/\/www.adufpb.org.br\/site\/wp-content\/uploads\/2021\/09\/ADUFINFORMA-EXPRESSO-7-3-SET-2021.pdf\" target=\"_blank\" rel=\"noopener noreferrer\">aqui<\/a>.<\/p>\n<p><em>Fonte: Ascom ADUFPB<\/em><\/p>\n","protected":false},"excerpt":{"rendered":"<p>A edi\u00e7\u00e3o desta semana do jornal AdufInforma Expresso destaca o 27\u00aa Grito dos Exclu\u00eddos e Exclu\u00eddas, que sair\u00e1 \u00e0s ruas do pa\u00eds na pr\u00f3xima ter\u00e7a-feira, 7 de setembro. Conversamos com organizadores do movimento para trazer os detalhes do protesto deste ano e explicar as principais bandeiras de luta. O AdufInforma tamb\u00e9m traz mat\u00e9ria sobre a&hellip;<\/p>\n","protected":false},"author":3,"featured_media":25648,"comment_status":"closed","ping_status":"closed","sticky":false,"template":"","format":"standard","meta":{"footnotes":""},"categories":[1405,15,417],"tags":[872,221,379,1395,1456,1449],"class_list":["post-25646","post","type-post","status-publish","format-standard","has-post-thumbnail","hentry","category-chamada-principal","category-noticias","category-noticias-destaque","tag-7-de-setembro","tag-adufinforma","tag-grito-dos-excluidos","tag-mostra-sakura-ipe","tag-pec-32","tag-reforma-administrativa","category-1405","category-15","category-417","description-off"],"_links":{"self":[{"href":"https:\/\/www.adufpb.org.br\/site\/wp-json\/wp\/v2\/posts\/25646","targetHints":{"allow":["GET"]}}],"collection":[{"href":"https:\/\/www.adufpb.org.br\/site\/wp-json\/wp\/v2\/posts"}],"about":[{"href":"https:\/\/www.adufpb.org.br\/site\/wp-json\/wp\/v2\/types\/post"}],"author":[{"embeddable":true,"href":"https:\/\/www.adufpb.org.br\/site\/wp-json\/wp\/v2\/users\/3"}],"replies":[{"embeddable":true,"href":"https:\/\/www.adufpb.org.br\/site\/wp-json\/wp\/v2\/comments?post=25646"}],"version-history":[{"count":2,"href":"https:\/\/www.adufpb.org.br\/site\/wp-json\/wp\/v2\/posts\/25646\/revisions"}],"predecessor-version":[{"id":25651,"href":"https:\/\/www.adufpb.org.br\/site\/wp-json\/wp\/v2\/posts\/25646\/revisions\/25651"}],"wp:featuredmedia":[{"embeddable":true,"href":"https:\/\/www.adufpb.org.br\/site\/wp-json\/wp\/v2\/media\/25648"}],"wp:attachment":[{"href":"https:\/\/www.adufpb.org.br\/site\/wp-json\/wp\/v2\/media?parent=25646"}],"wp:term":[{"taxonomy":"category","embeddable":true,"href":"https:\/\/www.adufpb.org.br\/site\/wp-json\/wp\/v2\/categories?post=25646"},{"taxonomy":"post_tag","embeddable":true,"href":"https:\/\/www.adufpb.org.br\/site\/wp-json\/wp\/v2\/tags?post=25646"}],"curies":[{"name":"wp","href":"https:\/\/api.w.org\/{rel}","templated":true}]}}