{"id":2564,"date":"2012-02-29T10:23:26","date_gmt":"2012-02-29T14:23:26","guid":{"rendered":"http:\/\/www.adufpb.org.br\/site\/hospital-universitario-nao-pode-ser-uma-empresa\/"},"modified":"2014-02-19T16:14:53","modified_gmt":"2014-02-19T20:14:53","slug":"hospital-universitario-nao-pode-ser-uma-empresa","status":"publish","type":"post","link":"https:\/\/www.adufpb.org.br\/site\/hospital-universitario-nao-pode-ser-uma-empresa\/","title":{"rendered":"Hospital  Universit\u00e1rio n\u00e3o pode ser uma empresa"},"content":{"rendered":"<div id=\"_mcePaste\" style=\"position: absolute; left: -10000px; top: 0px; width: 1px; height: 1px; overflow-x: hidden; overflow-y: hidden;\">Hospital \u00a0Universit\u00e1rio n\u00e3o pode ser uma empresa.<\/div>\n<div id=\"_mcePaste\" style=\"position: absolute; left: -10000px; top: 0px; width: 1px; height: 1px; overflow-x: hidden; overflow-y: hidden;\">HU \u00e9 ensino, pesquisa e extens\u00e3o!<\/div>\n<p>HU \u00e9 ensino, pesquisa e extens\u00e3o!<\/p>\n<p>A aus\u00eancia de um debate p\u00fablico e ampliado no \u00e2mbito da UFPB no que se refere \u00e0 cria\u00e7\u00e3o da Empresa Brasileira de Servi\u00e7os Hospitalares n\u00e3o quer dizer que a transfer\u00eancia da administra\u00e7\u00e3o do nosso Hospital Universit\u00e1rio para m\u00e3os dessa empresa de direito privado \u00e9 uma realidade distante.<\/p>\n<p>Tal empresa foi criada mediante o discurso privatizante de se viabilizar nos servi\u00e7os p\u00fablicos de assist\u00eancia m\u00e9dico-hospitalar e ambulatorial executados pelos hospitais das universidades p\u00fablicas federais um modelo de \u201cgest\u00e3o mais \u00e1gil, eficiente e compat\u00edvel\u201d com as compet\u00eancias desses hospitais. Discurso que encobre na verdade mais um cap\u00edtulo do amplo processo de transfer\u00eancia de responsabilidades do p\u00fablico para o privado no \u00e2mbito da sa\u00fade brasileira. Se j\u00e1 n\u00e3o bastassem as terceiriza\u00e7\u00f5es, privatiza\u00e7\u00f5es dos servi\u00e7os de sa\u00fade do pa\u00eds pretendem agora destruir a fun\u00e7\u00e3o acad\u00eamica e pedag\u00f3gica dos hospitais universit\u00e1rios.<\/p>\n<p>Na busca de suscitar e envolver a comunidade acad\u00eamica da UFPB nesse debate, para que n\u00e3o sejamos apanhados de surpresa com a implanta\u00e7\u00e3o da EBSERH no HULW, o F\u00f3rum em Defesa do SUS e contra as Privatiza\u00e7\u00f5es, o SINTESP e a ADUFPB, estar\u00e3o realizando um Semin\u00e1rio sobre a EBSERH no dia 13 de mar\u00e7o do corrente ano, das 09h00 \u00e0s 17h00, no audit\u00f3rio do HUWL-UFPB.<\/p>\n<p>Participe desta Luta! N\u00e3o deixe que o HU seja transformado numa empresa de servi\u00e7os de sa\u00fade.<\/p>\n<p>F\u00f3rum em Defesa do SUS e contra as Privatiza\u00e7\u00f5es<\/p>\n","protected":false},"excerpt":{"rendered":"<p>Hospital \u00a0Universit\u00e1rio n\u00e3o pode ser uma empresa. HU \u00e9 ensino, pesquisa e extens\u00e3o! HU \u00e9 ensino, pesquisa e extens\u00e3o! A aus\u00eancia de um debate p\u00fablico e ampliado no \u00e2mbito da UFPB no que se refere \u00e0 cria\u00e7\u00e3o da Empresa Brasileira de Servi\u00e7os Hospitalares n\u00e3o quer dizer que a transfer\u00eancia da administra\u00e7\u00e3o do nosso Hospital Universit\u00e1rio&hellip;<\/p>\n","protected":false},"author":1,"featured_media":0,"comment_status":"open","ping_status":"open","sticky":false,"template":"","format":"standard","meta":{"footnotes":""},"categories":[16],"tags":[],"class_list":["post-2564","post","type-post","status-publish","format-standard","hentry","category-artigos","category-16","description-off"],"_links":{"self":[{"href":"https:\/\/www.adufpb.org.br\/site\/wp-json\/wp\/v2\/posts\/2564","targetHints":{"allow":["GET"]}}],"collection":[{"href":"https:\/\/www.adufpb.org.br\/site\/wp-json\/wp\/v2\/posts"}],"about":[{"href":"https:\/\/www.adufpb.org.br\/site\/wp-json\/wp\/v2\/types\/post"}],"author":[{"embeddable":true,"href":"https:\/\/www.adufpb.org.br\/site\/wp-json\/wp\/v2\/users\/1"}],"replies":[{"embeddable":true,"href":"https:\/\/www.adufpb.org.br\/site\/wp-json\/wp\/v2\/comments?post=2564"}],"version-history":[{"count":1,"href":"https:\/\/www.adufpb.org.br\/site\/wp-json\/wp\/v2\/posts\/2564\/revisions"}],"predecessor-version":[{"id":8024,"href":"https:\/\/www.adufpb.org.br\/site\/wp-json\/wp\/v2\/posts\/2564\/revisions\/8024"}],"wp:attachment":[{"href":"https:\/\/www.adufpb.org.br\/site\/wp-json\/wp\/v2\/media?parent=2564"}],"wp:term":[{"taxonomy":"category","embeddable":true,"href":"https:\/\/www.adufpb.org.br\/site\/wp-json\/wp\/v2\/categories?post=2564"},{"taxonomy":"post_tag","embeddable":true,"href":"https:\/\/www.adufpb.org.br\/site\/wp-json\/wp\/v2\/tags?post=2564"}],"curies":[{"name":"wp","href":"https:\/\/api.w.org\/{rel}","templated":true}]}}