{"id":2556,"date":"2012-02-24T09:16:43","date_gmt":"2012-02-24T13:16:43","guid":{"rendered":"http:\/\/www.adufpb.org.br\/site\/abertura-da-campanha-da-fraternidade-lembrara-vera\/"},"modified":"2012-02-24T09:16:43","modified_gmt":"2012-02-24T13:16:43","slug":"abertura-da-campanha-da-fraternidade-lembrara-vera","status":"publish","type":"post","link":"https:\/\/www.adufpb.org.br\/site\/abertura-da-campanha-da-fraternidade-lembrara-vera\/","title":{"rendered":"Abertura da Campanha da Fraternidade lembrar\u00e1 Vera"},"content":{"rendered":"<div id=\"_mcePaste\" style=\"position: absolute; left: -10000px; top: 0px; width: 1px; height: 1px; overflow-x: hidden; overflow-y: hidden;\">Nesta sexta-feira (24.02), \u00e0s 19h30, ser\u00e1 realizada a abertura da Campanha da Fraternidade, no Espa\u00e7o Cultural, em Jo\u00e3o Pessoa. Na ocasi\u00e3o, a professora Vera Amaral ser\u00e1 homenageada (in memorian). Este ano, o tema da campanha \u00e9 Fraternidade e Sa\u00fade P\u00fablica, \u00e1rea em que a professora foi incans\u00e1vel militante em nosso Estado.<\/div>\n<div id=\"_mcePaste\" style=\"position: absolute; left: -10000px; top: 0px; width: 1px; height: 1px; overflow-x: hidden; overflow-y: hidden;\">A professora Vera nos deixou no dia 21 de janeiro. Ela atuou na ADUFPB como presidente (1993-1994), como vice-presidente (1991-1992; 1987-1988) e como secret\u00e1ria-geral (1986-1987; 1985-1986) e no Andes-SN foi suplente da Vice-Presid\u00eancia Regional NE II (1988-1990).<\/div>\n<div id=\"_mcePaste\" style=\"position: absolute; left: -10000px; top: 0px; width: 1px; height: 1px; overflow-x: hidden; overflow-y: hidden;\">A Arquidiocese da Para\u00edba volta a sediar a abertura oficial da Campanha da Fraternidade no Regional Nordeste 2 da CNBB, que compreende quatro Prov\u00edncias Eclesi\u00e1sticas (Para\u00edba, Rio Grande do Norte, Pernambuco e Alagoas).<\/div>\n<div id=\"_mcePaste\" style=\"position: absolute; left: -10000px; top: 0px; width: 1px; height: 1px; overflow-x: hidden; overflow-y: hidden;\">O objetivo geral da CNBB \u00e9 \u00e9 refletir sobre a realidade da sa\u00fade no Brasil, al\u00e9m de sensibilizar os governos por uma sistema p\u00fablico de sa\u00fade melhor. O lema \u00e9 &#8220;Que a sa\u00fade se difunda sobre a terra&#8221;.<\/div>\n<p>Nesta sexta-feira (24.02), \u00e0s 19h30, ser\u00e1 realizada a abertura da Campanha da Fraternidade, no Espa\u00e7o Cultural, em Jo\u00e3o Pessoa. Na ocasi\u00e3o, a professora Vera Amaral ser\u00e1 homenageada (in memorian). Este ano, o tema da campanha \u00e9 Fraternidade e Sa\u00fade P\u00fablica, \u00e1rea em que a professora foi incans\u00e1vel militante em nosso Estado.<\/p>\n<p>A professora Vera nos deixou no dia 21 de janeiro. Ela atuou na ADUFPB como presidente (1993-1994), como vice-presidente (1991-1992; 1987-1988) e como secret\u00e1ria-geral (1986-1987; 1985-1986) e no Andes-SN foi suplente da Vice-Presid\u00eancia Regional NE II (1988-1990).<\/p>\n<p>A Arquidiocese da Para\u00edba volta a sediar a abertura oficial da Campanha da Fraternidade no Regional Nordeste 2 da CNBB, que compreende quatro Prov\u00edncias Eclesi\u00e1sticas (Para\u00edba, Rio Grande do Norte, Pernambuco e Alagoas).<\/p>\n<p>O objetivo geral da CNBB \u00e9 \u00e9 refletir sobre a realidade da sa\u00fade no Brasil, al\u00e9m de sensibilizar os governos por uma sistema p\u00fablico de sa\u00fade melhor. O lema \u00e9 &#8220;Que a sa\u00fade se difunda sobre a terra&#8221;.<\/p>\n","protected":false},"excerpt":{"rendered":"<p>Nesta sexta-feira (24.02), \u00e0s 19h30, ser\u00e1 realizada a abertura da Campanha da Fraternidade, no Espa\u00e7o Cultural, em Jo\u00e3o Pessoa. Na ocasi\u00e3o, a professora Vera Amaral ser\u00e1 homenageada (in memorian). Este ano, o tema da campanha \u00e9 Fraternidade e Sa\u00fade P\u00fablica, \u00e1rea em que a professora foi incans\u00e1vel militante em nosso Estado. A professora Vera nos&hellip;<\/p>\n","protected":false},"author":1,"featured_media":0,"comment_status":"open","ping_status":"open","sticky":false,"template":"","format":"standard","meta":{"footnotes":""},"categories":[1],"tags":[],"class_list":["post-2556","post","type-post","status-publish","format-standard","hentry","category-agenda","category-1","description-off"],"_links":{"self":[{"href":"https:\/\/www.adufpb.org.br\/site\/wp-json\/wp\/v2\/posts\/2556","targetHints":{"allow":["GET"]}}],"collection":[{"href":"https:\/\/www.adufpb.org.br\/site\/wp-json\/wp\/v2\/posts"}],"about":[{"href":"https:\/\/www.adufpb.org.br\/site\/wp-json\/wp\/v2\/types\/post"}],"author":[{"embeddable":true,"href":"https:\/\/www.adufpb.org.br\/site\/wp-json\/wp\/v2\/users\/1"}],"replies":[{"embeddable":true,"href":"https:\/\/www.adufpb.org.br\/site\/wp-json\/wp\/v2\/comments?post=2556"}],"version-history":[{"count":0,"href":"https:\/\/www.adufpb.org.br\/site\/wp-json\/wp\/v2\/posts\/2556\/revisions"}],"wp:attachment":[{"href":"https:\/\/www.adufpb.org.br\/site\/wp-json\/wp\/v2\/media?parent=2556"}],"wp:term":[{"taxonomy":"category","embeddable":true,"href":"https:\/\/www.adufpb.org.br\/site\/wp-json\/wp\/v2\/categories?post=2556"},{"taxonomy":"post_tag","embeddable":true,"href":"https:\/\/www.adufpb.org.br\/site\/wp-json\/wp\/v2\/tags?post=2556"}],"curies":[{"name":"wp","href":"https:\/\/api.w.org\/{rel}","templated":true}]}}