{"id":25484,"date":"2021-08-25T00:01:46","date_gmt":"2021-08-25T03:01:46","guid":{"rendered":"https:\/\/www.adufpb.org.br\/site\/?p=25484"},"modified":"2021-09-06T14:00:18","modified_gmt":"2021-09-06T17:00:18","slug":"live-nesta-quinta-feira-26-debate-os-prejuizos-das-intervencoes-nas-ifes","status":"publish","type":"post","link":"https:\/\/www.adufpb.org.br\/site\/live-nesta-quinta-feira-26-debate-os-prejuizos-das-intervencoes-nas-ifes\/","title":{"rendered":"Live nesta quinta-feira (26) debate os preju\u00edzos das interven\u00e7\u00f5es nas IFES"},"content":{"rendered":"<p><a class=\"dt-pswp-item\" href=\"https:\/\/www.adufpb.org.br\/site\/wp-content\/uploads\/2021\/08\/2021.08.26-live-adur-rj-semana-contra-as-intervencoes.jpeg\" data-dt-img-description=\"\" data-large_image_width=\"1080\" data-large_image_height=\"1080\"><img loading=\"lazy\" decoding=\"async\" class=\"alignright size-medium wp-image-25485\" src=\"https:\/\/www.adufpb.org.br\/site\/wp-content\/uploads\/2021\/08\/2021.08.26-live-adur-rj-semana-contra-as-intervencoes-300x300.jpeg\" alt=\"\" width=\"300\" height=\"300\" srcset=\"https:\/\/www.adufpb.org.br\/site\/wp-content\/uploads\/2021\/08\/2021.08.26-live-adur-rj-semana-contra-as-intervencoes-300x300.jpeg 300w, https:\/\/www.adufpb.org.br\/site\/wp-content\/uploads\/2021\/08\/2021.08.26-live-adur-rj-semana-contra-as-intervencoes-1024x1024.jpeg 1024w, https:\/\/www.adufpb.org.br\/site\/wp-content\/uploads\/2021\/08\/2021.08.26-live-adur-rj-semana-contra-as-intervencoes-150x150.jpeg 150w, https:\/\/www.adufpb.org.br\/site\/wp-content\/uploads\/2021\/08\/2021.08.26-live-adur-rj-semana-contra-as-intervencoes-768x768.jpeg 768w, https:\/\/www.adufpb.org.br\/site\/wp-content\/uploads\/2021\/08\/2021.08.26-live-adur-rj-semana-contra-as-intervencoes-250x250.jpeg 250w, https:\/\/www.adufpb.org.br\/site\/wp-content\/uploads\/2021\/08\/2021.08.26-live-adur-rj-semana-contra-as-intervencoes.jpeg 1080w\" sizes=\"auto, (max-width: 300px) 100vw, 300px\" \/><\/a>Dentro da programa\u00e7\u00e3o da Semana Nacional de Luta Contra as Interven\u00e7\u00f5es nas IFES, convocada pelo Andes &#8211; Sindicato Nacional, ser\u00e1 realizada nesta quinta-feira (26) a live &#8220;As interven\u00e7\u00f5es nas IFES e seus malef\u00edcios&#8221;, organizada pela Adur-RJ (Sindicato dos Docentes da UFRRJ).<\/p>\n<p>O debate, que come\u00e7a \u00e0s 14h, ter\u00e1 a participa\u00e7\u00e3o do presidente da ADUFPB, Fernando Cunha. Tamb\u00e9m contar\u00e1 com a presen\u00e7a de Marina Cordeiro, da Adur-RJ, Vivian Aires, t\u00e9cnica-administrativa da UFRGS, e L\u00facia Valadares, da Adur-RJ. A transmiss\u00e3o ser\u00e1 feita pelo canal da Adur-RJ no Youtube.<\/p>\n<p><strong>AGENDE-SE<\/strong><br \/>\n<em><strong>Live &#8220;As interven\u00e7\u00f5es nas IFES e seus malef\u00edcios&#8221;<\/strong><\/em><\/p>\n<p><strong>Data:<\/strong> quinta-feira, 26 de agosto<br \/>\n<strong>Hor\u00e1rio:<\/strong> 14h<br \/>\n<strong>Transmiss\u00e3o:<\/strong> Youtube da Adur-RJ<\/p>\n<p><em>Fonte: Ascom ADUFPB<\/em><\/p>\n","protected":false},"excerpt":{"rendered":"<p>Dentro da programa\u00e7\u00e3o da Semana Nacional de Luta Contra as Interven\u00e7\u00f5es nas IFES, convocada pelo Andes &#8211; Sindicato Nacional, ser\u00e1 realizada nesta quinta-feira (26) a live &#8220;As interven\u00e7\u00f5es nas IFES e seus malef\u00edcios&#8221;, organizada pela Adur-RJ (Sindicato dos Docentes da UFRRJ). O debate, que come\u00e7a \u00e0s 14h, ter\u00e1 a participa\u00e7\u00e3o do presidente da ADUFPB, Fernando&hellip;<\/p>\n","protected":false},"author":3,"featured_media":25485,"comment_status":"closed","ping_status":"closed","sticky":false,"template":"","format":"standard","meta":{"footnotes":""},"categories":[15,417],"tags":[],"class_list":["post-25484","post","type-post","status-publish","format-standard","has-post-thumbnail","hentry","category-noticias","category-noticias-destaque","category-15","category-417","description-off"],"_links":{"self":[{"href":"https:\/\/www.adufpb.org.br\/site\/wp-json\/wp\/v2\/posts\/25484","targetHints":{"allow":["GET"]}}],"collection":[{"href":"https:\/\/www.adufpb.org.br\/site\/wp-json\/wp\/v2\/posts"}],"about":[{"href":"https:\/\/www.adufpb.org.br\/site\/wp-json\/wp\/v2\/types\/post"}],"author":[{"embeddable":true,"href":"https:\/\/www.adufpb.org.br\/site\/wp-json\/wp\/v2\/users\/3"}],"replies":[{"embeddable":true,"href":"https:\/\/www.adufpb.org.br\/site\/wp-json\/wp\/v2\/comments?post=25484"}],"version-history":[{"count":1,"href":"https:\/\/www.adufpb.org.br\/site\/wp-json\/wp\/v2\/posts\/25484\/revisions"}],"predecessor-version":[{"id":25486,"href":"https:\/\/www.adufpb.org.br\/site\/wp-json\/wp\/v2\/posts\/25484\/revisions\/25486"}],"wp:featuredmedia":[{"embeddable":true,"href":"https:\/\/www.adufpb.org.br\/site\/wp-json\/wp\/v2\/media\/25485"}],"wp:attachment":[{"href":"https:\/\/www.adufpb.org.br\/site\/wp-json\/wp\/v2\/media?parent=25484"}],"wp:term":[{"taxonomy":"category","embeddable":true,"href":"https:\/\/www.adufpb.org.br\/site\/wp-json\/wp\/v2\/categories?post=25484"},{"taxonomy":"post_tag","embeddable":true,"href":"https:\/\/www.adufpb.org.br\/site\/wp-json\/wp\/v2\/tags?post=25484"}],"curies":[{"name":"wp","href":"https:\/\/api.w.org\/{rel}","templated":true}]}}