{"id":25460,"date":"2021-08-20T17:31:14","date_gmt":"2021-08-20T20:31:14","guid":{"rendered":"https:\/\/www.adufpb.org.br\/site\/?p=25460"},"modified":"2021-08-26T00:53:49","modified_gmt":"2021-08-26T03:53:49","slug":"nova-edicao-do-adufinforma-expresso-traz-balanco-das-principais-acoes-do-juridico","status":"publish","type":"post","link":"https:\/\/www.adufpb.org.br\/site\/nova-edicao-do-adufinforma-expresso-traz-balanco-das-principais-acoes-do-juridico\/","title":{"rendered":"Nova edi\u00e7\u00e3o do AdufInforma Expresso traz balan\u00e7o das principais a\u00e7\u00f5es do jur\u00eddico"},"content":{"rendered":"<p><a href=\"https:\/\/www.adufpb.org.br\/site\/wp-content\/uploads\/2021\/08\/ADUFINFORMA-EXPRESSO-5-20-08-2021.pdf\"><img loading=\"lazy\" decoding=\"async\" class=\"alignright size-medium wp-image-25462\" src=\"https:\/\/www.adufpb.org.br\/site\/wp-content\/uploads\/2021\/08\/capa-adufpinforma-5a-edicao-211x300.jpeg\" alt=\"\" width=\"211\" height=\"300\" srcset=\"https:\/\/www.adufpb.org.br\/site\/wp-content\/uploads\/2021\/08\/capa-adufpinforma-5a-edicao-211x300.jpeg 211w, https:\/\/www.adufpb.org.br\/site\/wp-content\/uploads\/2021\/08\/capa-adufpinforma-5a-edicao-250x355.jpeg 250w, https:\/\/www.adufpb.org.br\/site\/wp-content\/uploads\/2021\/08\/capa-adufpinforma-5a-edicao.jpeg 583w\" sizes=\"auto, (max-width: 211px) 100vw, 211px\" \/><\/a>J\u00e1 est\u00e1 circulando a nova edi\u00e7\u00e3o do jornal AdufInforma Expresso. Esta semana, a publica\u00e7\u00e3o destaca o balan\u00e7o feito pelo assessor jur\u00eddico da ADUFPB, o advogado Paulo Guedes, a respeito do andamento de algumas das principais a\u00e7\u00f5es impetradas pela entidade: o artigo 192, o processo dos 28,84% e as progress\u00f5es funcionais.<\/p>\n<p>Os leitores do AdufInforma tamb\u00e9m ir\u00e3o encontrar nesta edi\u00e7\u00e3o a cobertura fotogr\u00e1fica do ato p\u00fablico realizado em Jo\u00e3o Pessoa na \u00faltima quarta-feira (18), dentro das atividades da greve nacional dos servidores. A atividade ocorreu em frente \u00e0 Receita Federal, na avenida Epit\u00e1cio Pessoa, e contou com a participa\u00e7\u00e3o da ADUFPB, al\u00e9m de v\u00e1rias entidades representativas do funcionalismo p\u00fablico e de outras categorias de trabalhadores.<\/p>\n<p>O jornal AdufInforma Expresso est\u00e1 dispon\u00edvel no site da ADUFPB (www.adufpb.org.br) e pode ser solicitado por e-mail (adufpb@terra.com.br) ou por Whatsapp (99645-7000). Clique na imagem ao lado para fazer o download do PDF ou ent\u00e3o\u00a0<a href=\"https:\/\/www.adufpb.org.br\/site\/wp-content\/uploads\/2021\/08\/ADUFINFORMA-EXPRESSO-5-20-08-2021.pdf\" target=\"_blank\" rel=\"noopener noreferrer\">aqui<\/a>.<\/p>\n<p><em>Fonte: Ascom ADUFPB<\/em><\/p>\n","protected":false},"excerpt":{"rendered":"<p>J\u00e1 est\u00e1 circulando a nova edi\u00e7\u00e3o do jornal AdufInforma Expresso. Esta semana, a publica\u00e7\u00e3o destaca o balan\u00e7o feito pelo assessor jur\u00eddico da ADUFPB, o advogado Paulo Guedes, a respeito do andamento de algumas das principais a\u00e7\u00f5es impetradas pela entidade: o artigo 192, o processo dos 28,84% e as progress\u00f5es funcionais. Os leitores do AdufInforma tamb\u00e9m&hellip;<\/p>\n","protected":false},"author":3,"featured_media":25462,"comment_status":"closed","ping_status":"closed","sticky":false,"template":"","format":"standard","meta":{"footnotes":""},"categories":[1405,15,417],"tags":[221,467,533,1098],"class_list":["post-25460","post","type-post","status-publish","format-standard","has-post-thumbnail","hentry","category-chamada-principal","category-noticias","category-noticias-destaque","tag-adufinforma","tag-assuntos-juridicos","tag-ato-publico","tag-greve-nacional","category-1405","category-15","category-417","description-off"],"_links":{"self":[{"href":"https:\/\/www.adufpb.org.br\/site\/wp-json\/wp\/v2\/posts\/25460","targetHints":{"allow":["GET"]}}],"collection":[{"href":"https:\/\/www.adufpb.org.br\/site\/wp-json\/wp\/v2\/posts"}],"about":[{"href":"https:\/\/www.adufpb.org.br\/site\/wp-json\/wp\/v2\/types\/post"}],"author":[{"embeddable":true,"href":"https:\/\/www.adufpb.org.br\/site\/wp-json\/wp\/v2\/users\/3"}],"replies":[{"embeddable":true,"href":"https:\/\/www.adufpb.org.br\/site\/wp-json\/wp\/v2\/comments?post=25460"}],"version-history":[{"count":1,"href":"https:\/\/www.adufpb.org.br\/site\/wp-json\/wp\/v2\/posts\/25460\/revisions"}],"predecessor-version":[{"id":25463,"href":"https:\/\/www.adufpb.org.br\/site\/wp-json\/wp\/v2\/posts\/25460\/revisions\/25463"}],"wp:featuredmedia":[{"embeddable":true,"href":"https:\/\/www.adufpb.org.br\/site\/wp-json\/wp\/v2\/media\/25462"}],"wp:attachment":[{"href":"https:\/\/www.adufpb.org.br\/site\/wp-json\/wp\/v2\/media?parent=25460"}],"wp:term":[{"taxonomy":"category","embeddable":true,"href":"https:\/\/www.adufpb.org.br\/site\/wp-json\/wp\/v2\/categories?post=25460"},{"taxonomy":"post_tag","embeddable":true,"href":"https:\/\/www.adufpb.org.br\/site\/wp-json\/wp\/v2\/tags?post=25460"}],"curies":[{"name":"wp","href":"https:\/\/api.w.org\/{rel}","templated":true}]}}