{"id":25392,"date":"2021-08-11T13:50:44","date_gmt":"2021-08-11T16:50:44","guid":{"rendered":"https:\/\/www.adufpb.org.br\/site\/?p=25392"},"modified":"2021-08-17T19:14:13","modified_gmt":"2021-08-17T22:14:13","slug":"abertas-inscricoes-para-o-10-concurso-de-fotografia-da-adufpb","status":"publish","type":"post","link":"https:\/\/www.adufpb.org.br\/site\/abertas-inscricoes-para-o-10-concurso-de-fotografia-da-adufpb\/","title":{"rendered":"Abertas inscri\u00e7\u00f5es para o 10\u00b0 Concurso de Fotografia da ADUFPB"},"content":{"rendered":"<p><a class=\"dt-pswp-item\" href=\"https:\/\/www.adufpb.org.br\/site\/wp-content\/uploads\/2021\/08\/IMG-20210811-WA0004.jpg\" data-dt-img-description=\"\" data-large_image_width=\"1087\" data-large_image_height=\"1083\"><img loading=\"lazy\" decoding=\"async\" class=\"alignright size-medium wp-image-25393\" src=\"https:\/\/www.adufpb.org.br\/site\/wp-content\/uploads\/2021\/08\/IMG-20210811-WA0004-300x300.jpg\" alt=\"\" width=\"300\" height=\"300\" srcset=\"https:\/\/www.adufpb.org.br\/site\/wp-content\/uploads\/2021\/08\/IMG-20210811-WA0004-300x300.jpg 300w, https:\/\/www.adufpb.org.br\/site\/wp-content\/uploads\/2021\/08\/IMG-20210811-WA0004-1024x1020.jpg 1024w, https:\/\/www.adufpb.org.br\/site\/wp-content\/uploads\/2021\/08\/IMG-20210811-WA0004-150x150.jpg 150w, https:\/\/www.adufpb.org.br\/site\/wp-content\/uploads\/2021\/08\/IMG-20210811-WA0004-768x765.jpg 768w, https:\/\/www.adufpb.org.br\/site\/wp-content\/uploads\/2021\/08\/IMG-20210811-WA0004-250x249.jpg 250w, https:\/\/www.adufpb.org.br\/site\/wp-content\/uploads\/2021\/08\/IMG-20210811-WA0004.jpg 1087w\" sizes=\"auto, (max-width: 300px) 100vw, 300px\" \/><\/a>Est\u00e3o abertas as inscri\u00e7\u00f5es para o 10\u00ba Concurso de Fotografia da ADUFPB, promovido anualmente com o objetivo de estimular e divulgar o talento e a criatividade fotogr\u00e1fica dos(as) docentes sindicalizados(as). O envio das imagens pode ser feito at\u00e9 o dia 10 de setembro, exclusivamente pelo site da entidade (<a href=\"http:\/\/www.adufpb.org.br\">www.adufpb.org.br<\/a>).<\/p>\n<p><span style=\"font-weight: 400;\">Uma Comiss\u00e3o Julgadora vai selecionar os tr\u00eas primeiros lugares, que ir\u00e3o receber um leitor de livros digitais (e-books e e-pubs) Kindle Paperwhite 8 GB. O aparelho permite aos usu\u00e1rios comprar, baixar, pesquisar e, principalmente, ler livros digitais, jornais, revistas e outras m\u00eddias digitais via rede sem fio (wi-fi).<\/span><\/p>\n<p><span style=\"font-weight: 400;\">Este ano, o tema ser\u00e1 &#8220;Po\u00e9tica do Olhar&#8221;, proporcionando diversas possibilidades de produ\u00e7\u00e3o de imagens fotogr\u00e1ficas criativas a partir de como observamos o mundo ao redor e o seu potencial imag\u00e9tico, sejam imagens de produ\u00e7\u00e3o recente, captadas durante o isolamento ou nos per\u00edodos de flexibiliza\u00e7\u00e3o social, assim como de arquivos de \u00e1lbuns fotogr\u00e1ficos, com registros imag\u00e9ticos realizados antes da pandemia da covid-19 e do distanciamento social. As fotos podem ser produzidas por equipamentos fotogr\u00e1ficos profissionais, amadores e at\u00e9 mesmo por aparelhos m\u00f3veis, como celular e tablet.\u00a0<\/span><\/p>\n<p><b>Como se inscrever<\/b><\/p>\n<p><span style=\"font-weight: 400;\">Para se inscrever, o interessado deve acessar o site da ADUFPB, ler o regulamento do concurso, preencher a ficha de inscri\u00e7\u00e3o e anexar as imagens. Podem ser enviadas at\u00e9 tr\u00eas fotografias. Elas devem estar em formato JPG, com boa resolu\u00e7\u00e3o para impress\u00e3o e com legenda (identifica\u00e7\u00e3o do arquivo digital) com o nome do autor (veja mais detalhes no regulamento do concurso <a href=\"https:\/\/www.adufpb.org.br\/site\/wp-content\/uploads\/2021\/08\/REGULAMENTO-OFICIAL-DO-10-CONCURSO-FOTOGRAFICO-2021.pdf\" target=\"_blank\" rel=\"noopener noreferrer\">clicando aqui<\/a>).<\/span><\/p>\n<p><b>Agenda 2022<\/b><\/p>\n<p><span style=\"font-weight: 400;\">Parte das imagens inscritas para o 10\u00ba Concurso da ADUFPB ser\u00e3o utilizadas para ilustrar as p\u00e1ginas da Agenda ADUFPB 2022. Diferente de anos anteriores, a capa da publica\u00e7\u00e3o n\u00e3o ser\u00e1 mais necessariamente a foto vencedora do concurso. Desta vez, ela ser\u00e1 selecionada pela Comiss\u00e3o Editorial da Agenda, levando em conta crit\u00e9rios est\u00e9ticos e editoriais que valorizem a marca da ADUFPB e o design da publica\u00e7\u00e3o, proporcionando mais beleza.<\/span><\/p>\n<p><a href=\"https:\/\/www.adufpb.org.br\/site\/concurso-fotografico\/\" target=\"_blank\" rel=\"noopener noreferrer\">Clique aqui para ir para a p\u00e1gina de inscri\u00e7\u00e3o.<\/a><\/p>\n<p><em>Fonte: Ascom ADUFPB<\/em><\/p>\n","protected":false},"excerpt":{"rendered":"<p>Est\u00e3o abertas as inscri\u00e7\u00f5es para o 10\u00ba Concurso de Fotografia da ADUFPB, promovido anualmente com o objetivo de estimular e divulgar o talento e a criatividade fotogr\u00e1fica dos(as) docentes sindicalizados(as). O envio das imagens pode ser feito at\u00e9 o dia 10 de setembro, exclusivamente pelo site da entidade (www.adufpb.org.br). Uma Comiss\u00e3o Julgadora vai selecionar os&hellip;<\/p>\n","protected":false},"author":3,"featured_media":25398,"comment_status":"closed","ping_status":"closed","sticky":false,"template":"","format":"standard","meta":{"footnotes":""},"categories":[1405,15,417],"tags":[],"class_list":["post-25392","post","type-post","status-publish","format-standard","has-post-thumbnail","hentry","category-chamada-principal","category-noticias","category-noticias-destaque","category-1405","category-15","category-417","description-off"],"_links":{"self":[{"href":"https:\/\/www.adufpb.org.br\/site\/wp-json\/wp\/v2\/posts\/25392","targetHints":{"allow":["GET"]}}],"collection":[{"href":"https:\/\/www.adufpb.org.br\/site\/wp-json\/wp\/v2\/posts"}],"about":[{"href":"https:\/\/www.adufpb.org.br\/site\/wp-json\/wp\/v2\/types\/post"}],"author":[{"embeddable":true,"href":"https:\/\/www.adufpb.org.br\/site\/wp-json\/wp\/v2\/users\/3"}],"replies":[{"embeddable":true,"href":"https:\/\/www.adufpb.org.br\/site\/wp-json\/wp\/v2\/comments?post=25392"}],"version-history":[{"count":4,"href":"https:\/\/www.adufpb.org.br\/site\/wp-json\/wp\/v2\/posts\/25392\/revisions"}],"predecessor-version":[{"id":25397,"href":"https:\/\/www.adufpb.org.br\/site\/wp-json\/wp\/v2\/posts\/25392\/revisions\/25397"}],"wp:featuredmedia":[{"embeddable":true,"href":"https:\/\/www.adufpb.org.br\/site\/wp-json\/wp\/v2\/media\/25398"}],"wp:attachment":[{"href":"https:\/\/www.adufpb.org.br\/site\/wp-json\/wp\/v2\/media?parent=25392"}],"wp:term":[{"taxonomy":"category","embeddable":true,"href":"https:\/\/www.adufpb.org.br\/site\/wp-json\/wp\/v2\/categories?post=25392"},{"taxonomy":"post_tag","embeddable":true,"href":"https:\/\/www.adufpb.org.br\/site\/wp-json\/wp\/v2\/tags?post=25392"}],"curies":[{"name":"wp","href":"https:\/\/api.w.org\/{rel}","templated":true}]}}