{"id":25308,"date":"2021-07-30T11:04:15","date_gmt":"2021-07-30T14:04:15","guid":{"rendered":"https:\/\/www.adufpb.org.br\/site\/?p=25308"},"modified":"2021-08-11T13:53:15","modified_gmt":"2021-08-11T16:53:15","slug":"terceira-conferencia-tematica-do-conepe-2021-debate-educacao-e-diversidade","status":"publish","type":"post","link":"https:\/\/www.adufpb.org.br\/site\/terceira-conferencia-tematica-do-conepe-2021-debate-educacao-e-diversidade\/","title":{"rendered":"Terceira confer\u00eancia tem\u00e1tica do Conepe 2021 debate educa\u00e7\u00e3o e diversidade"},"content":{"rendered":"<p><span style=\"font-weight: 400;\">Foi realizada na \u00faltima quinta-feira (29\/7) a terceira confer\u00eancia tem\u00e1tica da Conepe 2021 (Confer\u00eancia Estadual Popular de Educa\u00e7\u00e3o da Para\u00edba), organizada pelo F\u00f3rum Estadual de Educa\u00e7\u00e3o da Para\u00edba (FEEPB). Segundo a professora Rita Porto, diretora de Diretora de Pol\u00edtica Educacional e Cient\u00edfica da ADUFPB (entidade que integra o FEEPB e \u00e9 parceira na organiza\u00e7\u00e3o da confer\u00eancia),esse \u00e9 um evento preparat\u00f3rio para a Conape 2022 (Confer\u00eancia Nacional Popular de Educa\u00e7\u00e3o), que acontecer\u00e1 de 10 a 12 de junho do pr\u00f3ximo ano, na cidade de Natal, no Rio Grande do Norte.<\/span><\/p>\n<p><span style=\"font-weight: 400;\">O tema da terceira confer\u00eancia tem\u00e1tica foi \u201cEduca\u00e7\u00e3o e Diversidade: Justi\u00e7a Social, Inclus\u00e3o e Direitos Humanos\u201d e a transmiss\u00e3o ocorreu pelo canal da ADUFPB no Youtube.\u00a0 As palestras foram ministradas pelas professoras doutoras Maria do Socorro Silva, da UFCG e da Rede de Educa\u00e7\u00e3o do Semi\u00e1rido Brasileiro (RESAB), Adelaide Alves Dias, da UFPB e da Associa\u00e7\u00e3o Nacional de P\u00f3s-Gradua\u00e7\u00e3o e Pesquisa em Educa\u00e7\u00e3o (ANPEd), e pelo professor mestre Ol\u00edmpio de Moraes Rocha, do Conselho Estadual de Direitos Humanos da Para\u00edba (CEDH\/PB). Na media\u00e7\u00e3o do evento estava a professora Giselda Freire Diniz, coordenadora-geral do FEEPB.<\/span><\/p>\n<p><b>Sobre a Conape<\/b><\/p>\n<p><span style=\"font-weight: 400;\">A Confer\u00eancia Nacional Popular de Educa\u00e7\u00e3o (Conape) \u00e9 coordenada pelo F\u00f3rum Nacional Popular de Educa\u00e7\u00e3o (FNPE), uma articula\u00e7\u00e3o de mais de 40 entidades nacionais do campo educacional e dos movimentos sociais em defesa da educa\u00e7\u00e3o, constituindo em di\u00e1logo permanente com f\u00f3runs pelos estados.<\/span><\/p>\n<p><span style=\"font-weight: 400;\">O documento base da Confer\u00eancia \u00e9 \u201cReconstruir o Pa\u00eds: a retomada do Estado democr\u00e1tico de direito e a defesa da educa\u00e7\u00e3o p\u00fablica e popular, com gest\u00e3o p\u00fablica, gratuita, democr\u00e1tica, laica, inclusiva e de qualidade social para todos\/as\/es\u201d. O lema \u00e9 \u201cEduca\u00e7\u00e3o p\u00fablica e popular se constr\u00f3i com democracia e participa\u00e7\u00e3o social: nenhum direito a menos e em defesa do legado de Paulo Freire\u201d.<\/span><\/p>\n","protected":false},"excerpt":{"rendered":"<p>Foi realizada na \u00faltima quinta-feira (29\/7) a terceira confer\u00eancia tem\u00e1tica da Conepe 2021 (Confer\u00eancia Estadual Popular de Educa\u00e7\u00e3o da Para\u00edba), organizada pelo F\u00f3rum Estadual de Educa\u00e7\u00e3o da Para\u00edba (FEEPB). Segundo a professora Rita Porto, diretora de Diretora de Pol\u00edtica Educacional e Cient\u00edfica da ADUFPB (entidade que integra o FEEPB e \u00e9 parceira na organiza\u00e7\u00e3o da&hellip;<\/p>\n","protected":false},"author":3,"featured_media":25309,"comment_status":"closed","ping_status":"closed","sticky":false,"template":"","format":"standard","meta":{"footnotes":""},"categories":[15,417],"tags":[1482,1481,1484,1483],"class_list":["post-25308","post","type-post","status-publish","format-standard","has-post-thumbnail","hentry","category-noticias","category-noticias-destaque","tag-conape","tag-conepe","tag-feepb","tag-fnpe","category-15","category-417","description-off"],"_links":{"self":[{"href":"https:\/\/www.adufpb.org.br\/site\/wp-json\/wp\/v2\/posts\/25308","targetHints":{"allow":["GET"]}}],"collection":[{"href":"https:\/\/www.adufpb.org.br\/site\/wp-json\/wp\/v2\/posts"}],"about":[{"href":"https:\/\/www.adufpb.org.br\/site\/wp-json\/wp\/v2\/types\/post"}],"author":[{"embeddable":true,"href":"https:\/\/www.adufpb.org.br\/site\/wp-json\/wp\/v2\/users\/3"}],"replies":[{"embeddable":true,"href":"https:\/\/www.adufpb.org.br\/site\/wp-json\/wp\/v2\/comments?post=25308"}],"version-history":[{"count":1,"href":"https:\/\/www.adufpb.org.br\/site\/wp-json\/wp\/v2\/posts\/25308\/revisions"}],"predecessor-version":[{"id":25310,"href":"https:\/\/www.adufpb.org.br\/site\/wp-json\/wp\/v2\/posts\/25308\/revisions\/25310"}],"wp:featuredmedia":[{"embeddable":true,"href":"https:\/\/www.adufpb.org.br\/site\/wp-json\/wp\/v2\/media\/25309"}],"wp:attachment":[{"href":"https:\/\/www.adufpb.org.br\/site\/wp-json\/wp\/v2\/media?parent=25308"}],"wp:term":[{"taxonomy":"category","embeddable":true,"href":"https:\/\/www.adufpb.org.br\/site\/wp-json\/wp\/v2\/categories?post=25308"},{"taxonomy":"post_tag","embeddable":true,"href":"https:\/\/www.adufpb.org.br\/site\/wp-json\/wp\/v2\/tags?post=25308"}],"curies":[{"name":"wp","href":"https:\/\/api.w.org\/{rel}","templated":true}]}}