{"id":2522,"date":"2012-02-13T08:18:53","date_gmt":"2012-02-13T12:18:53","guid":{"rendered":"http:\/\/www.adufpb.org.br\/site\/andes-sn-divulga-relatorio-do-31%c2%ba-congresso\/"},"modified":"2012-02-13T08:18:53","modified_gmt":"2012-02-13T12:18:53","slug":"andes-sn-divulga-relatorio-do-31%c2%ba-congresso","status":"publish","type":"post","link":"https:\/\/www.adufpb.org.br\/site\/andes-sn-divulga-relatorio-do-31%c2%ba-congresso\/","title":{"rendered":"ANDES-SN divulga relat\u00f3rio do 31\u00ba Congresso"},"content":{"rendered":"<div id=\"_mcePaste\" style=\"position: absolute; left: -10000px; top: 0px; width: 1px; height: 1px; overflow-x: hidden; overflow-y: hidden;\">Quem n\u00e3o participou do 31\u00ba Congresso do ANDES-SN, realizado de 15 a 20 de janeiro, em Manaus, ter\u00e1 a oportunidade de acessar todas as delibera\u00e7\u00f5es aprovadas pelos delegados, assim como saber o que foi discutido no evento. Como forma de democratizar com a categoria as discuss\u00f5es realizadas no evento, a dire\u00e7\u00e3o nacional enviou para todas as se\u00e7\u00f5es sindicais o Relat\u00f3rio Final do 31\u00ba Congresso, que tamb\u00e9m pode ser lido aqui.<\/div>\n<div id=\"_mcePaste\" style=\"position: absolute; left: -10000px; top: 0px; width: 1px; height: 1px; overflow-x: hidden; overflow-y: hidden;\">Constam do relat\u00f3rio, al\u00e9m das atas das plen\u00e1rias realizadas, o discurso da presidente do ANDES-SN, Marina Barbosa, na abertura do Congresso, assim como a Carta de Manaus, aprovada na plen\u00e1ria final do evento, que sintetiza as discuss\u00f5es realizadas. Tamb\u00e9m est\u00e3o no Relat\u00f3rio, a nominata das chapas que se inscreveram para as pr\u00f3ximas elei\u00e7\u00f5es do ANDES-SN.<\/div>\n<div id=\"_mcePaste\" style=\"position: absolute; left: -10000px; top: 0px; width: 1px; height: 1px; overflow-x: hidden; overflow-y: hidden;\">Durante o 31\u00ba Congresso, foi deliberado, dentro das lutas gerais, a necessidade de se refor\u00e7ar o trabalho de base e a defesa do Sindicato Nacional e de seu registro sindical. Os delegados tamb\u00e9m aprovaram o enfrentamento \u00e0s atitudes e pol\u00edticas arbitr\u00e1rias e privatistas no \u00e2mbito de Ci\u00eancia e Tecnologia, como parte importante da luta central em defesa de melhores condi\u00e7\u00f5es de trabalho e da valoriza\u00e7\u00e3o do trabalho docente.<\/div>\n<div id=\"_mcePaste\" style=\"position: absolute; left: -10000px; top: 0px; width: 1px; height: 1px; overflow-x: hidden; overflow-y: hidden;\">Em rela\u00e7\u00e3o \u00e0s lutas espec\u00edficas para os setores, foi aprovado que, nas campanhas salariais no \u00e2mbito das estaduais sejam implementadas medidas que fortalecem a perspectiva de a\u00e7\u00e3o mais unit\u00e1ria nacionalmente.<\/div>\n<div id=\"_mcePaste\" style=\"position: absolute; left: -10000px; top: 0px; width: 1px; height: 1px; overflow-x: hidden; overflow-y: hidden;\">Para o setor das particulares, foram aprovados passos que permitam ao Sindicato analisar criteriosamente a situa\u00e7\u00e3o dos docentes das institui\u00e7\u00f5es particulares e organizar a rea\u00e7\u00e3o, como tamb\u00e9m avan\u00e7ar na discuss\u00e3o sobre a inser\u00e7\u00e3o deste setor no ANDES-SN.<\/div>\n<div id=\"_mcePaste\" style=\"position: absolute; left: -10000px; top: 0px; width: 1px; height: 1px; overflow-x: hidden; overflow-y: hidden;\">\u201cNo setor das federais optamos por intensificar a luta pela nossa proposta de carreira, solidamente constru\u00edda em nossas bases, juntamente com a campanha salarial unificada dos Servidores P\u00fablicos Federais, j\u00e1 em curso\u201d, explica a presidente do ANDES-SB, Marina Barbosa.<\/div>\n<div id=\"_mcePaste\" style=\"position: absolute; left: -10000px; top: 0px; width: 1px; height: 1px; overflow-x: hidden; overflow-y: hidden;\">O 31\u00ba Congresso tamb\u00e9m se debru\u00e7ou sobre outras quest\u00f5es de relev\u00e2ncia para a classe trabalhadora como a rela\u00e7\u00e3o de interesse do capital nas quest\u00f5es dos agrot\u00f3xicos, transg\u00eanicos, matriz energ\u00e9tica, c\u00f3digo florestal e na segrega\u00e7\u00e3o s\u00f3cio-espacial intensificada pelos megaeventos e o uso das Unidades de Pol\u00edcia Pacificadora (UPP) como estrat\u00e9gia de \u201climpeza social\u201d e quest\u00f5es de g\u00eanero, etnia e diversidade sexual.<\/div>\n<div id=\"_mcePaste\" style=\"position: absolute; left: -10000px; top: 0px; width: 1px; height: 1px; overflow-x: hidden; overflow-y: hidden;\">Entre as delibera\u00e7\u00f5es, est\u00e3o tamb\u00e9m a luta contra o Pronatec, a continuidade da campanha pela aplica\u00e7\u00e3o imediata de no m\u00ednimo 10% do Produto Interno Bruto (PIB) na educa\u00e7\u00e3o p\u00fablica, a defesa do Sindicato Nacional no fortalecimento da luta pelo registro sindical e a reformula\u00e7\u00e3o do Caderno 2 \u2013 que cont\u00e9m a proposta do ANDES-SN para a Universidade Brasileira.<\/div>\n<div id=\"_mcePaste\" style=\"position: absolute; left: -10000px; top: 0px; width: 1px; height: 1px; overflow-x: hidden; overflow-y: hidden;\">\u201cPreparamos tamb\u00e9m nossa interven\u00e7\u00e3o no congresso da nossa central, a CSP-Conlutas, por entendermos que a luta dos docentes deve estar articulada com as lutas dos trabalhadores e que nossa central \u00e9 instrumento fundamental para consolidar esta articula\u00e7\u00e3o. Reafirmamos nossa responsabilidade e envolvimento com a nossa central por isso defendemos propostas para apresentarmos e contribuirmos no debate do 1\u00ba Congresso da Central\u201d, argumenta Marina Barbosa.<\/div>\n<div id=\"_mcePaste\" style=\"position: absolute; left: -10000px; top: 0px; width: 1px; height: 1px; overflow-x: hidden; overflow-y: hidden;\">As resolu\u00e7\u00f5es do 31\u00ba Congresso est\u00e3o nas p\u00e1ginas 163 a 213 do documento.<\/div>\n<div id=\"_mcePaste\" style=\"position: absolute; left: -10000px; top: 0px; width: 1px; height: 1px; overflow-x: hidden; overflow-y: hidden;\">Fonte: Andes<\/div>\n<p><a href=\"http:\/\/www.adufpb.org.br\/site\/wp-content\/uploads\/2012\/02\/congresso-andes-.jpg\"><img loading=\"lazy\" decoding=\"async\" class=\"alignleft size-medium wp-image-2521\" title=\"congresso andes\" src=\"http:\/\/www.adufpb.org.br\/site\/wp-content\/uploads\/2012\/02\/congresso-andes--300x229.jpg\" alt=\"congresso andes\" width=\"300\" height=\"229\" srcset=\"https:\/\/www.adufpb.org.br\/site\/wp-content\/uploads\/2012\/02\/congresso-andes--300x229.jpg 300w, https:\/\/www.adufpb.org.br\/site\/wp-content\/uploads\/2012\/02\/congresso-andes-.jpg 392w\" sizes=\"auto, (max-width: 300px) 100vw, 300px\" \/><\/a>Quem n\u00e3o participou do 31\u00ba Congresso do ANDES-SN, realizado de 15 a 20 de janeiro, em Manaus, ter\u00e1 a oportunidade de acessar todas as delibera\u00e7\u00f5es aprovadas pelos delegados, assim como saber o que foi discutido no evento. Como forma de democratizar com a categoria as discuss\u00f5es realizadas no evento, a dire\u00e7\u00e3o nacional enviou para todas as se\u00e7\u00f5es sindicais o Relat\u00f3rio Final do 31\u00ba Congresso, que tamb\u00e9m pode ser lido ao <a href=\"http:\/\/portal.andes.org.br\/imprensa\/noticias\/imp-ult-584540886.pdf\">acessar esse link<\/a>.<\/p>\n<p>Constam do relat\u00f3rio, al\u00e9m das atas das plen\u00e1rias realizadas, o discurso da presidente do ANDES-SN, Marina Barbosa, na abertura do Congresso, assim como a Carta de Manaus, aprovada na plen\u00e1ria final do evento, que sintetiza as discuss\u00f5es realizadas. Tamb\u00e9m est\u00e3o no Relat\u00f3rio, a nominata das chapas que se inscreveram para as pr\u00f3ximas elei\u00e7\u00f5es do ANDES-SN.<\/p>\n<p>Durante o 31\u00ba Congresso, foi deliberado, dentro das lutas gerais, a necessidade de se refor\u00e7ar o trabalho de base e a defesa do Sindicato Nacional e de seu registro sindical. Os delegados tamb\u00e9m aprovaram o enfrentamento \u00e0s atitudes e pol\u00edticas arbitr\u00e1rias e privatistas no \u00e2mbito de Ci\u00eancia e Tecnologia, como parte importante da luta central em defesa de melhores condi\u00e7\u00f5es de trabalho e da valoriza\u00e7\u00e3o do trabalho docente.<\/p>\n<p>Em rela\u00e7\u00e3o \u00e0s lutas espec\u00edficas para os setores, foi aprovado que, nas campanhas salariais no \u00e2mbito das estaduais sejam implementadas medidas que fortalecem a perspectiva de a\u00e7\u00e3o mais unit\u00e1ria nacionalmente.<\/p>\n<p>Para o setor das particulares, foram aprovados passos que permitam ao Sindicato analisar criteriosamente a situa\u00e7\u00e3o dos docentes das institui\u00e7\u00f5es particulares e organizar a rea\u00e7\u00e3o, como tamb\u00e9m avan\u00e7ar na discuss\u00e3o sobre a inser\u00e7\u00e3o deste setor no ANDES-SN.<\/p>\n<p>\u201cNo setor das federais optamos por intensificar a luta pela nossa proposta de carreira, solidamente constru\u00edda em nossas bases, juntamente com a campanha salarial unificada dos Servidores P\u00fablicos Federais, j\u00e1 em curso\u201d, explica a presidente do ANDES-SB, Marina Barbosa.<\/p>\n<p>O 31\u00ba Congresso tamb\u00e9m se debru\u00e7ou sobre outras quest\u00f5es de relev\u00e2ncia para a classe trabalhadora como a rela\u00e7\u00e3o de interesse do capital nas quest\u00f5es dos agrot\u00f3xicos, transg\u00eanicos, matriz energ\u00e9tica, c\u00f3digo florestal e na segrega\u00e7\u00e3o s\u00f3cio-espacial intensificada pelos megaeventos e o uso das Unidades de Pol\u00edcia Pacificadora (UPP) como estrat\u00e9gia de \u201climpeza social\u201d e quest\u00f5es de g\u00eanero, etnia e diversidade sexual.<\/p>\n<p>Entre as delibera\u00e7\u00f5es, est\u00e3o tamb\u00e9m a luta contra o Pronatec, a continuidade da campanha pela aplica\u00e7\u00e3o imediata de no m\u00ednimo 10% do Produto Interno Bruto (PIB) na educa\u00e7\u00e3o p\u00fablica, a defesa do Sindicato Nacional no fortalecimento da luta pelo registro sindical e a reformula\u00e7\u00e3o do Caderno 2 \u2013 que cont\u00e9m a proposta do ANDES-SN para a Universidade Brasileira.<\/p>\n<p>\u201cPreparamos tamb\u00e9m nossa interven\u00e7\u00e3o no congresso da nossa central, a CSP-Conlutas, por entendermos que a luta dos docentes deve estar articulada com as lutas dos trabalhadores e que nossa central \u00e9 instrumento fundamental para consolidar esta articula\u00e7\u00e3o. Reafirmamos nossa responsabilidade e envolvimento com a nossa central por isso defendemos propostas para apresentarmos e contribuirmos no debate do 1\u00ba Congresso da Central\u201d, argumenta Marina Barbosa.<\/p>\n<p>As resolu\u00e7\u00f5es do 31\u00ba Congresso est\u00e3o nas p\u00e1ginas 163 a 213 do documento.<\/p>\n<p>Fonte: Andes<\/p>\n","protected":false},"excerpt":{"rendered":"<p>Quem n\u00e3o participou do 31\u00ba Congresso do ANDES-SN, realizado de 15 a 20 de janeiro, em Manaus, ter\u00e1 a oportunidade de acessar todas as delibera\u00e7\u00f5es aprovadas pelos delegados, assim como saber o que foi discutido no evento. Como forma de democratizar com a categoria as discuss\u00f5es realizadas no evento, a dire\u00e7\u00e3o nacional enviou para todas&hellip;<\/p>\n","protected":false},"author":1,"featured_media":0,"comment_status":"open","ping_status":"open","sticky":false,"template":"","format":"standard","meta":{"footnotes":""},"categories":[15],"tags":[92],"class_list":["post-2522","post","type-post","status-publish","format-standard","hentry","category-noticias","tag-andes","category-15","description-off"],"_links":{"self":[{"href":"https:\/\/www.adufpb.org.br\/site\/wp-json\/wp\/v2\/posts\/2522","targetHints":{"allow":["GET"]}}],"collection":[{"href":"https:\/\/www.adufpb.org.br\/site\/wp-json\/wp\/v2\/posts"}],"about":[{"href":"https:\/\/www.adufpb.org.br\/site\/wp-json\/wp\/v2\/types\/post"}],"author":[{"embeddable":true,"href":"https:\/\/www.adufpb.org.br\/site\/wp-json\/wp\/v2\/users\/1"}],"replies":[{"embeddable":true,"href":"https:\/\/www.adufpb.org.br\/site\/wp-json\/wp\/v2\/comments?post=2522"}],"version-history":[{"count":0,"href":"https:\/\/www.adufpb.org.br\/site\/wp-json\/wp\/v2\/posts\/2522\/revisions"}],"wp:attachment":[{"href":"https:\/\/www.adufpb.org.br\/site\/wp-json\/wp\/v2\/media?parent=2522"}],"wp:term":[{"taxonomy":"category","embeddable":true,"href":"https:\/\/www.adufpb.org.br\/site\/wp-json\/wp\/v2\/categories?post=2522"},{"taxonomy":"post_tag","embeddable":true,"href":"https:\/\/www.adufpb.org.br\/site\/wp-json\/wp\/v2\/tags?post=2522"}],"curies":[{"name":"wp","href":"https:\/\/api.w.org\/{rel}","templated":true}]}}