{"id":25203,"date":"2021-06-27T10:06:43","date_gmt":"2021-06-27T13:06:43","guid":{"rendered":"https:\/\/www.adufpb.org.br\/site\/?p=25203"},"modified":"2021-06-30T15:08:19","modified_gmt":"2021-06-30T18:08:19","slug":"presidente-da-adufpb-e-convidado-desta-quarta-feira-30-6-do-projeto-relatos-da-pandemia","status":"publish","type":"post","link":"https:\/\/www.adufpb.org.br\/site\/presidente-da-adufpb-e-convidado-desta-quarta-feira-30-6-do-projeto-relatos-da-pandemia\/","title":{"rendered":"Presidente da ADUFPB \u00e9 convidado desta quarta-feira (30\/6) do projeto Relatos da Pandemia"},"content":{"rendered":"<p><a class=\"dt-pswp-item\" href=\"https:\/\/www.adufpb.org.br\/site\/wp-content\/uploads\/2021\/06\/2021.06.30-live-relatos-da-pandemia.jpeg\" data-dt-img-description=\"\" data-large_image_width=\"972\" data-large_image_height=\"1006\"><img loading=\"lazy\" decoding=\"async\" class=\"alignright size-medium wp-image-25204\" src=\"https:\/\/www.adufpb.org.br\/site\/wp-content\/uploads\/2021\/06\/2021.06.30-live-relatos-da-pandemia-290x300.jpeg\" alt=\"\" width=\"290\" height=\"300\" srcset=\"https:\/\/www.adufpb.org.br\/site\/wp-content\/uploads\/2021\/06\/2021.06.30-live-relatos-da-pandemia-290x300.jpeg 290w, https:\/\/www.adufpb.org.br\/site\/wp-content\/uploads\/2021\/06\/2021.06.30-live-relatos-da-pandemia-768x795.jpeg 768w, https:\/\/www.adufpb.org.br\/site\/wp-content\/uploads\/2021\/06\/2021.06.30-live-relatos-da-pandemia-250x259.jpeg 250w, https:\/\/www.adufpb.org.br\/site\/wp-content\/uploads\/2021\/06\/2021.06.30-live-relatos-da-pandemia.jpeg 972w\" sizes=\"auto, (max-width: 290px) 100vw, 290px\" \/><\/a>O presidente da ADUFPB, professor Fernando Cunha, \u00e9 o convidado desta quarta-feira (30\/6) do projeto Relatos da Pandemia para uma conversa com transmiss\u00e3o ao vivo sobre as transforma\u00e7\u00f5es e desafios do isolamento social no cotidiano da popula\u00e7\u00e3o. A live come\u00e7a \u00e0s 17h e ser\u00e1 transmitida pelo Instagram do projeto: @sigarelatosdapandemia.<\/p>\n<p>Professor do Departamento de Educa\u00e7\u00e3o F\u00edsica da UFPB desde 2004, Fernando Cunha tem gradua\u00e7\u00e3o em Licenciatura em Educa\u00e7\u00e3o F\u00edsica pela Universidade de Pernambuco (1992), mestrado em Educa\u00e7\u00e3o F\u00edsica pela Universidade Federal de Santa Catarina (2003) e doutorado em Educa\u00e7\u00e3o pela Faculdade de Educa\u00e7\u00e3o da Universidade Federal da Bahia. Na ADUFPB, j\u00e1 ocupou os cargos de vice-presidente, diretor de Pol\u00edtica Educacional e Cient\u00edfica e diretor de Pol\u00edtica Sindical e, atualmente, preside a entidade.<\/p>\n<p>O projeto Relatos da Pandemia na plataforma digital surgiu ap\u00f3s o lan\u00e7amento do e-book &#8220;Isolamento Social: relatos de mulheres jornalistas&#8221;, que reuniu textos de 64 jornalistas, incluindo as organizadoras: Zez\u00e9 B\u00e9chade, Sandra Moura, S\u00f4nia Lima e Kiara Fialho.<\/p>\n<p>&#8220;A ideia foi expandir a participa\u00e7\u00e3o, n\u00e3o somente para jornalistas mulheres, mas para que pessoas com outros perfis pudessem colaborar com a vis\u00e3o, sentimentos e registros do seu momento de isolamento social, de como percebia a Pandemia do Coronav\u00edrus. Uma mistura de jornalismo investigativo, colaborativo, cient\u00edfico e cr\u00f4nicas&#8221;, explicam as jornalistas no perfil do projeto no Instagram.<\/p>\n<p><strong>AGENDE-SE<\/strong><br \/>\n<em><strong>Live Relatos da Pandemia<\/strong><\/em><br \/>\n<strong>Convidado:<\/strong> Fernando Cunha, presidente da ADUFPB<\/p>\n<p><strong>Data:<\/strong> quarta-feira, 30\/6<br \/>\n<strong>Hor\u00e1rio:<\/strong> 17h<br \/>\n<strong>Como acessar:<\/strong> a conversa ser\u00e1 transmitida pelo Instagram do projeto Relatos da Pandemia (@sigarelatosdapandemia)<\/p>\n<p><em>Fonte: Ascom ADUFPB<\/em><\/p>\n","protected":false},"excerpt":{"rendered":"<p>O presidente da ADUFPB, professor Fernando Cunha, \u00e9 o convidado desta quarta-feira (30\/6) do projeto Relatos da Pandemia para uma conversa com transmiss\u00e3o ao vivo sobre as transforma\u00e7\u00f5es e desafios do isolamento social no cotidiano da popula\u00e7\u00e3o. A live come\u00e7a \u00e0s 17h e ser\u00e1 transmitida pelo Instagram do projeto: @sigarelatosdapandemia. Professor do Departamento de Educa\u00e7\u00e3o&hellip;<\/p>\n","protected":false},"author":3,"featured_media":25208,"comment_status":"closed","ping_status":"closed","sticky":false,"template":"","format":"standard","meta":{"footnotes":""},"categories":[1405,15],"tags":[1348,1471,1470,1410,1469],"class_list":["post-25203","post","type-post","status-publish","format-standard","has-post-thumbnail","hentry","category-chamada-principal","category-noticias","tag-fernando-cunha","tag-instagram","tag-jornalismo","tag-live","tag-relatos-da-pandemia","category-1405","category-15","description-off"],"_links":{"self":[{"href":"https:\/\/www.adufpb.org.br\/site\/wp-json\/wp\/v2\/posts\/25203","targetHints":{"allow":["GET"]}}],"collection":[{"href":"https:\/\/www.adufpb.org.br\/site\/wp-json\/wp\/v2\/posts"}],"about":[{"href":"https:\/\/www.adufpb.org.br\/site\/wp-json\/wp\/v2\/types\/post"}],"author":[{"embeddable":true,"href":"https:\/\/www.adufpb.org.br\/site\/wp-json\/wp\/v2\/users\/3"}],"replies":[{"embeddable":true,"href":"https:\/\/www.adufpb.org.br\/site\/wp-json\/wp\/v2\/comments?post=25203"}],"version-history":[{"count":2,"href":"https:\/\/www.adufpb.org.br\/site\/wp-json\/wp\/v2\/posts\/25203\/revisions"}],"predecessor-version":[{"id":25207,"href":"https:\/\/www.adufpb.org.br\/site\/wp-json\/wp\/v2\/posts\/25203\/revisions\/25207"}],"wp:featuredmedia":[{"embeddable":true,"href":"https:\/\/www.adufpb.org.br\/site\/wp-json\/wp\/v2\/media\/25208"}],"wp:attachment":[{"href":"https:\/\/www.adufpb.org.br\/site\/wp-json\/wp\/v2\/media?parent=25203"}],"wp:term":[{"taxonomy":"category","embeddable":true,"href":"https:\/\/www.adufpb.org.br\/site\/wp-json\/wp\/v2\/categories?post=25203"},{"taxonomy":"post_tag","embeddable":true,"href":"https:\/\/www.adufpb.org.br\/site\/wp-json\/wp\/v2\/tags?post=25203"}],"curies":[{"name":"wp","href":"https:\/\/api.w.org\/{rel}","templated":true}]}}