{"id":25130,"date":"2021-06-07T10:20:14","date_gmt":"2021-06-07T13:20:14","guid":{"rendered":"https:\/\/www.adufpb.org.br\/site\/?p=25130"},"modified":"2021-07-13T14:05:49","modified_gmt":"2021-07-13T17:05:49","slug":"em-tempo-adufpb-lanca-novo-espaco-para-opinioes-e-analises","status":"publish","type":"post","link":"https:\/\/www.adufpb.org.br\/site\/em-tempo-adufpb-lanca-novo-espaco-para-opinioes-e-analises\/","title":{"rendered":"ADUFPB lan\u00e7a novo espa\u00e7o para opini\u00f5es e an\u00e1lises sobre a atual conjuntura"},"content":{"rendered":"<p><span style=\"font-weight: 400;\">A ADUFPB lan\u00e7a nesta segunda-feira (7) a primeira edi\u00e7\u00e3o do boletim \u201cEm Tempo\u201d, publica\u00e7\u00e3o que tem como objetivo contribuir para as a\u00e7\u00f5es de resist\u00eancia e mobiliza\u00e7\u00e3o no pa\u00eds. A proposta \u00e9 publicar textos opinativos e anal\u00edticos sobre a atual conjuntura pol\u00edtica brasileira, mobilizando a sociedade em torno da luta contra as pr\u00e1ticas antidemocr\u00e1ticas do governo Bolsonaro.<\/span><\/p>\n<p><span style=\"font-weight: 400;\">Em meio a uma pandemia que est\u00e1 perto de vitimar meio milh\u00e3o de brasileiros, o pa\u00eds ainda enfrenta a falta de uma pol\u00edtica forte de renda m\u00ednima para confrontar os efeitos econ\u00f4micos da crise sanit\u00e1ria. Al\u00e9m disso, assiste, com revolta, ao descanso de um governo que ironiza o uso de m\u00e1scara, o isolamento social e a vacina\u00e7\u00e3o em massa, medidas recomendadas pelos \u00f3rg\u00e3os de sa\u00fade para evitar a contamina\u00e7\u00e3o pelo coronav\u00edrus, em mais uma tentativa de desacreditar a ci\u00eancia.<\/span><\/p>\n<p><span style=\"font-weight: 400;\">Apesar do momento de crise, a ADUFPB aposta na pot\u00eancia da luta organizada. E, para estimular o pensamento cr\u00edtico e buscar em conjunto caminhos de resist\u00eancia e mudan\u00e7a, ir\u00e1 publicar textos anal\u00edticos sobre a atual conjuntura produzidos por autores convidados. A primeira edi\u00e7\u00e3o do boletim \u201cEm Tempo\u201d come\u00e7a a circular hoje nas redes sociais do sindicato e est\u00e1 disponibilizada no site (<\/span><a href=\"http:\/\/www.adufpb.org.br\"><span style=\"font-weight: 400;\">www.adufpb.org.br<\/span><\/a><span style=\"font-weight: 400;\">).<\/span><\/p>\n<p><span style=\"font-weight: 400;\">Nesta edi\u00e7\u00e3o de estreia, o \u201cEm Tempo\u201d traz um editorial do projeto, denunciando os ataques \u00e0 educa\u00e7\u00e3o p\u00fablica e \u00e0s universidades num momento em que a sociedade tanto precisa do saber cient\u00edfico. Aponta, ainda, o quadro de mortes deixado pela pandemia e potencializado pela irresponsabilidade e desrespeito do governo federal. Mas o boletim n\u00e3o se encerra em tom de derrota, mas de resist\u00eancia e esperan\u00e7a.<\/span><\/p>\n<p><span style=\"font-weight: 400;\">\u201cN\u00e3o h\u00e1 d\u00favidas de que a hora da cobran\u00e7a est\u00e1 pr\u00f3xima. J\u00e1 se pode ouvir o chamamento \u00e0s a\u00e7\u00f5es e manifesta\u00e7\u00f5es coletivas. Nas ruas, milhares de pessoas arriscaram suas vidas para denunciar que o governo \u00e9 mais letal que o v\u00edrus. Nas redes sociais, as for\u00e7as progressistas e democr\u00e1ticas assumem os comandos da comunica\u00e7\u00e3o virtual e os reacion\u00e1rios j\u00e1 come\u00e7am a recuar\u201d, conclui o editorial do boletim.<\/span><\/p>\n<p><a href=\"https:\/\/www.adufpb.org.br\/site\/wp-content\/uploads\/2021\/06\/EM-TEMPO-01-JUNHO-2021.pdf\" target=\"_blank\" rel=\"noopener noreferrer\"><span style=\"color: #ff6600;\">Clique aqui para baixar o &#8220;Em Tempo&#8221; em formato PDF ou leia abaixo a primeira edi\u00e7\u00e3o na \u00edntegra:<\/span><\/a><\/p>\n<h2><span style=\"color: #ff6600;\">Espa\u00e7o de express\u00e3o e luta<\/span><\/h2>\n<p>Os tempos que correm apresentam-se como grande desafio a cientistas e intelectuais de todas as \u00e1reas, especialmente no Brasil, onde o enfrentamento da crise pand\u00eamica ocorre em uma conjuntura pol\u00edtica em tudo adversa \u00e0 produ\u00e7\u00e3o do conhecimento. Entre n\u00f3s, no momento em que mais se deveria impulsionar programas acad\u00eamicos, fomentar estudos, pesquisas e inova\u00e7\u00e3o nos mais diversos campos dos saberes universit\u00e1rios, o negacionismo propagado pelo pr\u00f3prio governo federal, reiteradamente expresso em sua n\u00e9scia recusa \u00e0 ci\u00eancia, tem se manifestado em repetidos ataques \u00e0s universidades p\u00fablicas.<\/p>\n<p>N\u00e3o t\u00eam sido poucas, nem pouco violentas, as tentativas deliberadas do governo no sentido de impactar negativamente a organiza\u00e7\u00e3o e o funcionamento das institui\u00e7\u00f5es de ensino superior. As agress\u00f5es e abusos praticados contra as universidades incluem um amplo espectro de viola\u00e7\u00f5es: desde a propaga\u00e7\u00e3o de cal\u00fanias, ofensas e not\u00edcias falsas, que tentam fomentar o descr\u00e9dito em rela\u00e7\u00e3o \u00e0s institui\u00e7\u00f5es e aos docentes, passando por gestos reiterados de imposi\u00e7\u00e3o de censura, at\u00e9 dr\u00e1sticas redu\u00e7\u00f5es de verbas, cortes de bolsas e editais, desmonte de direitos trabalhistas e proposi\u00e7\u00e3o de reformas que subtraem conquistas hist\u00f3ricas da categoria docente. N\u00e3o menos graves e corrosivos t\u00eam sido os atentados \u00e0 democracia e \u00e0 autonomia institucional, com a nomea\u00e7\u00e3o de interventores ileg\u00edtimos para a ocupa\u00e7\u00e3o dos cargos m\u00e1ximos da gest\u00e3o universit\u00e1ria.<\/p>\n<p>Em meio \u00e0 crise, n\u00e3o tem sido f\u00e1cil vislumbrar sa\u00eddas. As car\u00eancias estruturais das universidades sequer permitem planejar um retorno \u00e0s atividades presenciais a curto ou m\u00e9dio prazo, e as demandas do ensino remoto, assim como as novas formas de vida decorrentes do isolamento social, dificultam a organiza\u00e7\u00e3o da categoria docente para a milit\u00e2ncia. Isso n\u00e3o quer dizer que n\u00e3o estejamos tomados pela indigna\u00e7\u00e3o, atentos e reativos a cada medida que nos afeta, que agride nossos direitos e amea\u00e7a princ\u00edpios \u00e9ticos e democr\u00e1ticos fundamentais \u00e0 organiza\u00e7\u00e3o salutar dos setores e servi\u00e7os institucionais. Pelo contr\u00e1rio, embora n\u00e3o sejam ainda conclusivos os resultados das lutas que temos travado contra cada um desses ataques, o ac\u00famulo de medidas j\u00e1 adotadas, os processos em andamento e a crescente indigna\u00e7\u00e3o da comunidade universit\u00e1ria e extrauniversit\u00e1ria, expressa nas mais contundentes avalia\u00e7\u00f5es e rea\u00e7\u00f5es cr\u00edticas, convergem para anunciar que em breve novos tempos vir\u00e3o.<\/p>\n<p>N\u00e3o poder\u00edamos deixar de ressaltar, como motivo maior de consterna\u00e7\u00e3o e revolta neste amplo cen\u00e1rio de tribula\u00e7\u00f5es, os impactos lutuosos da pr\u00f3pria pandemia, que j\u00e1 colheu mais de 450 mil v\u00edtimas em sua impiedosa marcha. Essas perdas, que t\u00eam devastado o cotidiano de tantos lares brasileiros, embora nos digam insistentemente que o desafio maior neste presente tormentoso \u00e9 sobreviver, tamb\u00e9m nos instam a cobrar responsabilidades por tantas mortes, a maioria das quais evit\u00e1veis, houvesse este governo genocida adotado as medidas preventivas estabelecidas por cientistas e autoridades sanit\u00e1rias no mundo inteiro. A recusa do presidente \u00e0 aquisi\u00e7\u00e3o das vacinas selou a pol\u00edtica de morte plenamente evidenciada nos mais variados meios de comunica\u00e7\u00e3o midi\u00e1tica e agora investigada na CPI da pandemia. Que sejam culpabilizados cada um dos apoiadores desse genoc\u00eddio \u00e9 o compromisso inamov\u00edvel que precisamos assumir. Os sobreviventes desta trag\u00e9dia anunciada haver\u00e3o de cobrar nas ruas e na Justi\u00e7a cada uma das atrocidades cometidas contra uma popula\u00e7\u00e3o fragilizada e perversamente instada \u00e0 divis\u00e3o num pa\u00eds cruelmente injusto, desumanamente desigual.<\/p>\n<p>N\u00e3o h\u00e1 d\u00favidas de que a hora da cobran\u00e7a est\u00e1 pr\u00f3xima. J\u00e1 se pode ouvir o chamamento \u00e0s a\u00e7\u00f5es e manifesta\u00e7\u00f5es coletivas. Nas ruas, milhares de pessoas arriscaram suas vidas para denunciar que o governo \u00e9 mais letal que o v\u00edrus. Nas redes sociais, as for\u00e7as progressistas e democr\u00e1ticas assumem os comandos da comunica\u00e7\u00e3o virtual e os reacion\u00e1rios j\u00e1 come\u00e7am a recuar.<\/p>\n<p><strong>Em tempo:<\/strong>\u00a0\u00e9 neste contexto de resist\u00eancia, de luta e, sobretudo, de esperan\u00e7a, que inauguramos este espa\u00e7o de escrita, para compartilharmos nossa compreens\u00e3o sobre a atual conjuntura, trazendo informa\u00e7\u00f5es de qualidade que inspirem e fortale\u00e7am o movimento docente. Nossos colaboradores s\u00e3o professores e pesquisadores de v\u00e1rias \u00e1reas do conhecimento acad\u00eamico, cujas reflex\u00f5es e an\u00e1lises cr\u00edticas sobre temas e problemas que nos afetam neste momento certamente nos ajudar\u00e3o a fazer avan\u00e7ar a luta pelas causas que defendemos.<\/p>\n<p><strong>Lutemos pela Ci\u00eancia, pela Educa\u00e7\u00e3o, pela Sa\u00fade!<\/strong><\/p>\n<p><strong>Lutemos pelo direito incondicional \u00e0 vida <\/strong><\/p>\n<p><strong>e ao trabalho digno!<\/strong><\/p>\n<p><strong>Fora, Bolsonaro! Fora, interventores! <\/strong><\/p>\n<p><strong>Viva a democracia!<\/strong><strong>\u00a0<\/strong><\/p>\n<p><em>Fonte Ascom ADUFPB<\/em><\/p>\n","protected":false},"excerpt":{"rendered":"<p>A ADUFPB lan\u00e7a nesta segunda-feira (7) a primeira edi\u00e7\u00e3o do boletim \u201cEm Tempo\u201d, publica\u00e7\u00e3o que tem como objetivo contribuir para as a\u00e7\u00f5es de resist\u00eancia e mobiliza\u00e7\u00e3o no pa\u00eds. A proposta \u00e9 publicar textos opinativos e anal\u00edticos sobre a atual conjuntura pol\u00edtica brasileira, mobilizando a sociedade em torno da luta contra as pr\u00e1ticas antidemocr\u00e1ticas do governo&hellip;<\/p>\n","protected":false},"author":3,"featured_media":25138,"comment_status":"closed","ping_status":"closed","sticky":false,"template":"","format":"standard","meta":{"footnotes":""},"categories":[1405,15],"tags":[],"class_list":["post-25130","post","type-post","status-publish","format-standard","has-post-thumbnail","hentry","category-chamada-principal","category-noticias","category-1405","category-15","description-off"],"_links":{"self":[{"href":"https:\/\/www.adufpb.org.br\/site\/wp-json\/wp\/v2\/posts\/25130","targetHints":{"allow":["GET"]}}],"collection":[{"href":"https:\/\/www.adufpb.org.br\/site\/wp-json\/wp\/v2\/posts"}],"about":[{"href":"https:\/\/www.adufpb.org.br\/site\/wp-json\/wp\/v2\/types\/post"}],"author":[{"embeddable":true,"href":"https:\/\/www.adufpb.org.br\/site\/wp-json\/wp\/v2\/users\/3"}],"replies":[{"embeddable":true,"href":"https:\/\/www.adufpb.org.br\/site\/wp-json\/wp\/v2\/comments?post=25130"}],"version-history":[{"count":10,"href":"https:\/\/www.adufpb.org.br\/site\/wp-json\/wp\/v2\/posts\/25130\/revisions"}],"predecessor-version":[{"id":25146,"href":"https:\/\/www.adufpb.org.br\/site\/wp-json\/wp\/v2\/posts\/25130\/revisions\/25146"}],"wp:featuredmedia":[{"embeddable":true,"href":"https:\/\/www.adufpb.org.br\/site\/wp-json\/wp\/v2\/media\/25138"}],"wp:attachment":[{"href":"https:\/\/www.adufpb.org.br\/site\/wp-json\/wp\/v2\/media?parent=25130"}],"wp:term":[{"taxonomy":"category","embeddable":true,"href":"https:\/\/www.adufpb.org.br\/site\/wp-json\/wp\/v2\/categories?post=25130"},{"taxonomy":"post_tag","embeddable":true,"href":"https:\/\/www.adufpb.org.br\/site\/wp-json\/wp\/v2\/tags?post=25130"}],"curies":[{"name":"wp","href":"https:\/\/api.w.org\/{rel}","templated":true}]}}