{"id":24982,"date":"2021-04-28T12:03:24","date_gmt":"2021-04-28T15:03:24","guid":{"rendered":"https:\/\/www.adufpb.org.br\/site\/?p=24982"},"modified":"2021-04-30T12:22:11","modified_gmt":"2021-04-30T15:22:11","slug":"adufpb-e-movimento-de-mulheres-realizam-live-solidaria-nesta-quinta-feira-29","status":"publish","type":"post","link":"https:\/\/www.adufpb.org.br\/site\/adufpb-e-movimento-de-mulheres-realizam-live-solidaria-nesta-quinta-feira-29\/","title":{"rendered":"ADUFPB e Movimento de Mulheres e Feministas realizam live solid\u00e1ria nesta quinta-feira (29)"},"content":{"rendered":"<p><a class=\"dt-pswp-item\" href=\"https:\/\/www.adufpb.org.br\/site\/wp-content\/uploads\/2021\/04\/IMG-20210429-WA0001.jpg\" data-dt-img-description=\"\" data-large_image_width=\"1081\" data-large_image_height=\"1080\"><img loading=\"lazy\" decoding=\"async\" class=\"alignright size-medium wp-image-24988\" src=\"https:\/\/www.adufpb.org.br\/site\/wp-content\/uploads\/2021\/04\/IMG-20210429-WA0001-300x300.jpg\" alt=\"\" width=\"300\" height=\"300\" srcset=\"https:\/\/www.adufpb.org.br\/site\/wp-content\/uploads\/2021\/04\/IMG-20210429-WA0001-300x300.jpg 300w, https:\/\/www.adufpb.org.br\/site\/wp-content\/uploads\/2021\/04\/IMG-20210429-WA0001-1024x1024.jpg 1024w, https:\/\/www.adufpb.org.br\/site\/wp-content\/uploads\/2021\/04\/IMG-20210429-WA0001-150x150.jpg 150w, https:\/\/www.adufpb.org.br\/site\/wp-content\/uploads\/2021\/04\/IMG-20210429-WA0001-768x767.jpg 768w, https:\/\/www.adufpb.org.br\/site\/wp-content\/uploads\/2021\/04\/IMG-20210429-WA0001-250x250.jpg 250w, https:\/\/www.adufpb.org.br\/site\/wp-content\/uploads\/2021\/04\/IMG-20210429-WA0001.jpg 1081w\" sizes=\"auto, (max-width: 300px) 100vw, 300px\" \/><\/a>O Movimento de Mulheres e Feministas da Para\u00edba, em parceria com a ADUFPB, realiza nesta quinta-feira (29\/4), uma live solid\u00e1ria com o objetivo de apoiar popula\u00e7\u00f5es carentes do estado impactadas pela pandemia de covid-19.<\/p>\n<p>A a\u00e7\u00e3o tamb\u00e9m integra a Jornada 1\u00ba de Maio, atividade anual organizada por entidades sindicais em refer\u00eancia \u00e0 luta dos trabalhadores e trabalhadoras.<\/p>\n<p>Com apresenta\u00e7\u00f5es das cantoras Gel Venttannia, Julyana Terto, Isa Y Pl\u00e1, Waira Raissa e Lua Isa, a live contar\u00e1 tamb\u00e9m com falas pol\u00edticas de representantes tanto da ADUFPB, quanto do Movimento de Mulheres e Feministas da Para\u00edba.<\/p>\n<p><strong>AGENDE-SE<\/strong><\/p>\n<p><em><strong>Live para arrecada\u00e7\u00e3o de fundos para a\u00e7\u00e3o de solidariedade<\/strong><\/em><\/p>\n<p><strong>Organiza\u00e7\u00e3o:<\/strong> ADUFPB e Movimento de Mulheres e Feministas da Para\u00edba<\/p>\n<p><strong>Data:<\/strong> quinta-feira, 29\/4<\/p>\n<p><strong>Hor\u00e1rio:<\/strong> 19h<\/p>\n<p><strong>Artistas:<\/strong><br \/>\nGel Venttannia<br \/>\nJulyana Terto<br \/>\nIsa Y Pl\u00e1<br \/>\nWaira Raissa<br \/>\nLua Isa<\/p>\n<p><strong>Para doar:<\/strong><br \/>\n<em><strong>Pix &#8211;<\/strong><\/em> jormada8m@gmail.com<\/p>\n<p><em><strong>Conta<\/strong><\/em><br \/>\nSynara Maria de Lima<br \/>\nBanco 260 &#8211; Nu Pagamentos S.A<br \/>\nAg\u00eancia: 0001<br \/>\nConta: 3157891-9<br \/>\nCPF: 080.314.394-00<\/p>\n<p><em>Fonte: Ascom ADUFPB<\/em><\/p>\n","protected":false},"excerpt":{"rendered":"<p>O Movimento de Mulheres e Feministas da Para\u00edba, em parceria com a ADUFPB, realiza nesta quinta-feira (29\/4), uma live solid\u00e1ria com o objetivo de apoiar popula\u00e7\u00f5es carentes do estado impactadas pela pandemia de covid-19. A a\u00e7\u00e3o tamb\u00e9m integra a Jornada 1\u00ba de Maio, atividade anual organizada por entidades sindicais em refer\u00eancia \u00e0 luta dos trabalhadores&hellip;<\/p>\n","protected":false},"author":3,"featured_media":24988,"comment_status":"closed","ping_status":"closed","sticky":false,"template":"","format":"standard","meta":{"footnotes":""},"categories":[1405,15],"tags":[121,1410,1331],"class_list":["post-24982","post","type-post","status-publish","format-standard","has-post-thumbnail","hentry","category-chamada-principal","category-noticias","tag-8-de-marco","tag-live","tag-solidariedade","category-1405","category-15","description-off"],"_links":{"self":[{"href":"https:\/\/www.adufpb.org.br\/site\/wp-json\/wp\/v2\/posts\/24982","targetHints":{"allow":["GET"]}}],"collection":[{"href":"https:\/\/www.adufpb.org.br\/site\/wp-json\/wp\/v2\/posts"}],"about":[{"href":"https:\/\/www.adufpb.org.br\/site\/wp-json\/wp\/v2\/types\/post"}],"author":[{"embeddable":true,"href":"https:\/\/www.adufpb.org.br\/site\/wp-json\/wp\/v2\/users\/3"}],"replies":[{"embeddable":true,"href":"https:\/\/www.adufpb.org.br\/site\/wp-json\/wp\/v2\/comments?post=24982"}],"version-history":[{"count":6,"href":"https:\/\/www.adufpb.org.br\/site\/wp-json\/wp\/v2\/posts\/24982\/revisions"}],"predecessor-version":[{"id":24992,"href":"https:\/\/www.adufpb.org.br\/site\/wp-json\/wp\/v2\/posts\/24982\/revisions\/24992"}],"wp:featuredmedia":[{"embeddable":true,"href":"https:\/\/www.adufpb.org.br\/site\/wp-json\/wp\/v2\/media\/24988"}],"wp:attachment":[{"href":"https:\/\/www.adufpb.org.br\/site\/wp-json\/wp\/v2\/media?parent=24982"}],"wp:term":[{"taxonomy":"category","embeddable":true,"href":"https:\/\/www.adufpb.org.br\/site\/wp-json\/wp\/v2\/categories?post=24982"},{"taxonomy":"post_tag","embeddable":true,"href":"https:\/\/www.adufpb.org.br\/site\/wp-json\/wp\/v2\/tags?post=24982"}],"curies":[{"name":"wp","href":"https:\/\/api.w.org\/{rel}","templated":true}]}}