{"id":2497,"date":"2012-01-30T07:36:27","date_gmt":"2012-01-30T11:36:27","guid":{"rendered":"http:\/\/www.adufpb.org.br\/site\/chapas-concorrentes-ao-andes-sn-divulgam-seus-manifestos\/"},"modified":"2012-01-30T07:36:27","modified_gmt":"2012-01-30T11:36:27","slug":"chapas-concorrentes-ao-andes-sn-divulgam-seus-manifestos","status":"publish","type":"post","link":"https:\/\/www.adufpb.org.br\/site\/chapas-concorrentes-ao-andes-sn-divulgam-seus-manifestos\/","title":{"rendered":"Chapas concorrentes ao ANDES-SN divulgam seus manifestos"},"content":{"rendered":"<div id=\"_mcePaste\" style=\"position: absolute; left: -10000px; top: 0px; width: 1px; height: 1px; overflow-x: hidden; overflow-y: hidden;\">As duas chapas concorrentes nas pr\u00f3ximas elei\u00e7\u00f5es do ANDES-SN, marcada para maio, divulgaram seus manifestos, que trazem, em linhas gerais, a linha de atua\u00e7\u00e3o que cada chapa, se eleita, pretende imprimir a seu mandato.<\/div>\n<div id=\"_mcePaste\" style=\"position: absolute; left: -10000px; top: 0px; width: 1px; height: 1px; overflow-x: hidden; overflow-y: hidden;\">A chapa 1, ANDES &#8211; Trabalho Docente e Compromisso Social, tem como candidata \u00e0 presidente Marinalva Silva Oliveira (Universidade Federal do Amap\u00e1); como secret\u00e1rio-geral M\u00e1rcio Ant\u00f4nio de Oliveira (Universidade Federal de Juiz de Fora); e como 1\u00ba tesoureiro, Fausto de Camargo Jr (Cefet Minas Gerais).<\/div>\n<div id=\"_mcePaste\" style=\"position: absolute; left: -10000px; top: 0px; width: 1px; height: 1px; overflow-x: hidden; overflow-y: hidden;\">J\u00e1 a chapa 2, ANDES-SN para os professores, \u00a0tem como candidato \u00e0 presidente Ebnezer Maur\u00edlio Nogueira da Silva (Universidade de Bras\u00edlia); como secret\u00e1rio-geral Juvenal Theodozio Lopez Fons\u00eaca (Universidade Federal Rural de Pernambuco) ; e como 1\u00ba tesoureiro, Adriel Rodrigues de Oliveira (Universidade Federal de Vi\u00e7osa).<\/div>\n<div id=\"_mcePaste\" style=\"position: absolute; left: -10000px; top: 0px; width: 1px; height: 1px; overflow-x: hidden; overflow-y: hidden;\">As chapas t\u00eam at\u00e9 o dia 20 de fevereiro para registrar o restante da composi\u00e7\u00e3o, totalizando 83 diretores &#8211; entre diretoria da nacional e representantes das vice-regionais. As elei\u00e7\u00f5es acontecem entre os dias 8 e 9 de maio e a posse da nova diretoria ser\u00e1 no 57\u00ba CONAD, que acontece em Parna\u00edba (PI).<\/div>\n<p>As duas chapas concorrentes nas pr\u00f3ximas elei\u00e7\u00f5es do ANDES-SN, marcada para maio, divulgaram seus manifestos, que trazem, em linhas gerais, a linha de atua\u00e7\u00e3o que cada chapa, se eleita, pretende imprimir a seu mandato.<\/p>\n<p>A chapa 1, ANDES &#8211; Trabalho Docente e Compromisso Social, tem como candidata \u00e0 presidente Marinalva Silva Oliveira (Universidade Federal do Amap\u00e1); como secret\u00e1rio-geral M\u00e1rcio Ant\u00f4nio de Oliveira (Universidade Federal de Juiz de Fora); e como 1\u00ba tesoureiro, Fausto de Camargo Jr (Cefet Minas Gerais).<\/p>\n<p>J\u00e1 a chapa 2, ANDES-SN para os professores, \u00a0tem como candidato \u00e0 presidente Ebnezer Maur\u00edlio Nogueira da Silva (Universidade de Bras\u00edlia); como secret\u00e1rio-geral Juvenal Theodozio Lopez Fons\u00eaca (Universidade Federal Rural de Pernambuco) ; e como 1\u00ba tesoureiro, Adriel Rodrigues de Oliveira (Universidade Federal de Vi\u00e7osa).<\/p>\n<p>As chapas t\u00eam at\u00e9 o dia 20 de fevereiro para registrar o restante da composi\u00e7\u00e3o, totalizando 83 diretores &#8211; entre diretoria da nacional e representantes das vice-regionais. As elei\u00e7\u00f5es acontecem entre os dias 8 e 9 de maio e a posse da nova diretoria ser\u00e1 no 57\u00ba CONAD, que acontece em Parna\u00edba (PI).<\/p>\n<p>Fonte: Andes<\/p>\n","protected":false},"excerpt":{"rendered":"<p>As duas chapas concorrentes nas pr\u00f3ximas elei\u00e7\u00f5es do ANDES-SN, marcada para maio, divulgaram seus manifestos, que trazem, em linhas gerais, a linha de atua\u00e7\u00e3o que cada chapa, se eleita, pretende imprimir a seu mandato. A chapa 1, ANDES &#8211; Trabalho Docente e Compromisso Social, tem como candidata \u00e0 presidente Marinalva Silva Oliveira (Universidade Federal do&hellip;<\/p>\n","protected":false},"author":1,"featured_media":0,"comment_status":"open","ping_status":"open","sticky":false,"template":"","format":"standard","meta":{"footnotes":""},"categories":[15],"tags":[92],"class_list":["post-2497","post","type-post","status-publish","format-standard","hentry","category-noticias","tag-andes","category-15","description-off"],"_links":{"self":[{"href":"https:\/\/www.adufpb.org.br\/site\/wp-json\/wp\/v2\/posts\/2497","targetHints":{"allow":["GET"]}}],"collection":[{"href":"https:\/\/www.adufpb.org.br\/site\/wp-json\/wp\/v2\/posts"}],"about":[{"href":"https:\/\/www.adufpb.org.br\/site\/wp-json\/wp\/v2\/types\/post"}],"author":[{"embeddable":true,"href":"https:\/\/www.adufpb.org.br\/site\/wp-json\/wp\/v2\/users\/1"}],"replies":[{"embeddable":true,"href":"https:\/\/www.adufpb.org.br\/site\/wp-json\/wp\/v2\/comments?post=2497"}],"version-history":[{"count":0,"href":"https:\/\/www.adufpb.org.br\/site\/wp-json\/wp\/v2\/posts\/2497\/revisions"}],"wp:attachment":[{"href":"https:\/\/www.adufpb.org.br\/site\/wp-json\/wp\/v2\/media?parent=2497"}],"wp:term":[{"taxonomy":"category","embeddable":true,"href":"https:\/\/www.adufpb.org.br\/site\/wp-json\/wp\/v2\/categories?post=2497"},{"taxonomy":"post_tag","embeddable":true,"href":"https:\/\/www.adufpb.org.br\/site\/wp-json\/wp\/v2\/tags?post=2497"}],"curies":[{"name":"wp","href":"https:\/\/api.w.org\/{rel}","templated":true}]}}