{"id":24948,"date":"2021-04-14T15:10:50","date_gmt":"2021-04-14T18:10:50","guid":{"rendered":"https:\/\/www.adufpb.org.br\/site\/?p=24948"},"modified":"2021-04-14T15:10:50","modified_gmt":"2021-04-14T18:10:50","slug":"covid-19-ufpb-obtem-patente-de-ventilador-pulmonar-portatil","status":"publish","type":"post","link":"https:\/\/www.adufpb.org.br\/site\/covid-19-ufpb-obtem-patente-de-ventilador-pulmonar-portatil\/","title":{"rendered":"Covid-19: UFPB obt\u00e9m patente de ventilador pulmonar port\u00e1til"},"content":{"rendered":"<p>A Universidade Federal da Para\u00edba (UFPB) obteve a carta-patente de um ventilador pulmonar port\u00e1til para utiliza\u00e7\u00e3o no tratamento de pacientes com insufici\u00eancia respirat\u00f3ria causada pela covid-19. O documento de concess\u00e3o dos direitos de propriedade sobre o invento foi publicado pelo Instituto Nacional de Propriedade Intelectual (INPI) na \u00faltima ter\u00e7a-feira (6). O equipamento desenvolvido obteve prote\u00e7\u00e3o internacional, exigindo autoriza\u00e7\u00e3o da UFPB para ser fabricado tamb\u00e9m no exterior.<\/p>\n<p>Criado para atender a uma demanda imediata por ventiladores pulmonares em unidades de terapia intensiva (UTIs), onde o aparelho se faz essencial para permitir a respira\u00e7\u00e3o artificial nos casos de insufici\u00eancia respirat\u00f3ria aguda, o equipamento \u00e9 controlado de forma remota, por meio da conex\u00e3o com dispositivos m\u00f3veis. Por meio dele, \u00e9 poss\u00edvel monitorar, al\u00e9m da ventila\u00e7\u00e3o dos pacientes com covid-19, a temperatura e a satura\u00e7\u00e3o de oxig\u00eanio no sangue, registro de eletrocardiograma e de press\u00e3o arterial.<\/p>\n<p>O equipamento est\u00e1 na fase de testes de montagem no Parque Tecnol\u00f3gico da Para\u00edba (PaqTcPB), em Campina Grande, e deve ser finalizado at\u00e9 o m\u00eas de julho, segundo o pesquisador M\u00e1rio Ugulino, que coordena o Laborat\u00f3rio de Automa\u00e7\u00e3o e Instrumenta\u00e7\u00e3o em Qu\u00edmica Anal\u00edtica e Quimiometria (LAQA) da UFPB, onde o invento foi desenvolvido. Ele explicou que somente ap\u00f3s a conclus\u00e3o desta etapa \u00e9 poss\u00edvel avan\u00e7ar para os testes cl\u00ednicos, que ser\u00e3o realizados pela empresa que adquirir a tecnologia patenteada.<\/p>\n<p>Ainda de acordo com Ugulino, que demonstrou confian\u00e7a quanto \u00e0 comercializa\u00e7\u00e3o da tecnologia para disponibiliza\u00e7\u00e3o dos ventiladores port\u00e1teis em UTIs, o invento apresenta as vantagens de ser port\u00e1til e de baixo custo \u2013 a maior parte produzido com tecnologia nacional \u2013, em compara\u00e7\u00e3o com os ventiladores pulmonares existentes nas unidades de terapia intensiva, al\u00e9m de ser controlado de forma remota, por dispositivos m\u00f3veis como smartphones e tablets.<\/p>\n<p>O ventilador port\u00e1til \u00e9 de autoria de cinco pesquisadores da Universidade \u2013 os outros quatro s\u00e3o Railson de Oliveira, Tiago Maritan, V\u00e1lber de Almeida e Marcos Alves. Financiado pela Funda\u00e7\u00e3o de Apoio \u00e0 Pesquisa do Estado da Para\u00edba (Fapesq), com um investimento da ordem de R$ 160 mil, o projeto para a cria\u00e7\u00e3o do equipamento, que envolve as \u00e1reas de instrumenta\u00e7\u00e3o e automa\u00e7\u00e3o, computa\u00e7\u00e3o e medicina, tamb\u00e9m tem a participa\u00e7\u00e3o dos pesquisadores F\u00e1bio Sampaio e Madson Mariz, do Hospital Universit\u00e1rio Lauro Wanderley (HULW\/UFPB).<\/p>\n<p>O pesquisador Railson de Oliveira ressaltou a colabora\u00e7\u00e3o da funda\u00e7\u00e3o PaqTcPB, que ajudou a adiantar o dep\u00f3sito da patente junto com a Ag\u00eancia UFPB de Inova\u00e7\u00e3o Tecnol\u00f3gica (INOVA UFPB). \u201cA funda\u00e7\u00e3o tem sido de fundamental import\u00e2ncia neste projeto; eles t\u00eam sediado as pesquisas aqui em Campina Grande, dando um excelente suporte em todas as atividades\u201d, comentou Railson.<\/p>\n<p><em>Fonte: Ag\u00eancia UFPB \/ Reportagem: Milena Dantas<\/em><\/p>\n","protected":false},"excerpt":{"rendered":"<p>A Universidade Federal da Para\u00edba (UFPB) obteve a carta-patente de um ventilador pulmonar port\u00e1til para utiliza\u00e7\u00e3o no tratamento de pacientes com insufici\u00eancia respirat\u00f3ria causada pela covid-19. O documento de concess\u00e3o dos direitos de propriedade sobre o invento foi publicado pelo Instituto Nacional de Propriedade Intelectual (INPI) na \u00faltima ter\u00e7a-feira (6). O equipamento desenvolvido obteve prote\u00e7\u00e3o&hellip;<\/p>\n","protected":false},"author":3,"featured_media":0,"comment_status":"closed","ping_status":"closed","sticky":false,"template":"","format":"standard","meta":{"footnotes":""},"categories":[15],"tags":[1320,1321,1447,1446],"class_list":["post-24948","post","type-post","status-publish","format-standard","hentry","category-noticias","tag-covid-19","tag-pandemia","tag-patente","tag-ventilador-pulmonar","category-15","description-off"],"_links":{"self":[{"href":"https:\/\/www.adufpb.org.br\/site\/wp-json\/wp\/v2\/posts\/24948","targetHints":{"allow":["GET"]}}],"collection":[{"href":"https:\/\/www.adufpb.org.br\/site\/wp-json\/wp\/v2\/posts"}],"about":[{"href":"https:\/\/www.adufpb.org.br\/site\/wp-json\/wp\/v2\/types\/post"}],"author":[{"embeddable":true,"href":"https:\/\/www.adufpb.org.br\/site\/wp-json\/wp\/v2\/users\/3"}],"replies":[{"embeddable":true,"href":"https:\/\/www.adufpb.org.br\/site\/wp-json\/wp\/v2\/comments?post=24948"}],"version-history":[{"count":1,"href":"https:\/\/www.adufpb.org.br\/site\/wp-json\/wp\/v2\/posts\/24948\/revisions"}],"predecessor-version":[{"id":24949,"href":"https:\/\/www.adufpb.org.br\/site\/wp-json\/wp\/v2\/posts\/24948\/revisions\/24949"}],"wp:attachment":[{"href":"https:\/\/www.adufpb.org.br\/site\/wp-json\/wp\/v2\/media?parent=24948"}],"wp:term":[{"taxonomy":"category","embeddable":true,"href":"https:\/\/www.adufpb.org.br\/site\/wp-json\/wp\/v2\/categories?post=24948"},{"taxonomy":"post_tag","embeddable":true,"href":"https:\/\/www.adufpb.org.br\/site\/wp-json\/wp\/v2\/tags?post=24948"}],"curies":[{"name":"wp","href":"https:\/\/api.w.org\/{rel}","templated":true}]}}