{"id":24937,"date":"2021-04-12T23:11:12","date_gmt":"2021-04-13T02:11:12","guid":{"rendered":"https:\/\/www.adufpb.org.br\/site\/?p=24937"},"modified":"2021-04-12T23:11:12","modified_gmt":"2021-04-13T02:11:12","slug":"comunidade-da-ufrrj-se-mobiliza-apos-intervencao-do-governo-federal-em-reitoria","status":"publish","type":"post","link":"https:\/\/www.adufpb.org.br\/site\/comunidade-da-ufrrj-se-mobiliza-apos-intervencao-do-governo-federal-em-reitoria\/","title":{"rendered":"Comunidade da UFRRJ se mobiliza ap\u00f3s interven\u00e7\u00e3o do governo federal em reitoria"},"content":{"rendered":"<p>A comunidade acad\u00eamica da Universidade Federal Rural do Rio de Janeiro (UFRRJ) tem se manifestado contrariamente \u00e0 interven\u00e7\u00e3o do governo federal na institui\u00e7\u00e3o ao n\u00e3o nomear o primeiro nome da lista tr\u00edplice, Ricardo Berbara, escolhido para a gest\u00e3o 2021-2025.<\/p>\n<p>No dia 31 de mar\u00e7o deste ano, foi publicada, no Di\u00e1rio Oficial da Uni\u00e3o (DOU), a portaria com a nomea\u00e7\u00e3o do professor Roberto de Souza Rodrigues para exercer o mandato de reitor na institui\u00e7\u00e3o. Roberto era pr\u00f3-reitor de Planejamento do ex-reitor Ricardo Berbara.<\/p>\n<p>O mandato do antigo reitor, Ricardo Berbara, expirou no \u00faltimo no dia 27 de mar\u00e7o deste ano e a UFRRJ encaminhou ao Minist\u00e9rio da Educa\u00e7\u00e3o (MEC), no devido tempo, a lista tr\u00edplice elaborada pela institui\u00e7\u00e3o, nos termos da lei. Ap\u00f3s an\u00e1lise, o MEC encaminhou o processo \u00e0 Casa Civil da Presid\u00eancia para proceder \u00e0 interven\u00e7\u00e3o.<\/p>\n<p>No mesmo dia da nomea\u00e7\u00e3o, uma plen\u00e1ria virtual reuniu 390 pessoas da universidade. As e os participantes entenderam que o reitor nomeado n\u00e3o \u00e9 um interventor, mas que a a\u00e7\u00e3o do governo federal representa um ataque \u00e0 autonomia da institui\u00e7\u00e3o. Por isso, v\u00e3o continuar em campanha para que o primeiro colocado na consulta p\u00fablica assuma a reitoria. At\u00e9 l\u00e1, a comunidade exige que o docente participe da nova gest\u00e3o.<\/p>\n<p>A assembleia se posicionou pela ades\u00e3o \u00e0 campanha \u201cReitor eleito, reitor empossado\u201d, que re\u00fane o ANDES-SN, a Fasubra e mais de 20 institui\u00e7\u00f5es que sofreram interven\u00e7\u00e3o nos \u00faltimos anos. Um comit\u00ea organizativo da campanha foi criado para dar visibilidade ao debate da democracia e da autonomia universit\u00e1ria.<\/p>\n<p>As e os presentes\u00a0tamb\u00e9m aprovaram incluir e somar for\u00e7as na campanha j\u00e1 existente da inconstitucionalidade da lista tr\u00edplice (Lei n\u00ba 9.192\/1995), construir ato virtual, na pr\u00f3xima plen\u00e1ria, em defesa da Campanha, convidando mais entidades do Rio de Janeiro e outras que estejam, ou j\u00e1 estiveram, na mesma situa\u00e7\u00e3o. Tamb\u00e9m ser\u00e3o produzidos v\u00eddeos com depoimentos de apoio ao movimento.<\/p>\n<p>Em nota, assinada pela Associa\u00e7\u00e3o dos Docentes da UFRRJ (ADUR-RJ Se\u00e7\u00e3o Sindical do ANDES-SN), o Sindicato dos Trabalhadores em Educa\u00e7\u00e3o da UFRRJ (SINTUR-RJ) e o Diret\u00f3rio Central dos Estudantes da universidade (DCE-UFRRJ), as entidades afirmam se tratar &#8220;de mais um ato de ataque \u00e0 autonomia universit\u00e1ria, \u00e0 democracia, \u00e0 educa\u00e7\u00e3o, \u00e0 ci\u00eancia e \u00e0 tecnologia, por parte de uma Presid\u00eancia da Rep\u00fablica que se notabiliza pelos ataques contra o servi\u00e7o p\u00fablico, pela entrega do patrim\u00f4nio nacional, pela destrui\u00e7\u00e3o do meio ambiente e pelo negacionismo e omiss\u00e3o genocida no contexto da atual pandemia\u201d. A nota conta com o apoio de mais de 40 entidades e movimentos estudantis, sociais e populares.<\/p>\n<p><strong>Consulta p\u00fablica<\/strong><br \/>\nA UFRRJ finalizou no dia 26 de novembro do ano passado a Consulta P\u00fablica Virtual para a escolha da nova gest\u00e3o administrativa para o mandato 2021-2025. \u00a0O resultado das urnas apontou a vit\u00f3ria da Chapa 2 \u2013 \u201cUFRRJ \u00c9 AGENTE\u201d, encabe\u00e7ada pelo ent\u00e3o atual reitor da institui\u00e7\u00e3o, Ricardo Berbara, com 3.993 votos. Desde ent\u00e3o, servidoras, servidores e estudantes pressionam e exigem que o reitor eleito pela comunidade tome posse imediatamente.<\/p>\n<p><em>Com informa\u00e7\u00f5es das se\u00e7\u00f5es sindicais ADUR-RJ e Adufrj<\/em><\/p>\n<p><em>Fonte: Andes-SN<\/em><\/p>\n","protected":false},"excerpt":{"rendered":"<p>A comunidade acad\u00eamica da Universidade Federal Rural do Rio de Janeiro (UFRRJ) tem se manifestado contrariamente \u00e0 interven\u00e7\u00e3o do governo federal na institui\u00e7\u00e3o ao n\u00e3o nomear o primeiro nome da lista tr\u00edplice, Ricardo Berbara, escolhido para a gest\u00e3o 2021-2025. No dia 31 de mar\u00e7o deste ano, foi publicada, no Di\u00e1rio Oficial da Uni\u00e3o (DOU), a&hellip;<\/p>\n","protected":false},"author":3,"featured_media":0,"comment_status":"closed","ping_status":"closed","sticky":false,"template":"","format":"standard","meta":{"footnotes":""},"categories":[15],"tags":[1413,1444],"class_list":["post-24937","post","type-post","status-publish","format-standard","hentry","category-noticias","tag-intervencao","tag-ufrrj","category-15","description-off"],"_links":{"self":[{"href":"https:\/\/www.adufpb.org.br\/site\/wp-json\/wp\/v2\/posts\/24937","targetHints":{"allow":["GET"]}}],"collection":[{"href":"https:\/\/www.adufpb.org.br\/site\/wp-json\/wp\/v2\/posts"}],"about":[{"href":"https:\/\/www.adufpb.org.br\/site\/wp-json\/wp\/v2\/types\/post"}],"author":[{"embeddable":true,"href":"https:\/\/www.adufpb.org.br\/site\/wp-json\/wp\/v2\/users\/3"}],"replies":[{"embeddable":true,"href":"https:\/\/www.adufpb.org.br\/site\/wp-json\/wp\/v2\/comments?post=24937"}],"version-history":[{"count":1,"href":"https:\/\/www.adufpb.org.br\/site\/wp-json\/wp\/v2\/posts\/24937\/revisions"}],"predecessor-version":[{"id":24938,"href":"https:\/\/www.adufpb.org.br\/site\/wp-json\/wp\/v2\/posts\/24937\/revisions\/24938"}],"wp:attachment":[{"href":"https:\/\/www.adufpb.org.br\/site\/wp-json\/wp\/v2\/media?parent=24937"}],"wp:term":[{"taxonomy":"category","embeddable":true,"href":"https:\/\/www.adufpb.org.br\/site\/wp-json\/wp\/v2\/categories?post=24937"},{"taxonomy":"post_tag","embeddable":true,"href":"https:\/\/www.adufpb.org.br\/site\/wp-json\/wp\/v2\/tags?post=24937"}],"curies":[{"name":"wp","href":"https:\/\/api.w.org\/{rel}","templated":true}]}}