{"id":24916,"date":"2021-04-10T17:55:44","date_gmt":"2021-04-10T20:55:44","guid":{"rendered":"https:\/\/www.adufpb.org.br\/site\/?p=24916"},"modified":"2021-04-10T17:55:44","modified_gmt":"2021-04-10T20:55:44","slug":"nota-de-pesar-maria-gerusa-jacinto-seixas","status":"publish","type":"post","link":"https:\/\/www.adufpb.org.br\/site\/nota-de-pesar-maria-gerusa-jacinto-seixas\/","title":{"rendered":"NOTA DE PESAR &#8211; Maria Gerusa Jacinto Seixas"},"content":{"rendered":"<p><a class=\"dt-pswp-item\" href=\"https:\/\/www.adufpb.org.br\/site\/wp-content\/uploads\/2021\/04\/maria-gerusa.png\" data-dt-img-description=\"\" data-large_image_width=\"391\" data-large_image_height=\"463\"><img loading=\"lazy\" decoding=\"async\" class=\"alignnone size-medium wp-image-24918\" src=\"https:\/\/www.adufpb.org.br\/site\/wp-content\/uploads\/2021\/04\/maria-gerusa-253x300.png\" alt=\"\" width=\"253\" height=\"300\" srcset=\"https:\/\/www.adufpb.org.br\/site\/wp-content\/uploads\/2021\/04\/maria-gerusa-253x300.png 253w, https:\/\/www.adufpb.org.br\/site\/wp-content\/uploads\/2021\/04\/maria-gerusa-250x296.png 250w, https:\/\/www.adufpb.org.br\/site\/wp-content\/uploads\/2021\/04\/maria-gerusa.png 391w\" sizes=\"auto, (max-width: 253px) 100vw, 253px\" \/><\/a><a class=\"dt-pswp-item\" href=\"https:\/\/www.adufpb.org.br\/site\/wp-content\/uploads\/2021\/04\/maria-gerusa-2.png\" data-dt-img-description=\"\" data-large_image_width=\"171\" data-large_image_height=\"208\"><img loading=\"lazy\" decoding=\"async\" class=\"size-full wp-image-24917 alignnone\" src=\"https:\/\/www.adufpb.org.br\/site\/wp-content\/uploads\/2021\/04\/maria-gerusa-2.png\" alt=\"\" width=\"171\" height=\"208\" \/><\/a><\/p>\n<p>&nbsp;<\/p>\n<p><span style=\"font-size: 14pt;\">Todos que fazem a ADUFPB v\u00eam a p\u00fablico manifestar profundo pesar pelo falecimento, de <strong>MARIA GERUSA JACINTO SEIXAS<\/strong>, professora aposentada do Departamento de Obstetr\u00edcia e Ginecologia, do Centro de Ci\u00eancias M\u00e9dicas, da Universidade Federal da Para\u00edba.<\/span><\/p>\n<p><span style=\"font-size: 14pt;\">A professora <strong>GERUSA<\/strong> foi s\u00f3cia da ADUFPB desde 17\/06\/1994. Aos membros da fam\u00edlia e amigos, nossos sentimentos e solidariedade.<\/span><\/p>\n<p>&nbsp;<\/p>\n<p style=\"text-align: center;\"><span style=\"font-size: 14pt;\">Jo\u00e3o Pessoa, 09 de abril de 2021.<\/span><\/p>\n<p style=\"text-align: center;\"><strong><span style=\"font-size: 14pt;\">DIRETORIA EXECUTIVA<\/span><\/strong><br \/>\n<span style=\"font-size: 14pt;\"><strong>FUNCION\u00c1RIOS DA ADUFPB<\/strong>.<\/span><\/p>\n<p>&nbsp;<\/p>\n","protected":false},"excerpt":{"rendered":"<p>&nbsp; Todos que fazem a ADUFPB v\u00eam a p\u00fablico manifestar profundo pesar pelo falecimento, de MARIA GERUSA JACINTO SEIXAS, professora aposentada do Departamento de Obstetr\u00edcia e Ginecologia, do Centro de Ci\u00eancias M\u00e9dicas, da Universidade Federal da Para\u00edba. A professora GERUSA foi s\u00f3cia da ADUFPB desde 17\/06\/1994. Aos membros da fam\u00edlia e amigos, nossos sentimentos e&hellip;<\/p>\n","protected":false},"author":3,"featured_media":0,"comment_status":"closed","ping_status":"closed","sticky":false,"template":"","format":"standard","meta":{"footnotes":""},"categories":[15],"tags":[],"class_list":["post-24916","post","type-post","status-publish","format-standard","hentry","category-noticias","category-15","description-off"],"_links":{"self":[{"href":"https:\/\/www.adufpb.org.br\/site\/wp-json\/wp\/v2\/posts\/24916","targetHints":{"allow":["GET"]}}],"collection":[{"href":"https:\/\/www.adufpb.org.br\/site\/wp-json\/wp\/v2\/posts"}],"about":[{"href":"https:\/\/www.adufpb.org.br\/site\/wp-json\/wp\/v2\/types\/post"}],"author":[{"embeddable":true,"href":"https:\/\/www.adufpb.org.br\/site\/wp-json\/wp\/v2\/users\/3"}],"replies":[{"embeddable":true,"href":"https:\/\/www.adufpb.org.br\/site\/wp-json\/wp\/v2\/comments?post=24916"}],"version-history":[{"count":1,"href":"https:\/\/www.adufpb.org.br\/site\/wp-json\/wp\/v2\/posts\/24916\/revisions"}],"predecessor-version":[{"id":24919,"href":"https:\/\/www.adufpb.org.br\/site\/wp-json\/wp\/v2\/posts\/24916\/revisions\/24919"}],"wp:attachment":[{"href":"https:\/\/www.adufpb.org.br\/site\/wp-json\/wp\/v2\/media?parent=24916"}],"wp:term":[{"taxonomy":"category","embeddable":true,"href":"https:\/\/www.adufpb.org.br\/site\/wp-json\/wp\/v2\/categories?post=24916"},{"taxonomy":"post_tag","embeddable":true,"href":"https:\/\/www.adufpb.org.br\/site\/wp-json\/wp\/v2\/tags?post=24916"}],"curies":[{"name":"wp","href":"https:\/\/api.w.org\/{rel}","templated":true}]}}