{"id":24879,"date":"2021-03-27T22:43:48","date_gmt":"2021-03-28T01:43:48","guid":{"rendered":"https:\/\/www.adufpb.org.br\/site\/?p=24879"},"modified":"2021-04-13T19:21:05","modified_gmt":"2021-04-13T22:21:05","slug":"marcelo-barbosa-presente","status":"publish","type":"post","link":"https:\/\/www.adufpb.org.br\/site\/marcelo-barbosa-presente\/","title":{"rendered":"Marcelo Barbosa presente!"},"content":{"rendered":"<p><span style=\"font-size: 14pt;\"><a class=\"dt-pswp-item\" href=\"https:\/\/www.adufpb.org.br\/site\/wp-content\/uploads\/2021\/03\/marcelo-6.jpg\" data-dt-img-description=\"\" data-large_image_width=\"501\" data-large_image_height=\"372\"><img loading=\"lazy\" decoding=\"async\" class=\"aligncenter size-full wp-image-24889\" src=\"https:\/\/www.adufpb.org.br\/site\/wp-content\/uploads\/2021\/03\/marcelo-6.jpg\" alt=\"\" width=\"501\" height=\"372\" srcset=\"https:\/\/www.adufpb.org.br\/site\/wp-content\/uploads\/2021\/03\/marcelo-6.jpg 501w, https:\/\/www.adufpb.org.br\/site\/wp-content\/uploads\/2021\/03\/marcelo-6-300x223.jpg 300w, https:\/\/www.adufpb.org.br\/site\/wp-content\/uploads\/2021\/03\/marcelo-6-250x186.jpg 250w\" sizes=\"auto, (max-width: 501px) 100vw, 501px\" \/><\/a>Recebemos com imensa tristeza a not\u00edcia do falecimento do companheiro Marcelo Barbosa, um ser humano generoso, amigo, solid\u00e1rio, um funcion\u00e1rio valoroso e um colega inesquec\u00edvel, patrim\u00f4nio moral e hist\u00f3rico do sindicato, querido de todos n\u00f3s que fazemos a Adufpb. Marcelo foi um ser de luz. \u00cdntegro, digno, honrado, gentil, Marcelo era sempre prestativo e generoso, inclusive na alegria que distribu\u00eda diariamente aos seus in\u00fameros seguidores das redes sociais. N\u00e3o havia um dia sequer em que Marcelo Barbosa n\u00e3o nos enviasse uma mensagem de paz, conforto, esperan\u00e7a. Fazia quest\u00e3o de nos manter informados, compartilhando conosco links dos grandes jornais em circula\u00e7\u00e3o, distribuindo arquivos de livros, v\u00eddeos de arte, sem jamais esquecer de nos enviar um amig\u00e1vel bom dia, uma confortadora boa noite.<\/span><\/p>\n<p><span style=\"font-size: 14pt;\"><a class=\"dt-pswp-item\" href=\"https:\/\/www.adufpb.org.br\/site\/wp-content\/uploads\/2021\/03\/marcelo-5.jpg\" data-dt-img-description=\"\" data-large_image_width=\"1280\" data-large_image_height=\"891\"><img loading=\"lazy\" decoding=\"async\" class=\"alignright size-medium wp-image-24884\" src=\"https:\/\/www.adufpb.org.br\/site\/wp-content\/uploads\/2021\/03\/marcelo-5-300x209.jpg\" alt=\"\" width=\"300\" height=\"209\" srcset=\"https:\/\/www.adufpb.org.br\/site\/wp-content\/uploads\/2021\/03\/marcelo-5-300x209.jpg 300w, https:\/\/www.adufpb.org.br\/site\/wp-content\/uploads\/2021\/03\/marcelo-5-1024x713.jpg 1024w, https:\/\/www.adufpb.org.br\/site\/wp-content\/uploads\/2021\/03\/marcelo-5-768x535.jpg 768w, https:\/\/www.adufpb.org.br\/site\/wp-content\/uploads\/2021\/03\/marcelo-5-250x174.jpg 250w, https:\/\/www.adufpb.org.br\/site\/wp-content\/uploads\/2021\/03\/marcelo-5.jpg 1280w\" sizes=\"auto, (max-width: 300px) 100vw, 300px\" \/><\/a>Nesse momento de grande pesar, externamos nossos sentimentos de solidariedade \u00e0 sua fam\u00edlia, a esposa Reniete, seus 4 amados filhos Marcela, Maria Eduarda, Luca e Madu, e aos amigos do nosso estimado colega e camarada. Hoje todos os lamentos s\u00e3o insuficientes, amanh\u00e3 toda luta far-se-\u00e1 necess\u00e1ria para continuarmos a combater essa terr\u00edvel pandemia que nos tem privado de pessoas queridas e especiais como Marcelo. Estar\u00e1s sempre em nossos cora\u00e7\u00f5es, grande amigo! Marcelo Barbosa Presente! Marcelo Barbosa Presente! Marcelo Barbosa Presente! Hoje e Sempre!<\/span><\/p>\n<p style=\"text-align: center;\"><strong><span style=\"font-size: 14pt;\">Diretoria Executiva da ADUFPB<\/span><\/strong><\/p>\n<p style=\"text-align: center;\"><span style=\"font-size: 14pt;\"><strong>27 de mar\u00e7o de 2021<\/strong><\/span><\/p>\n<p>&nbsp;<\/p>\n<div style=\"width: 720px;\" class=\"wp-video\"><video class=\"wp-video-shortcode\" id=\"video-24879-1\" width=\"720\" height=\"720\" preload=\"metadata\" controls=\"controls\"><source type=\"video\/mp4\" src=\"https:\/\/www.adufpb.org.br\/site\/wp-content\/uploads\/2021\/03\/WhatsApp-Video-2021-03-27-at-21.52.28.mp4?_=1\" \/><a href=\"https:\/\/www.adufpb.org.br\/site\/wp-content\/uploads\/2021\/03\/WhatsApp-Video-2021-03-27-at-21.52.28.mp4\">https:\/\/www.adufpb.org.br\/site\/wp-content\/uploads\/2021\/03\/WhatsApp-Video-2021-03-27-at-21.52.28.mp4<\/a><\/video><\/div>\n","protected":false},"excerpt":{"rendered":"<p>Recebemos com imensa tristeza a not\u00edcia do falecimento do companheiro Marcelo Barbosa, um ser humano generoso, amigo, solid\u00e1rio, um funcion\u00e1rio valoroso e um colega inesquec\u00edvel, patrim\u00f4nio moral e hist\u00f3rico do sindicato, querido de todos n\u00f3s que fazemos a Adufpb. Marcelo foi um ser de luz. \u00cdntegro, digno, honrado, gentil, Marcelo era sempre prestativo e generoso,&hellip;<\/p>\n","protected":false},"author":3,"featured_media":24889,"comment_status":"closed","ping_status":"closed","sticky":false,"template":"","format":"standard","meta":{"footnotes":""},"categories":[1405,15,417],"tags":[],"class_list":["post-24879","post","type-post","status-publish","format-standard","has-post-thumbnail","hentry","category-chamada-principal","category-noticias","category-noticias-destaque","category-1405","category-15","category-417","description-off"],"_links":{"self":[{"href":"https:\/\/www.adufpb.org.br\/site\/wp-json\/wp\/v2\/posts\/24879","targetHints":{"allow":["GET"]}}],"collection":[{"href":"https:\/\/www.adufpb.org.br\/site\/wp-json\/wp\/v2\/posts"}],"about":[{"href":"https:\/\/www.adufpb.org.br\/site\/wp-json\/wp\/v2\/types\/post"}],"author":[{"embeddable":true,"href":"https:\/\/www.adufpb.org.br\/site\/wp-json\/wp\/v2\/users\/3"}],"replies":[{"embeddable":true,"href":"https:\/\/www.adufpb.org.br\/site\/wp-json\/wp\/v2\/comments?post=24879"}],"version-history":[{"count":5,"href":"https:\/\/www.adufpb.org.br\/site\/wp-json\/wp\/v2\/posts\/24879\/revisions"}],"predecessor-version":[{"id":24890,"href":"https:\/\/www.adufpb.org.br\/site\/wp-json\/wp\/v2\/posts\/24879\/revisions\/24890"}],"wp:featuredmedia":[{"embeddable":true,"href":"https:\/\/www.adufpb.org.br\/site\/wp-json\/wp\/v2\/media\/24889"}],"wp:attachment":[{"href":"https:\/\/www.adufpb.org.br\/site\/wp-json\/wp\/v2\/media?parent=24879"}],"wp:term":[{"taxonomy":"category","embeddable":true,"href":"https:\/\/www.adufpb.org.br\/site\/wp-json\/wp\/v2\/categories?post=24879"},{"taxonomy":"post_tag","embeddable":true,"href":"https:\/\/www.adufpb.org.br\/site\/wp-json\/wp\/v2\/tags?post=24879"}],"curies":[{"name":"wp","href":"https:\/\/api.w.org\/{rel}","templated":true}]}}