{"id":24826,"date":"2021-03-12T11:09:50","date_gmt":"2021-03-12T14:09:50","guid":{"rendered":"https:\/\/www.adufpb.org.br\/site\/?p=24826"},"modified":"2021-03-23T01:02:22","modified_gmt":"2021-03-23T04:02:22","slug":"adufpb-realiza-assembleia-virtual-na-proxima-terca-feira-16","status":"publish","type":"post","link":"https:\/\/www.adufpb.org.br\/site\/adufpb-realiza-assembleia-virtual-na-proxima-terca-feira-16\/","title":{"rendered":"ADUFPB realiza assembleia virtual na pr\u00f3xima ter\u00e7a-feira (16)"},"content":{"rendered":"<p><a class=\"dt-pswp-item\" href=\"https:\/\/www.adufpb.org.br\/site\/wp-content\/uploads\/2021\/03\/2021.03.16-assembleia-virtual.jpeg\" data-dt-img-description=\"\" data-large_image_width=\"1078\" data-large_image_height=\"1080\"><img loading=\"lazy\" decoding=\"async\" class=\"alignright size-medium wp-image-24827\" src=\"https:\/\/www.adufpb.org.br\/site\/wp-content\/uploads\/2021\/03\/2021.03.16-assembleia-virtual-300x300.jpeg\" alt=\"\" width=\"300\" height=\"300\" srcset=\"https:\/\/www.adufpb.org.br\/site\/wp-content\/uploads\/2021\/03\/2021.03.16-assembleia-virtual-300x300.jpeg 300w, https:\/\/www.adufpb.org.br\/site\/wp-content\/uploads\/2021\/03\/2021.03.16-assembleia-virtual-1022x1024.jpeg 1022w, https:\/\/www.adufpb.org.br\/site\/wp-content\/uploads\/2021\/03\/2021.03.16-assembleia-virtual-150x150.jpeg 150w, https:\/\/www.adufpb.org.br\/site\/wp-content\/uploads\/2021\/03\/2021.03.16-assembleia-virtual-768x769.jpeg 768w, https:\/\/www.adufpb.org.br\/site\/wp-content\/uploads\/2021\/03\/2021.03.16-assembleia-virtual-250x250.jpeg 250w, https:\/\/www.adufpb.org.br\/site\/wp-content\/uploads\/2021\/03\/2021.03.16-assembleia-virtual.jpeg 1078w\" sizes=\"auto, (max-width: 300px) 100vw, 300px\" \/><\/a>Os professores da UFPB re\u00fanem-se em assembleia na pr\u00f3xima ter\u00e7a-feira, dia 16 de mar\u00e7o. A atividade ser\u00e1 realizada a partir das 14h por videoconfer\u00eancia, por meio da plataforma Zoom. Os docentes receber\u00e3o o link pelo e-mail adufpb@terra.com.br ou pelo Whatsapp 9.9645-7000.<\/p>\n<p>Em pauta est\u00e3o os seguintes pontos: informes, debate sobre conjuntura e a campanha &#8220;Fora Bolsonaro!&#8221;, debate sobre greve e defini\u00e7\u00e3o para o 11\u00ba Conad Extraordin\u00e1rio do Andes-SN (defini\u00e7\u00e3o de delegado e observadores).<\/p>\n<p><span style=\"text-decoration: underline;\"><strong>AGENDE-SE<\/strong><\/span><br \/>\n<strong>Assembleia virtual<\/strong><\/p>\n<p><strong>Data:<\/strong> ter\u00e7a-feira, 16\/3<br \/>\n<strong>Hor\u00e1rio:<\/strong> 14h<br \/>\n<strong>Pauta:<\/strong><br \/>\n&#8211; Informes<br \/>\n&#8211; Conjuntura (Fora Bolsonaro!)<br \/>\n&#8211; Debate sobre greve<br \/>\n&#8211; Conad (pauta e defini\u00e7\u00e3o de delegado e observadores)<\/p>\n<p><strong>Como acessar:<\/strong> O link ser\u00e1 disponibilizado para os docentes por e-mail (adufpb@terra.com.br) e pelo Whatsapp (9.9645-7000) <strong>1 HORA ANTES DA REUNI\u00c3O<\/strong><\/p>\n<p><em>Fonte: Ascom ADUFPB<\/em><\/p>\n","protected":false},"excerpt":{"rendered":"<p>Os professores da UFPB re\u00fanem-se em assembleia na pr\u00f3xima ter\u00e7a-feira, dia 16 de mar\u00e7o. A atividade ser\u00e1 realizada a partir das 14h por videoconfer\u00eancia, por meio da plataforma Zoom. Os docentes receber\u00e3o o link pelo e-mail adufpb@terra.com.br ou pelo Whatsapp 9.9645-7000. Em pauta est\u00e3o os seguintes pontos: informes, debate sobre conjuntura e a campanha &#8220;Fora&hellip;<\/p>\n","protected":false},"author":3,"featured_media":24827,"comment_status":"closed","ping_status":"closed","sticky":false,"template":"","format":"standard","meta":{"footnotes":""},"categories":[1405,15],"tags":[816,164,1355,132],"class_list":["post-24826","post","type-post","status-publish","format-standard","has-post-thumbnail","hentry","category-chamada-principal","category-noticias","tag-assembleia","tag-conad","tag-fora-bolsonaro","tag-greve","category-1405","category-15","description-off"],"_links":{"self":[{"href":"https:\/\/www.adufpb.org.br\/site\/wp-json\/wp\/v2\/posts\/24826","targetHints":{"allow":["GET"]}}],"collection":[{"href":"https:\/\/www.adufpb.org.br\/site\/wp-json\/wp\/v2\/posts"}],"about":[{"href":"https:\/\/www.adufpb.org.br\/site\/wp-json\/wp\/v2\/types\/post"}],"author":[{"embeddable":true,"href":"https:\/\/www.adufpb.org.br\/site\/wp-json\/wp\/v2\/users\/3"}],"replies":[{"embeddable":true,"href":"https:\/\/www.adufpb.org.br\/site\/wp-json\/wp\/v2\/comments?post=24826"}],"version-history":[{"count":1,"href":"https:\/\/www.adufpb.org.br\/site\/wp-json\/wp\/v2\/posts\/24826\/revisions"}],"predecessor-version":[{"id":24828,"href":"https:\/\/www.adufpb.org.br\/site\/wp-json\/wp\/v2\/posts\/24826\/revisions\/24828"}],"wp:featuredmedia":[{"embeddable":true,"href":"https:\/\/www.adufpb.org.br\/site\/wp-json\/wp\/v2\/media\/24827"}],"wp:attachment":[{"href":"https:\/\/www.adufpb.org.br\/site\/wp-json\/wp\/v2\/media?parent=24826"}],"wp:term":[{"taxonomy":"category","embeddable":true,"href":"https:\/\/www.adufpb.org.br\/site\/wp-json\/wp\/v2\/categories?post=24826"},{"taxonomy":"post_tag","embeddable":true,"href":"https:\/\/www.adufpb.org.br\/site\/wp-json\/wp\/v2\/tags?post=24826"}],"curies":[{"name":"wp","href":"https:\/\/api.w.org\/{rel}","templated":true}]}}