{"id":24801,"date":"2021-03-09T22:56:12","date_gmt":"2021-03-10T01:56:12","guid":{"rendered":"https:\/\/www.adufpb.org.br\/site\/?p=24801"},"modified":"2021-03-10T16:59:04","modified_gmt":"2021-03-10T19:59:04","slug":"nota-de-solidariedade-a-professora-erika-suruagy-e-a-aduferpe","status":"publish","type":"post","link":"https:\/\/www.adufpb.org.br\/site\/nota-de-solidariedade-a-professora-erika-suruagy-e-a-aduferpe\/","title":{"rendered":"Nota de solidariedade \u00e0 professora Erika Suruagy e \u00e0 ADUFERPE"},"content":{"rendered":"<p><span style=\"font-size: 14pt;\">A Diretoria da ADUFPB, ao tomar conhecimento da not\u00edcia de convoca\u00e7\u00e3o da professora Erika Suruagy &#8211; ex-presidenta e atual vice-presidenta da Sess\u00e3o Sindical dos Docentes da Universidade Federal Rural de Pernambuco (ADUFERPE) -, para depor, na Pol\u00edcia Federal, em inqu\u00e9rito criminal aberto a pedido do Presidente Jair Bolsonaro para apurar campanha publicit\u00e1ria do sindicato, vem a p\u00fablico externar solidariedade \u00e0 professora e \u00e0 ADUFERPE, que, na amplitude de suas prerrogativas constitucionais, exerciam o seu livre direito de express\u00e3o e manifesta\u00e7\u00e3o.<\/span><\/p>\n<p><span style=\"font-size: 14pt;\">Ao voltar-se contra a dire\u00e7\u00e3o de uma entidade sindical representativa da categoria Docente, o Governo Federal busca ampliar e refor\u00e7ar a campanha obscurantista que vem promovendo contra as universidades desde o in\u00edcio do seu mandato.<\/span><\/p>\n<p><span style=\"font-size: 14pt;\">A ADUFPB se coloca ombro a ombro com sua coirm\u00e3, a ADUFERPE, e com nossa companheira de lutas, a professora Erica Suruagy, na defesa da Democracia, da liberdade sindical e da liberdade de express\u00e3o e manifesta\u00e7\u00e3o e pelo fim da persegui\u00e7\u00e3o de Jair Bolsonaro \u00e0s Professoras e Professores Universit\u00e1rios.<\/span><\/p>\n<p><span style=\"font-size: 14pt;\"><strong>\u00a0<\/strong><\/span><\/p>\n<p><span style=\"font-size: 14pt;\"><strong>TODO APOIO \u00c0 ADUFERPE!<\/strong><\/span><\/p>\n<p><span style=\"font-size: 14pt;\"><strong>N\u00c3O \u00c0 CRIMINALIZA\u00c7\u00c3O DO MOVIMENTO SINDICAL!<\/strong><\/span><\/p>\n<p><span style=\"font-size: 14pt;\"><strong>N\u00c3O CALAR\u00c3O OS SINDICATOS!<\/strong><\/span><\/p>\n<p><span style=\"font-size: 14pt;\"><strong>N\u00c3O IMPEDIR\u00c3O A LIVRE MANIFESTA\u00c7\u00c3O!<\/strong><\/span><\/p>\n<p><span style=\"font-size: 14pt;\"><strong>FORA BOLSONARO!<\/strong><\/span><\/p>\n<p>&nbsp;<\/p>\n<p style=\"text-align: center;\"><span style=\"font-size: 14pt;\">Jo\u00e3o Pessoa, 09 de Mar\u00e7o de 2021.<\/span><\/p>\n<p>&nbsp;<\/p>\n<p style=\"text-align: center;\"><span style=\"font-size: 14pt;\">Diretoria da Adufpb<\/span><\/p>\n<p>&nbsp;<\/p>\n<p><a class=\"dt-pswp-item\" href=\"https:\/\/www.adufpb.org.br\/site\/wp-content\/uploads\/2021\/03\/Nota-de-solidariedade-a-professora-Erika-Suruagy-e-a-ADUFERPE.jpg\" data-dt-img-description=\"\" data-large_image_width=\"912\" data-large_image_height=\"1280\"><img loading=\"lazy\" decoding=\"async\" class=\"aligncenter size-full wp-image-24802\" src=\"https:\/\/www.adufpb.org.br\/site\/wp-content\/uploads\/2021\/03\/Nota-de-solidariedade-a-professora-Erika-Suruagy-e-a-ADUFERPE.jpg\" alt=\"\" width=\"912\" height=\"1280\" srcset=\"https:\/\/www.adufpb.org.br\/site\/wp-content\/uploads\/2021\/03\/Nota-de-solidariedade-a-professora-Erika-Suruagy-e-a-ADUFERPE.jpg 912w, https:\/\/www.adufpb.org.br\/site\/wp-content\/uploads\/2021\/03\/Nota-de-solidariedade-a-professora-Erika-Suruagy-e-a-ADUFERPE-214x300.jpg 214w, https:\/\/www.adufpb.org.br\/site\/wp-content\/uploads\/2021\/03\/Nota-de-solidariedade-a-professora-Erika-Suruagy-e-a-ADUFERPE-730x1024.jpg 730w, https:\/\/www.adufpb.org.br\/site\/wp-content\/uploads\/2021\/03\/Nota-de-solidariedade-a-professora-Erika-Suruagy-e-a-ADUFERPE-768x1078.jpg 768w, https:\/\/www.adufpb.org.br\/site\/wp-content\/uploads\/2021\/03\/Nota-de-solidariedade-a-professora-Erika-Suruagy-e-a-ADUFERPE-250x351.jpg 250w\" sizes=\"auto, (max-width: 912px) 100vw, 912px\" \/><\/a><\/p>\n","protected":false},"excerpt":{"rendered":"<p>A Diretoria da ADUFPB, ao tomar conhecimento da not\u00edcia de convoca\u00e7\u00e3o da professora Erika Suruagy &#8211; ex-presidenta e atual vice-presidenta da Sess\u00e3o Sindical dos Docentes da Universidade Federal Rural de Pernambuco (ADUFERPE) -, para depor, na Pol\u00edcia Federal, em inqu\u00e9rito criminal aberto a pedido do Presidente Jair Bolsonaro para apurar campanha publicit\u00e1ria do sindicato, vem&hellip;<\/p>\n","protected":false},"author":3,"featured_media":24803,"comment_status":"closed","ping_status":"closed","sticky":false,"template":"","format":"standard","meta":{"footnotes":""},"categories":[1405,417],"tags":[],"class_list":["post-24801","post","type-post","status-publish","format-standard","has-post-thumbnail","hentry","category-chamada-principal","category-noticias-destaque","category-1405","category-417","description-off"],"_links":{"self":[{"href":"https:\/\/www.adufpb.org.br\/site\/wp-json\/wp\/v2\/posts\/24801","targetHints":{"allow":["GET"]}}],"collection":[{"href":"https:\/\/www.adufpb.org.br\/site\/wp-json\/wp\/v2\/posts"}],"about":[{"href":"https:\/\/www.adufpb.org.br\/site\/wp-json\/wp\/v2\/types\/post"}],"author":[{"embeddable":true,"href":"https:\/\/www.adufpb.org.br\/site\/wp-json\/wp\/v2\/users\/3"}],"replies":[{"embeddable":true,"href":"https:\/\/www.adufpb.org.br\/site\/wp-json\/wp\/v2\/comments?post=24801"}],"version-history":[{"count":1,"href":"https:\/\/www.adufpb.org.br\/site\/wp-json\/wp\/v2\/posts\/24801\/revisions"}],"predecessor-version":[{"id":24804,"href":"https:\/\/www.adufpb.org.br\/site\/wp-json\/wp\/v2\/posts\/24801\/revisions\/24804"}],"wp:featuredmedia":[{"embeddable":true,"href":"https:\/\/www.adufpb.org.br\/site\/wp-json\/wp\/v2\/media\/24803"}],"wp:attachment":[{"href":"https:\/\/www.adufpb.org.br\/site\/wp-json\/wp\/v2\/media?parent=24801"}],"wp:term":[{"taxonomy":"category","embeddable":true,"href":"https:\/\/www.adufpb.org.br\/site\/wp-json\/wp\/v2\/categories?post=24801"},{"taxonomy":"post_tag","embeddable":true,"href":"https:\/\/www.adufpb.org.br\/site\/wp-json\/wp\/v2\/tags?post=24801"}],"curies":[{"name":"wp","href":"https:\/\/api.w.org\/{rel}","templated":true}]}}