{"id":2474,"date":"2012-01-25T08:40:23","date_gmt":"2012-01-25T12:40:23","guid":{"rendered":"http:\/\/www.adufpb.org.br\/site\/setores-definem-estrategias-de-luta-para-2012\/"},"modified":"2012-01-25T08:40:23","modified_gmt":"2012-01-25T12:40:23","slug":"setores-definem-estrategias-de-luta-para-2012","status":"publish","type":"post","link":"https:\/\/www.adufpb.org.br\/site\/setores-definem-estrategias-de-luta-para-2012\/","title":{"rendered":"Setores definem estrat\u00e9gias de luta para 2012"},"content":{"rendered":"<div id=\"_mcePaste\" style=\"position: absolute; left: -10000px; top: 0px; width: 1px; height: 1px; overflow-x: hidden; overflow-y: hidden;\">O \u00faltimo tema debatido no 31\u00ba Congresso do ANDES-SN tratou do Plano de Lutas das Institui\u00e7\u00f5es de Ensino Superior estaduais\/municipais, federais e particulares. \u201cNo geral, mantivemos a estrat\u00e9gia que j\u00e1 vem se consolidando no movimento, mas incorporamos novas lutas como forma de responder \u00e0s demandas do contexto atual\u201d, avalia o presidente da mesa e 1\u00ba secret\u00e1rio da Regional Norte do ANDES-SN, Arley Costa.<\/div>\n<div id=\"_mcePaste\" style=\"position: absolute; left: -10000px; top: 0px; width: 1px; height: 1px; overflow-x: hidden; overflow-y: hidden;\">Ele destaca a defini\u00e7\u00e3o de um Dia Nacional em Defesa do Financiamento e da Autonomia das Universidades Estaduais e Municipais, a utiliza\u00e7\u00e3o de um percentual do Fundo Nacional de Mobiliza\u00e7\u00e3o (FNM) para ajudar as se\u00e7\u00f5es sindicais das universidades estaduais e municipais em greve e a defini\u00e7\u00e3o de um calend\u00e1rio de luta dos setores como decis\u00f5es importantes tomadas no 31\u00ba Congresso. \u201cTamb\u00e9m acho crucial termos definido que devemos reagir nacionalmente \u00e0s tentativas dos governos e dos patr\u00f5es de tentar criminalizar os movimentos sociais\u201d, enfatizou.<\/div>\n<div id=\"_mcePaste\" style=\"position: absolute; left: -10000px; top: 0px; width: 1px; height: 1px; overflow-x: hidden; overflow-y: hidden;\">Ifes<\/div>\n<div id=\"_mcePaste\" style=\"position: absolute; left: -10000px; top: 0px; width: 1px; height: 1px; overflow-x: hidden; overflow-y: hidden;\">Nas discuss\u00f5es em torno do Plano de Lutas do setor das Institui\u00e7\u00f5es Federais de Ensino Superior (Ifes) foi definido o cronograma da campanha conjunta com os demais servidores federais e a pauta espec\u00edfica de reivindica\u00e7\u00f5es dos docentes das Ifes. Os participantes do 31\u00ba Congresso decidiram intensificar a luta pela reestrutura\u00e7\u00e3o da carreira, por valoriza\u00e7\u00e3o salarial e por melhoria nas condi\u00e7\u00f5es de trabalho.<\/div>\n<div id=\"_mcePaste\" style=\"position: absolute; left: -10000px; top: 0px; width: 1px; height: 1px; overflow-x: hidden; overflow-y: hidden;\">Praticamente toda a pauta de reivindica\u00e7\u00f5es apresentada na Campanha de 2011 foi reafirmada, com algumas inclus\u00f5es. Uma das mais urgentes \u00e9 a luta pela exclus\u00e3o de dispositivos antidemocr\u00e1ticos do Plano Plurianual, Lei de Diretrizes Or\u00e7ament\u00e1rias e Lei Or\u00e7ament\u00e1ria Anual (PPA\/LDO e LOA), como o artigo 78 da LDO\/2011, que visam obstruir a negocia\u00e7\u00e3o com os servidores p\u00fablicos sobre os seus direitos.<\/div>\n<div id=\"_mcePaste\" style=\"position: absolute; left: -10000px; top: 0px; width: 1px; height: 1px; overflow-x: hidden; overflow-y: hidden;\">Foi definido, tamb\u00e9m, que o Sindicato deve lutar pela carreira \u00fanica do professor federal, aprovada no 30\u00ba Congresso, como meio de extinguir a discrimina\u00e7\u00e3o entre professores do magist\u00e9rio superior e professores de Ensino B\u00e1sico T\u00e9cnico e Tecnol\u00f3gico (EBTT). Tamb\u00e9m foi decidido que as se\u00e7\u00f5es sindicais devem promover semin\u00e1rios e debates sobre a situa\u00e7\u00e3o dos Col\u00e9gio de Aplica\u00e7\u00e3o (CAP).<\/div>\n<div id=\"_mcePaste\" style=\"position: absolute; left: -10000px; top: 0px; width: 1px; height: 1px; overflow-x: hidden; overflow-y: hidden;\">Calend\u00e1rio<\/div>\n<div id=\"_mcePaste\" style=\"position: absolute; left: -10000px; top: 0px; width: 1px; height: 1px; overflow-x: hidden; overflow-y: hidden;\">De acordo com o aprovado, o cronograma de lutas da Campanha espec\u00edfica dos docentes em 2012, ajustado nas reuni\u00f5es do setor das Ifes. Provavelmente a primeira reuni\u00e3o ocorra j\u00e1 no dia 3 de fevereiro antecedendo a plen\u00e1ria dos SPF.<\/div>\n<div id=\"_mcePaste\" style=\"position: absolute; left: -10000px; top: 0px; width: 1px; height: 1px; overflow-x: hidden; overflow-y: hidden;\">Foi definido tamb\u00e9m que, de acordo com o calend\u00e1rio unificado das lutas dos Servidores P\u00fablicos Federais (SPF), \u00a0a pauta geral deve ser protocolizada junto ao governo nesta ter\u00e7a-feira (24. Nos dias 4 e 5 de fevereiro deve ser realizada plen\u00e1ria dos SPF em Bras\u00edlia. Foi definido, tamb\u00e9m, a realiza\u00e7\u00e3o de uma Semana Nacional de Mobiliza\u00e7\u00e3o dos SPF, com atos nos estados e marcha em Bras\u00edlia, de 12 a 16 de mar\u00e7o.<\/div>\n<div id=\"_mcePaste\" style=\"position: absolute; left: -10000px; top: 0px; width: 1px; height: 1px; overflow-x: hidden; overflow-y: hidden;\">Iees e Imes<\/div>\n<div id=\"_mcePaste\" style=\"position: absolute; left: -10000px; top: 0px; width: 1px; height: 1px; overflow-x: hidden; overflow-y: hidden;\">Em rela\u00e7\u00e3o ao setor das Institui\u00e7\u00f5es Estaduais de Ensino Superior (Iees) e Institui\u00e7\u00f5es Municipais de Ensino Superior (Imes) foi aprovado, al\u00e9m da promo\u00e7\u00e3o do Dia Nacional de Luta e de utiliza\u00e7\u00e3o de recursos do FNM, a realiza\u00e7\u00e3o, no primeiro semestre deste ano, do IX Encontro Nacional do Setor e a organiza\u00e7\u00e3o da luta pelo cumprimento das leis que definiram a regulamenta\u00e7\u00e3o or\u00e7ament\u00e1ria nos estados da Para\u00edba e Rio de Janeiro, entre outros temas.<\/div>\n<div id=\"_mcePaste\" style=\"position: absolute; left: -10000px; top: 0px; width: 1px; height: 1px; overflow-x: hidden; overflow-y: hidden;\">As discuss\u00f5es em torno da autonomia das universidades tamb\u00e9m foi outro tema bastante discutido, j\u00e1 que v\u00e1rios governadores e prefeitos t\u00eam procurado interferir no funcionamento dessas institui\u00e7\u00f5es.<\/div>\n<div id=\"_mcePaste\" style=\"position: absolute; left: -10000px; top: 0px; width: 1px; height: 1px; overflow-x: hidden; overflow-y: hidden;\">Ipes<\/div>\n<div id=\"_mcePaste\" style=\"position: absolute; left: -10000px; top: 0px; width: 1px; height: 1px; overflow-x: hidden; overflow-y: hidden;\">Em rela\u00e7\u00e3o ao setor das Institui\u00e7\u00f5es Particulares de Ensino (Ipes) foi decidido que o ANDES-SN deve aprofundar o debate acerca da estrutura do Sindicato e das quest\u00f5es pol\u00edtico-jur\u00eddica decorrentes das a\u00e7\u00f5es relacionadas ao registro e, tamb\u00e9m, construir uma proposta de refer\u00eancia nacional de diretrizes e princ\u00edpios.<\/div>\n<div id=\"_mcePaste\" style=\"position: absolute; left: -10000px; top: 0px; width: 1px; height: 1px; overflow-x: hidden; overflow-y: hidden;\">Tal proposta deve se basear nas determina\u00e7\u00f5es do Encontro do setor das Ipes realizado em outubro de 2010, que tamb\u00e9m servir\u00e3o de base para a elabora\u00e7\u00e3o de pautas de reivindica\u00e7\u00f5es das se\u00e7\u00f5es sindicais do setor. Entre os princ\u00edpios dessas pautas devem constar a gest\u00e3o democr\u00e1tica, a liberdade de organiza\u00e7\u00e3o sindical e a carreira e pol\u00edtica de capacita\u00e7\u00e3o docente.<\/div>\n<p>O \u00faltimo tema debatido no 31\u00ba Congresso do ANDES-SN tratou do Plano de Lutas das Institui\u00e7\u00f5es de Ensino Superior estaduais\/municipais, federais e particulares. \u201cNo geral, mantivemos a estrat\u00e9gia que j\u00e1 vem se consolidando no movimento, mas incorporamos novas lutas como forma de responder \u00e0s demandas do contexto atual\u201d, avalia o presidente da mesa e 1\u00ba secret\u00e1rio da Regional Norte do ANDES-SN, Arley Costa.<\/p>\n<p>Ele destaca a defini\u00e7\u00e3o de um Dia Nacional em Defesa do Financiamento e da Autonomia das Universidades Estaduais e Municipais, a utiliza\u00e7\u00e3o de um percentual do Fundo Nacional de Mobiliza\u00e7\u00e3o (FNM) para ajudar as se\u00e7\u00f5es sindicais das universidades estaduais e municipais em greve e a defini\u00e7\u00e3o de um calend\u00e1rio de luta dos setores como decis\u00f5es importantes tomadas no 31\u00ba Congresso. \u201cTamb\u00e9m acho crucial termos definido que devemos reagir nacionalmente \u00e0s tentativas dos governos e dos patr\u00f5es de tentar criminalizar os movimentos sociais\u201d, enfatizou.<\/p>\n<p>Ifes<\/p>\n<p>Nas discuss\u00f5es em torno do Plano de Lutas do setor das Institui\u00e7\u00f5es Federais de Ensino Superior (Ifes) foi definido o cronograma da campanha conjunta com os demais servidores federais e a pauta espec\u00edfica de reivindica\u00e7\u00f5es dos docentes das Ifes. Os participantes do 31\u00ba Congresso decidiram intensificar a luta pela reestrutura\u00e7\u00e3o da carreira, por valoriza\u00e7\u00e3o salarial e por melhoria nas condi\u00e7\u00f5es de trabalho.<\/p>\n<p>Praticamente toda a pauta de reivindica\u00e7\u00f5es apresentada na Campanha de 2011 foi reafirmada, com algumas inclus\u00f5es. Uma das mais urgentes \u00e9 a luta pela exclus\u00e3o de dispositivos antidemocr\u00e1ticos do Plano Plurianual, Lei de Diretrizes Or\u00e7ament\u00e1rias e Lei Or\u00e7ament\u00e1ria Anual (PPA\/LDO e LOA), como o artigo 78 da LDO\/2011, que visam obstruir a negocia\u00e7\u00e3o com os servidores p\u00fablicos sobre os seus direitos.<\/p>\n<p>Foi definido, tamb\u00e9m, que o Sindicato deve lutar pela carreira \u00fanica do professor federal, aprovada no 30\u00ba Congresso, como meio de extinguir a discrimina\u00e7\u00e3o entre professores do magist\u00e9rio superior e professores de Ensino B\u00e1sico T\u00e9cnico e Tecnol\u00f3gico (EBTT). Tamb\u00e9m foi decidido que as se\u00e7\u00f5es sindicais devem promover semin\u00e1rios e debates sobre a situa\u00e7\u00e3o dos Col\u00e9gio de Aplica\u00e7\u00e3o (CAP).<\/p>\n<p>Calend\u00e1rio<\/p>\n<p>De acordo com o aprovado, o cronograma de lutas da Campanha espec\u00edfica dos docentes em 2012, ajustado nas reuni\u00f5es do setor das Ifes. Provavelmente a primeira reuni\u00e3o ocorra j\u00e1 no dia 3 de fevereiro antecedendo a plen\u00e1ria dos SPF.<\/p>\n<p>Foi definido tamb\u00e9m que, de acordo com o calend\u00e1rio unificado das lutas dos Servidores P\u00fablicos Federais (SPF), \u00a0a pauta geral deve ser protocolizada junto ao governo nesta ter\u00e7a-feira (24. Nos dias 4 e 5 de fevereiro deve ser realizada plen\u00e1ria dos SPF em Bras\u00edlia. Foi definido, tamb\u00e9m, a realiza\u00e7\u00e3o de uma Semana Nacional de Mobiliza\u00e7\u00e3o dos SPF, com atos nos estados e marcha em Bras\u00edlia, de 12 a 16 de mar\u00e7o.<\/p>\n<p>Iees e Imes<\/p>\n<p>Em rela\u00e7\u00e3o ao setor das Institui\u00e7\u00f5es Estaduais de Ensino Superior (Iees) e Institui\u00e7\u00f5es Municipais de Ensino Superior (Imes) foi aprovado, al\u00e9m da promo\u00e7\u00e3o do Dia Nacional de Luta e de utiliza\u00e7\u00e3o de recursos do FNM, a realiza\u00e7\u00e3o, no primeiro semestre deste ano, do IX Encontro Nacional do Setor e a organiza\u00e7\u00e3o da luta pelo cumprimento das leis que definiram a regulamenta\u00e7\u00e3o or\u00e7ament\u00e1ria nos estados da Para\u00edba e Rio de Janeiro, entre outros temas.<\/p>\n<p>As discuss\u00f5es em torno da autonomia das universidades tamb\u00e9m foi outro tema bastante discutido, j\u00e1 que v\u00e1rios governadores e prefeitos t\u00eam procurado interferir no funcionamento dessas institui\u00e7\u00f5es.<\/p>\n<p>Ipes<\/p>\n<p>Em rela\u00e7\u00e3o ao setor das Institui\u00e7\u00f5es Particulares de Ensino (Ipes) foi decidido que o ANDES-SN deve aprofundar o debate acerca da estrutura do Sindicato e das quest\u00f5es pol\u00edtico-jur\u00eddica decorrentes das a\u00e7\u00f5es relacionadas ao registro e, tamb\u00e9m, construir uma proposta de refer\u00eancia nacional de diretrizes e princ\u00edpios.<\/p>\n<p>Tal proposta deve se basear nas determina\u00e7\u00f5es do Encontro do setor das Ipes realizado em outubro de 2010, que tamb\u00e9m servir\u00e3o de base para a elabora\u00e7\u00e3o de pautas de reivindica\u00e7\u00f5es das se\u00e7\u00f5es sindicais do setor. Entre os princ\u00edpios dessas pautas devem constar a gest\u00e3o democr\u00e1tica, a liberdade de organiza\u00e7\u00e3o sindical e a carreira e pol\u00edtica de capacita\u00e7\u00e3o docente.<\/p>\n<p>Fonte: Andes<\/p>\n","protected":false},"excerpt":{"rendered":"<p>O \u00faltimo tema debatido no 31\u00ba Congresso do ANDES-SN tratou do Plano de Lutas das Institui\u00e7\u00f5es de Ensino Superior estaduais\/municipais, federais e particulares. \u201cNo geral, mantivemos a estrat\u00e9gia que j\u00e1 vem se consolidando no movimento, mas incorporamos novas lutas como forma de responder \u00e0s demandas do contexto atual\u201d, avalia o presidente da mesa e 1\u00ba&hellip;<\/p>\n","protected":false},"author":1,"featured_media":0,"comment_status":"open","ping_status":"open","sticky":false,"template":"","format":"standard","meta":{"footnotes":""},"categories":[15],"tags":[92],"class_list":["post-2474","post","type-post","status-publish","format-standard","hentry","category-noticias","tag-andes","category-15","description-off"],"_links":{"self":[{"href":"https:\/\/www.adufpb.org.br\/site\/wp-json\/wp\/v2\/posts\/2474","targetHints":{"allow":["GET"]}}],"collection":[{"href":"https:\/\/www.adufpb.org.br\/site\/wp-json\/wp\/v2\/posts"}],"about":[{"href":"https:\/\/www.adufpb.org.br\/site\/wp-json\/wp\/v2\/types\/post"}],"author":[{"embeddable":true,"href":"https:\/\/www.adufpb.org.br\/site\/wp-json\/wp\/v2\/users\/1"}],"replies":[{"embeddable":true,"href":"https:\/\/www.adufpb.org.br\/site\/wp-json\/wp\/v2\/comments?post=2474"}],"version-history":[{"count":0,"href":"https:\/\/www.adufpb.org.br\/site\/wp-json\/wp\/v2\/posts\/2474\/revisions"}],"wp:attachment":[{"href":"https:\/\/www.adufpb.org.br\/site\/wp-json\/wp\/v2\/media?parent=2474"}],"wp:term":[{"taxonomy":"category","embeddable":true,"href":"https:\/\/www.adufpb.org.br\/site\/wp-json\/wp\/v2\/categories?post=2474"},{"taxonomy":"post_tag","embeddable":true,"href":"https:\/\/www.adufpb.org.br\/site\/wp-json\/wp\/v2\/tags?post=2474"}],"curies":[{"name":"wp","href":"https:\/\/api.w.org\/{rel}","templated":true}]}}