{"id":24725,"date":"2021-02-19T10:31:35","date_gmt":"2021-02-19T13:31:35","guid":{"rendered":"https:\/\/www.adufpb.org.br\/site\/?p=24725"},"modified":"2021-02-19T11:56:01","modified_gmt":"2021-02-19T14:56:01","slug":"nota-de-pesar-ana-gloria-cornelio-madruga","status":"publish","type":"post","link":"https:\/\/www.adufpb.org.br\/site\/nota-de-pesar-ana-gloria-cornelio-madruga\/","title":{"rendered":"NOTA DE PESAR &#8211; Ana Gl\u00f3ria Corn\u00e9lio Madruga"},"content":{"rendered":"<p><span style=\"font-size: 14pt;\"><a class=\"dt-pswp-item\" href=\"https:\/\/www.adufpb.org.br\/site\/wp-content\/uploads\/2021\/02\/Ana-Madruga.jpg\" data-dt-img-description=\"\" data-large_image_width=\"219\" data-large_image_height=\"372\"><img loading=\"lazy\" decoding=\"async\" class=\"aligncenter size-full wp-image-24726\" src=\"https:\/\/www.adufpb.org.br\/site\/wp-content\/uploads\/2021\/02\/Ana-Madruga.jpg\" alt=\"\" width=\"219\" height=\"372\" srcset=\"https:\/\/www.adufpb.org.br\/site\/wp-content\/uploads\/2021\/02\/Ana-Madruga.jpg 219w, https:\/\/www.adufpb.org.br\/site\/wp-content\/uploads\/2021\/02\/Ana-Madruga-177x300.jpg 177w\" sizes=\"auto, (max-width: 219px) 100vw, 219px\" \/><\/a><\/span><\/p>\n<p><span style=\"font-size: 14pt;\">A Diretoria Executiva e Funcion\u00e1rios da ADUFPB v\u00eam a p\u00fablico manifestar profundo pesar pelo falecimento de <strong>ANA GL\u00d3RIA CORN\u00c9LIO MADRUGA,<\/strong> professora aposentada do Departamento de Geoci\u00eancias, do Centro de Ci\u00eancias Exatas e da Natureza &#8211; CCEN, da Universidade Federal da Para\u00edba.<\/span><\/p>\n<p><span style=\"font-size: 14pt;\">A professora <strong>ANA MADRUGA<\/strong> era s\u00f3cia da ADUFPB desde 15\/09\/1980. Aos membros da fam\u00edlia e amigos, nossos sentimentos e solidariedade.<\/span><\/p>\n<p style=\"text-align: center;\"><span style=\"font-size: 14pt;\">Jo\u00e3o Pessoa, 18 de fevereiro de 2021.<\/span><\/p>\n<p style=\"text-align: center;\"><strong><span style=\"font-size: 14pt;\">DIRETORIA EXECUTIVA<\/span><\/strong><br \/>\n<strong><span style=\"font-size: 14pt;\">FUNCION\u00c1RIOS DA ADUFPB<\/span><\/strong><\/p>\n","protected":false},"excerpt":{"rendered":"<p>A Diretoria Executiva e Funcion\u00e1rios da ADUFPB v\u00eam a p\u00fablico manifestar profundo pesar pelo falecimento de ANA GL\u00d3RIA CORN\u00c9LIO MADRUGA, professora aposentada do Departamento de Geoci\u00eancias, do Centro de Ci\u00eancias Exatas e da Natureza &#8211; CCEN, da Universidade Federal da Para\u00edba. A professora ANA MADRUGA era s\u00f3cia da ADUFPB desde 15\/09\/1980. Aos membros da fam\u00edlia&hellip;<\/p>\n","protected":false},"author":3,"featured_media":0,"comment_status":"closed","ping_status":"closed","sticky":false,"template":"","format":"standard","meta":{"footnotes":""},"categories":[15],"tags":[],"class_list":["post-24725","post","type-post","status-publish","format-standard","hentry","category-noticias","category-15","description-off"],"_links":{"self":[{"href":"https:\/\/www.adufpb.org.br\/site\/wp-json\/wp\/v2\/posts\/24725","targetHints":{"allow":["GET"]}}],"collection":[{"href":"https:\/\/www.adufpb.org.br\/site\/wp-json\/wp\/v2\/posts"}],"about":[{"href":"https:\/\/www.adufpb.org.br\/site\/wp-json\/wp\/v2\/types\/post"}],"author":[{"embeddable":true,"href":"https:\/\/www.adufpb.org.br\/site\/wp-json\/wp\/v2\/users\/3"}],"replies":[{"embeddable":true,"href":"https:\/\/www.adufpb.org.br\/site\/wp-json\/wp\/v2\/comments?post=24725"}],"version-history":[{"count":2,"href":"https:\/\/www.adufpb.org.br\/site\/wp-json\/wp\/v2\/posts\/24725\/revisions"}],"predecessor-version":[{"id":24728,"href":"https:\/\/www.adufpb.org.br\/site\/wp-json\/wp\/v2\/posts\/24725\/revisions\/24728"}],"wp:attachment":[{"href":"https:\/\/www.adufpb.org.br\/site\/wp-json\/wp\/v2\/media?parent=24725"}],"wp:term":[{"taxonomy":"category","embeddable":true,"href":"https:\/\/www.adufpb.org.br\/site\/wp-json\/wp\/v2\/categories?post=24725"},{"taxonomy":"post_tag","embeddable":true,"href":"https:\/\/www.adufpb.org.br\/site\/wp-json\/wp\/v2\/tags?post=24725"}],"curies":[{"name":"wp","href":"https:\/\/api.w.org\/{rel}","templated":true}]}}