{"id":24604,"date":"2020-12-31T10:04:47","date_gmt":"2020-12-31T13:04:47","guid":{"rendered":"https:\/\/www.adufpb.org.br\/site\/?p=24604"},"modified":"2020-12-31T10:16:27","modified_gmt":"2020-12-31T13:16:27","slug":"retrospectiva-2020-um-ano-de-luta-perdas-e-ressureicao","status":"publish","type":"post","link":"https:\/\/www.adufpb.org.br\/site\/retrospectiva-2020-um-ano-de-luta-perdas-e-ressureicao\/","title":{"rendered":"Retrospectiva 2020: Um ano de luta, perdas e ressurei\u00e7\u00e3o"},"content":{"rendered":"<p>Em um ano marcado pelo medo do v\u00edrus, o afastamento for\u00e7ando daqueles que amamos e o desespero diante da incompet\u00eancia dos que nos governam, quem faz a luta sindical n\u00e3o se deixou paralisar. Ao contr\u00e1rio, viu-se desafiado a reinventar, a construir novas formas de enfrentar aqueles que subjugam os trabalhadores.<\/p>\n<p>A ADUFPB n\u00e3o parou. Adaptou-se, conquistou novos espa\u00e7os no mundo virtual, onde a luta \u00e9 mais real do que nunca. Este foi um ano de lamento sim, de chorar por aqueles que nos deixaram. Mas o sindicato n\u00e3o sucumbiu e nem vai sucumbir. Aguardamos 2021 de p\u00e9, com as armas da democracia nas m\u00e3os.<\/p>\n<p>Para marcar este ano de tantos e diversos sentimentos, a ADUFPB produziu um v\u00eddeo de retrospectiva carregado de poesia e sensibilidade. \u00c9 um convite a voltar no tempo para renovar as for\u00e7as e esperan\u00e7as nos novos dias.<\/p>\n<p>Confira (abaixo, leia o texto do v\u00eddeo):<\/p>\n<p><iframe loading=\"lazy\" title=\"Retrospectiva ADUFPB 2020\" width=\"1200\" height=\"675\" src=\"https:\/\/www.youtube.com\/embed\/1L_YWIdvlIw?feature=oembed\" frameborder=\"0\" allow=\"accelerometer; autoplay; clipboard-write; encrypted-media; gyroscope; picture-in-picture\" allowfullscreen><\/iframe><\/p>\n<p><em>Nascia 2020, prenhe de promessas, como nasce cada ano novo. E nossa luta se fez festa, celebra\u00e7\u00e3o, alegria. E saiu \u00e0s ruas. Fez-se a\u00e7\u00e3o, agita\u00e7\u00e3o, movimento, multid\u00e3o. Fez-se ato, fez-se gesto, fez-se nota, manifesto. Vestiu-se de frevo, fez-se folia, cantou e dan\u00e7ou com o povo&#8230; E se fez grito e ressoou no rito das Mulheres em Resist\u00eancia&#8230;<\/em><\/p>\n<p><em>Tudo ensejava luta: a democracia em vertigem, as amea\u00e7as do des\/governo, a destrui\u00e7\u00e3o de direitos&#8230;.<\/em><\/p>\n<p><em>De repente, a peste, a pandemia&#8230; a ADUFPB se faz for\u00e7a-tarefa: h\u00e1 que prover m\u00e1scaras, \u00e1lcool gel, respiradores, alimentos, campanhas de isolamento; ficar em casa, aprender o trabalho remoto, tudo isso ao mesmo tempo, no turbilh\u00e3o da luta, porque salvar vidas \u00e9 preciso&#8230;<\/em><\/p>\n<p><em>E \u00e9 preciso tamb\u00e9m salvar a educa\u00e7\u00e3o, discutir o ensino a dist\u00e2ncia, o mundo virtual, as car\u00eancias, as recusas, as escusas&#8230;<\/em><\/p>\n<p><em>A vida em modo hard diante do computador, a luta sem tr\u00e9guas: reuni\u00f5es, plen\u00e1rias, assembleias, lives, eventos, palestras&#8230; Confrontamos o autoritarismo institucional, exigimos treinamento virtual, per\u00edodo letivo experimental, condi\u00e7\u00f5es de trabalho, acesso universal. Assumimos a vanguarda dessa e de outras tantas lutas e nossas contundentes notas deram o tom aos debates e decis\u00f5es institucionais.<\/em><\/p>\n<p><em>Debatemos a gravidade do momento em 18 edi\u00e7\u00f5es do Realidade Brasileira e Universidade. Entramos de vez na era digital e nossos canais virtuais se tornaram espa\u00e7os efetivos de resist\u00eancia e luta. Nossas redes sociais se expandiram, multiplicaram-se nossos seguidores e nossas formas de atua\u00e7\u00e3o pol\u00edtica.<\/em><\/p>\n<p><em>Demos vez e voz aos artistas. Criamos o Momento Arte e Cultura e o Terra\u00e7o Cultural Virtual, produzindo 6 edi\u00e7\u00f5es do Quinteto Convida em Casa. \u00a0<\/em><\/p>\n<p><em>Em meio a tudo isso, a vida sindical seguia seu fluxo: a\u00e7\u00f5es, mo\u00e7\u00f5es, articula\u00e7\u00f5es, quest\u00f5es jur\u00eddicas, agenda pol\u00edtica nacional, demandas locais&#8230; Ap\u00f3s anos de espera e muita dedica\u00e7\u00e3o do sindicato, nossos sindicalizados e sindicalizadas receberam os precat\u00f3rios da a\u00e7\u00e3o dos 28,86%. Entramos em festa, com a certeza de que a justi\u00e7a foi feita.<\/em><\/p>\n<p><em>Foi assim que chegamos \u00e0s elei\u00e7\u00f5es e nossa luta por democracia e autonomia come\u00e7ou antes mesmo que ocorresse o pleito. Defendemos a paridade e a elei\u00e7\u00e3o em dois turnos. Lan\u00e7amos a consigna Reitora Eleita \u00e9 Reitora Empossada antes que fosse decretada a interven\u00e7\u00e3o na UFPB. Com a nomea\u00e7\u00e3o do interventor, novas demandas de luta: assembleias, passeatas, paralisa\u00e7\u00f5es, manifestos, comiss\u00f5es, eventos, a\u00e7\u00f5es jur\u00eddicas, pol\u00edticas, articula\u00e7\u00f5es nacionais&#8230; \u00a0<\/em><\/p>\n<p><em>Muito foi feito e muito ainda h\u00e1 que fazer, mas o ano envelheceu e seu esgotamento exige de n\u00f3s um balan\u00e7o das horas findas, uma avalia\u00e7\u00e3o das batalhas, ganhas e perdidas, uma pondera\u00e7\u00e3o sobre a medida do poss\u00edvel.<\/em><\/p>\n<p><em>Este foi certamente o ano mais dif\u00edcil das nossas vidas. \u00c9 preciso pausar o tempo para reverenciar os que se foram, os mais de 180 mil que tombaram v\u00edtimas dessa pandemia, muitos deles nossos conhecidos, amigos, familiares, colegas de trabalho, cujas mem\u00f3rias haveremos de honrar.<\/em><\/p>\n<p><em>Decantadas as tristezas, que sejamos capazes de destilar a esperan\u00e7a. Porque, a despeito das agruras de 2020, um ano novo se anuncia, nas palavras do poeta Jo\u00e3o Cabral: \u201cbelo, porque tem do novo, a surpresa e a alegria.[&#8230;] belo porque o novo todo o velho contagia [&#8230;] como o caderno novo quando a gente o principia\u201d&#8230;<\/em><\/p>\n<p><em>Que venha 2021! Estaremos juntos!<\/em><\/p>\n<p><em>Quem tem sindicato nunca est\u00e1 s\u00f3!<\/em><\/p>\n","protected":false},"excerpt":{"rendered":"<p>Em um ano marcado pelo medo do v\u00edrus, o afastamento for\u00e7ando daqueles que amamos e o desespero diante da incompet\u00eancia dos que nos governam, quem faz a luta sindical n\u00e3o se deixou paralisar. Ao contr\u00e1rio, viu-se desafiado a reinventar, a construir novas formas de enfrentar aqueles que subjugam os trabalhadores. A ADUFPB n\u00e3o parou. Adaptou-se,&hellip;<\/p>\n","protected":false},"author":3,"featured_media":24605,"comment_status":"closed","ping_status":"closed","sticky":false,"template":"","format":"standard","meta":{"footnotes":""},"categories":[1405],"tags":[1427],"class_list":["post-24604","post","type-post","status-publish","format-standard","has-post-thumbnail","hentry","category-chamada-principal","tag-retrospectiva-2020","category-1405","description-off"],"_links":{"self":[{"href":"https:\/\/www.adufpb.org.br\/site\/wp-json\/wp\/v2\/posts\/24604","targetHints":{"allow":["GET"]}}],"collection":[{"href":"https:\/\/www.adufpb.org.br\/site\/wp-json\/wp\/v2\/posts"}],"about":[{"href":"https:\/\/www.adufpb.org.br\/site\/wp-json\/wp\/v2\/types\/post"}],"author":[{"embeddable":true,"href":"https:\/\/www.adufpb.org.br\/site\/wp-json\/wp\/v2\/users\/3"}],"replies":[{"embeddable":true,"href":"https:\/\/www.adufpb.org.br\/site\/wp-json\/wp\/v2\/comments?post=24604"}],"version-history":[{"count":6,"href":"https:\/\/www.adufpb.org.br\/site\/wp-json\/wp\/v2\/posts\/24604\/revisions"}],"predecessor-version":[{"id":24611,"href":"https:\/\/www.adufpb.org.br\/site\/wp-json\/wp\/v2\/posts\/24604\/revisions\/24611"}],"wp:featuredmedia":[{"embeddable":true,"href":"https:\/\/www.adufpb.org.br\/site\/wp-json\/wp\/v2\/media\/24605"}],"wp:attachment":[{"href":"https:\/\/www.adufpb.org.br\/site\/wp-json\/wp\/v2\/media?parent=24604"}],"wp:term":[{"taxonomy":"category","embeddable":true,"href":"https:\/\/www.adufpb.org.br\/site\/wp-json\/wp\/v2\/categories?post=24604"},{"taxonomy":"post_tag","embeddable":true,"href":"https:\/\/www.adufpb.org.br\/site\/wp-json\/wp\/v2\/tags?post=24604"}],"curies":[{"name":"wp","href":"https:\/\/api.w.org\/{rel}","templated":true}]}}