{"id":2459,"date":"2012-01-21T18:18:47","date_gmt":"2012-01-21T22:18:47","guid":{"rendered":"http:\/\/www.adufpb.org.br\/site\/morre-em-recife-ex-presidente-da-adufpb-professora-vera-amaral\/"},"modified":"2012-01-23T11:25:39","modified_gmt":"2012-01-23T15:25:39","slug":"morre-em-recife-ex-presidente-da-adufpb-professora-vera-amaral","status":"publish","type":"post","link":"https:\/\/www.adufpb.org.br\/site\/morre-em-recife-ex-presidente-da-adufpb-professora-vera-amaral\/","title":{"rendered":"Morre em Recife ex-presidente da ADUFPB, professora Vera Amaral"},"content":{"rendered":"<p><a href=\"http:\/\/www.adufpb.org.br\/site\/wp-content\/uploads\/2012\/01\/VERA-AMARAL-_-PARA-O-SITE.jpg\"><img loading=\"lazy\" decoding=\"async\" class=\"alignleft size-medium wp-image-2469\" title=\"VERA AMARAL _ PARA O SITE\" src=\"http:\/\/www.adufpb.org.br\/site\/wp-content\/uploads\/2012\/01\/VERA-AMARAL-_-PARA-O-SITE-300x228.jpg\" alt=\"VERA AMARAL _ PARA O SITE\" width=\"300\" height=\"228\" srcset=\"https:\/\/www.adufpb.org.br\/site\/wp-content\/uploads\/2012\/01\/VERA-AMARAL-_-PARA-O-SITE-300x228.jpg 300w, https:\/\/www.adufpb.org.br\/site\/wp-content\/uploads\/2012\/01\/VERA-AMARAL-_-PARA-O-SITE.jpg 648w\" sizes=\"auto, (max-width: 300px) 100vw, 300px\" \/><\/a>O movimento docente paraibano e brasileiro est\u00e1 de luto: faleceu na manh\u00e3 deste s\u00e1bado na cidade do Recife a professora VERA AMARAL, Ex-Presidente da ADUFPB (1993-1994) \u00a0e reconhecida militante dos movimentos sociais em defesa da sa\u00fade p\u00fablica em nosso Estado. H\u00e1 um poema de Bertold Brecht que canta os que lutaram o tempo inteiro como os \u201cimprescind\u00edveis\u201d. A mem\u00f3ria da abnega\u00e7\u00e3o militante da querida professora Vera Amaral \u00e9 imprescind\u00edvel na galeria de honra dos que fizeram a hist\u00f3ria de nosso sindicato.<\/p>\n","protected":false},"excerpt":{"rendered":"<p>O movimento docente paraibano e brasileiro est\u00e1 de luto: faleceu na manh\u00e3 deste s\u00e1bado na cidade do Recife a professora VERA AMARAL, Ex-Presidente da ADUFPB (1993-1994) \u00a0e reconhecida militante dos movimentos sociais em defesa da sa\u00fade p\u00fablica em nosso Estado. H\u00e1 um poema de Bertold Brecht que canta os que lutaram o tempo inteiro como&hellip;<\/p>\n","protected":false},"author":1,"featured_media":0,"comment_status":"open","ping_status":"open","sticky":false,"template":"","format":"standard","meta":{"footnotes":""},"categories":[15],"tags":[],"class_list":["post-2459","post","type-post","status-publish","format-standard","hentry","category-noticias","category-15","description-off"],"_links":{"self":[{"href":"https:\/\/www.adufpb.org.br\/site\/wp-json\/wp\/v2\/posts\/2459","targetHints":{"allow":["GET"]}}],"collection":[{"href":"https:\/\/www.adufpb.org.br\/site\/wp-json\/wp\/v2\/posts"}],"about":[{"href":"https:\/\/www.adufpb.org.br\/site\/wp-json\/wp\/v2\/types\/post"}],"author":[{"embeddable":true,"href":"https:\/\/www.adufpb.org.br\/site\/wp-json\/wp\/v2\/users\/1"}],"replies":[{"embeddable":true,"href":"https:\/\/www.adufpb.org.br\/site\/wp-json\/wp\/v2\/comments?post=2459"}],"version-history":[{"count":4,"href":"https:\/\/www.adufpb.org.br\/site\/wp-json\/wp\/v2\/posts\/2459\/revisions"}],"predecessor-version":[{"id":2470,"href":"https:\/\/www.adufpb.org.br\/site\/wp-json\/wp\/v2\/posts\/2459\/revisions\/2470"}],"wp:attachment":[{"href":"https:\/\/www.adufpb.org.br\/site\/wp-json\/wp\/v2\/media?parent=2459"}],"wp:term":[{"taxonomy":"category","embeddable":true,"href":"https:\/\/www.adufpb.org.br\/site\/wp-json\/wp\/v2\/categories?post=2459"},{"taxonomy":"post_tag","embeddable":true,"href":"https:\/\/www.adufpb.org.br\/site\/wp-json\/wp\/v2\/tags?post=2459"}],"curies":[{"name":"wp","href":"https:\/\/api.w.org\/{rel}","templated":true}]}}