{"id":24588,"date":"2020-12-16T10:36:53","date_gmt":"2020-12-16T13:36:53","guid":{"rendered":"https:\/\/www.adufpb.org.br\/site\/?p=24588"},"modified":"2020-12-16T10:36:53","modified_gmt":"2020-12-16T13:36:53","slug":"gt-carreira-reune-se-nesta-quinta-feira-para-tratar-sobre-progressoes-funcionais","status":"publish","type":"post","link":"https:\/\/www.adufpb.org.br\/site\/gt-carreira-reune-se-nesta-quinta-feira-para-tratar-sobre-progressoes-funcionais\/","title":{"rendered":"GT Carreira re\u00fane-se nesta quinta-feira para tratar sobre progress\u00f5es funcionais"},"content":{"rendered":"<p>A revoga\u00e7\u00e3o de progress\u00f5es funcionais e os encargos docentes referentes aos per\u00edodo 2020.2 ser\u00e3o temas da pr\u00f3xima reuni\u00e3o do Grupo de Trabalho sobre Carreira Docente da ADUFPB, marcada para ocorrer nesta quinta-feira (17\/12), \u00e0s 15h.<\/p>\n<p>A atividade ser\u00e1 on-line, por meio da plataforma de videoconfer\u00eancia Zoom, e o link, encaminhado uma hora antes do in\u00edcio da reuni\u00e3o, pelo e-mail adufpb@terra.com.br e pelo Whatsapp 99645-7000.<\/p>\n<p>O advogado Paulo Guedes, da assessoria jur\u00eddica da ADUFPB, estar\u00e1 presente \u00e0 reuni\u00e3o para orientar os(as) docentes sobre os passos administrativos e jur\u00eddicos que devem ser tomados em decorr\u00eancia do Boletim de Servi\u00e7o da UFPB, publicado em 11 de dezembro, que trata sobre as progress\u00f5es funcionais e os encargos docentes referentes ao per\u00edodo 2020.2.<\/p>\n<p><span style=\"text-decoration: underline;\"><strong>AGENDE-SE<\/strong><\/span><br \/>\n<strong>Reuni\u00e3o do GT Carreira<\/strong><\/p>\n<p><strong>Data:<\/strong> quinta-feira, 17\/12<\/p>\n<p><strong>Hor\u00e1rio:<\/strong> 15h<\/p>\n<p><strong>Acesso:<\/strong> O link para a reuni\u00e3o ser\u00e1 encaminhado uma hora antes pelo e-mail adufpb@terra.com.br e pelo Whatsapp 99645-7000<\/p>\n<p><strong>Pauta:<\/strong><br \/>\n1. Boletim de Servi\u00e7o da UFPB, de 11 de dezembro, que trata sobre as progress\u00f5es Funcionais<\/p>\n<p><em>Fonte: Ascom ADUFPB<\/em><\/p>\n","protected":false},"excerpt":{"rendered":"<p>A revoga\u00e7\u00e3o de progress\u00f5es funcionais e os encargos docentes referentes aos per\u00edodo 2020.2 ser\u00e3o temas da pr\u00f3xima reuni\u00e3o do Grupo de Trabalho sobre Carreira Docente da ADUFPB, marcada para ocorrer nesta quinta-feira (17\/12), \u00e0s 15h. A atividade ser\u00e1 on-line, por meio da plataforma de videoconfer\u00eancia Zoom, e o link, encaminhado uma hora antes do in\u00edcio&hellip;<\/p>\n","protected":false},"author":3,"featured_media":24589,"comment_status":"closed","ping_status":"closed","sticky":false,"template":"","format":"standard","meta":{"footnotes":""},"categories":[1405],"tags":[25,479,1280,1294],"class_list":["post-24588","post","type-post","status-publish","format-standard","has-post-thumbnail","hentry","category-chamada-principal","tag-carreira-docente","tag-encargos-docentes","tag-gt-carreira","tag-progressoes","category-1405","description-off"],"_links":{"self":[{"href":"https:\/\/www.adufpb.org.br\/site\/wp-json\/wp\/v2\/posts\/24588","targetHints":{"allow":["GET"]}}],"collection":[{"href":"https:\/\/www.adufpb.org.br\/site\/wp-json\/wp\/v2\/posts"}],"about":[{"href":"https:\/\/www.adufpb.org.br\/site\/wp-json\/wp\/v2\/types\/post"}],"author":[{"embeddable":true,"href":"https:\/\/www.adufpb.org.br\/site\/wp-json\/wp\/v2\/users\/3"}],"replies":[{"embeddable":true,"href":"https:\/\/www.adufpb.org.br\/site\/wp-json\/wp\/v2\/comments?post=24588"}],"version-history":[{"count":1,"href":"https:\/\/www.adufpb.org.br\/site\/wp-json\/wp\/v2\/posts\/24588\/revisions"}],"predecessor-version":[{"id":24590,"href":"https:\/\/www.adufpb.org.br\/site\/wp-json\/wp\/v2\/posts\/24588\/revisions\/24590"}],"wp:featuredmedia":[{"embeddable":true,"href":"https:\/\/www.adufpb.org.br\/site\/wp-json\/wp\/v2\/media\/24589"}],"wp:attachment":[{"href":"https:\/\/www.adufpb.org.br\/site\/wp-json\/wp\/v2\/media?parent=24588"}],"wp:term":[{"taxonomy":"category","embeddable":true,"href":"https:\/\/www.adufpb.org.br\/site\/wp-json\/wp\/v2\/categories?post=24588"},{"taxonomy":"post_tag","embeddable":true,"href":"https:\/\/www.adufpb.org.br\/site\/wp-json\/wp\/v2\/tags?post=24588"}],"curies":[{"name":"wp","href":"https:\/\/api.w.org\/{rel}","templated":true}]}}