{"id":24476,"date":"2020-11-25T10:09:52","date_gmt":"2020-11-25T13:09:52","guid":{"rendered":"https:\/\/www.adufpb.org.br\/site\/?p=24476"},"modified":"2020-12-11T10:30:25","modified_gmt":"2020-12-11T13:30:25","slug":"professores-da-ufpb-fazem-paralisacao-e-realizam-aula-publica-virtual-nesta-quinta-feira","status":"publish","type":"post","link":"https:\/\/www.adufpb.org.br\/site\/professores-da-ufpb-fazem-paralisacao-e-realizam-aula-publica-virtual-nesta-quinta-feira\/","title":{"rendered":"Professores da UFPB fazem paralisa\u00e7\u00e3o e realizam aula p\u00fablica virtual e outras atividades nesta 5\u00aa feira"},"content":{"rendered":"<p><span style=\"font-weight: 400;\"><a class=\"dt-pswp-item\" href=\"https:\/\/www.adufpb.org.br\/site\/wp-content\/uploads\/2020\/11\/2020.11.26-paralisacao-e-aula-publica.jpeg\" data-dt-img-description=\"\" data-large_image_width=\"1080\" data-large_image_height=\"1081\"><img loading=\"lazy\" decoding=\"async\" class=\"alignright size-medium wp-image-24477\" src=\"https:\/\/www.adufpb.org.br\/site\/wp-content\/uploads\/2020\/11\/2020.11.26-paralisacao-e-aula-publica-300x300.jpeg\" alt=\"\" width=\"300\" height=\"300\" srcset=\"https:\/\/www.adufpb.org.br\/site\/wp-content\/uploads\/2020\/11\/2020.11.26-paralisacao-e-aula-publica-300x300.jpeg 300w, https:\/\/www.adufpb.org.br\/site\/wp-content\/uploads\/2020\/11\/2020.11.26-paralisacao-e-aula-publica-1024x1024.jpeg 1024w, https:\/\/www.adufpb.org.br\/site\/wp-content\/uploads\/2020\/11\/2020.11.26-paralisacao-e-aula-publica-150x150.jpeg 150w, https:\/\/www.adufpb.org.br\/site\/wp-content\/uploads\/2020\/11\/2020.11.26-paralisacao-e-aula-publica-768x769.jpeg 768w, https:\/\/www.adufpb.org.br\/site\/wp-content\/uploads\/2020\/11\/2020.11.26-paralisacao-e-aula-publica-250x250.jpeg 250w, https:\/\/www.adufpb.org.br\/site\/wp-content\/uploads\/2020\/11\/2020.11.26-paralisacao-e-aula-publica.jpeg 1080w\" sizes=\"auto, (max-width: 300px) 100vw, 300px\" \/><\/a>Os professores da UFPB realizam nesta quinta-feira (26\/11) um dia de paralisa\u00e7\u00e3o contra a interven\u00e7\u00e3o e em defesa da autonomia universit\u00e1ria. Como estrat\u00e9gia de mobiliza\u00e7\u00e3o e conscientiza\u00e7\u00e3o, ser\u00e1 realizada uma grande aula p\u00fablica virtual, com transmiss\u00e3o pelo canal da ADUFPB no YouTube (www.youtube.com\/ADUFPB).<\/span><\/p>\n<p><span style=\"font-weight: 400;\">A atividade ter\u00e1 12 horas de dura\u00e7\u00e3o, come\u00e7ando \u00e0s 9h e se encerrando \u00e0s 21h. Durante esse per\u00edodo, haver\u00e1 exibi\u00e7\u00e3o de palestras no formato de lives, document\u00e1rios, fotografias e apresenta\u00e7\u00f5es musicais gravadas.<\/span><\/p>\n<p><span style=\"font-weight: 400;\">As palestras v\u00e3o ocorrer em tr\u00eas hor\u00e1rios. \u00c0s 9h, ser\u00e1 apresentado o tema &#8220;A interven\u00e7\u00e3o da UFPB e suas implica\u00e7\u00f5es jur\u00eddicas&#8221;; \u00e0s 15h, haver\u00e1 palestra sobre &#8220;A import\u00e2ncia da Democracia e da Autonomia como condi\u00e7\u00f5es da universidade&#8221;, e \u00e0s 19h, o debate ser\u00e1 em torno da &#8220;Resist\u00eancia e luta contra a interven\u00e7\u00e3o na UFPB&#8221;.<\/span><\/p>\n<p><span style=\"font-weight: 400;\">Tanto a paralisa\u00e7\u00e3o quanto a aula p\u00fablica foram delibera\u00e7\u00f5es da \u00faltima assembleia docente, realizada no dia 20 de novembro. Elas fazem parte do conjunto de a\u00e7\u00f5es e atividades que est\u00e3o sendo desenvolvidas na UFPB contra a interven\u00e7\u00e3o do governo Bolsonaro na administra\u00e7\u00e3o da universidade, desrespeitando o resultado da consulta p\u00fablica ocorrida em agosto e da vota\u00e7\u00e3o do Col\u00e9gio Eleitoral.<\/span><\/p>\n<p><b>Outras atividades<\/b><\/p>\n<p><span style=\"font-weight: 400;\">Al\u00e9m da aula p\u00fablica organizadas pela ADUFPB, outras atividades est\u00e3o programadas para esta quarta-feira, dentro da mobiliza\u00e7\u00e3o dos professores contra a interven\u00e7\u00e3o. Uma delas \u00e9 o 2\u00ba Encontro Virtual Di\u00e1logos Fundamentais &#8211; Contra a interven\u00e7\u00e3o na UFPB, realizado pelo Departamento de Fundamenta\u00e7\u00e3o em Educa\u00e7\u00e3o (CE).\u00a0<\/span><\/p>\n<p><span style=\"font-weight: 400;\">O debate est\u00e1 marcado para 15h e abordar\u00e1 o tema \u201cDi\u00e1logos sobre a autonomia universit\u00e1ria em tempos de ofensiva neoconservadora&#8221;, com os professores Rhoberta Ara\u00fajo (DHP\/CE) e Daniel Antiquera (DRI\/CCSA). O acesso ser\u00e1 feito pelo link meet.google.com\/awq-xdai-krjx.<\/span><\/p>\n<p><span style=\"font-weight: 400;\">Outra atividade que est\u00e1 marcada para o dia de paralisa\u00e7\u00e3o e mobiliza\u00e7\u00e3o \u00e9 o C\u00edrculo de Leituras contra a Interven\u00e7\u00e3o, que ser\u00e1 transmitido pelo canal de YouTube do International Gramsci Society do Brasil (IGS Brasil).\u00a0<\/span><\/p>\n<p><span style=\"font-weight: 400;\">A aula tamb\u00e9m come\u00e7ar\u00e1 \u00e0s 15h, com o professor Marcos Del Roio, titular em Ci\u00eancias Pol\u00edticas na Faculdade de Filosofia e Ci\u00eancias da Unesp e presidente da International Gramsci Society Brasil de 2017 a 2019. Ele ir\u00e1 abordar o tema \u201cHegemonia e Subalternidade nos cadernos do c\u00e1rcere&#8221;. Para assistir, basta acessar o link https:\/\/www.youtube.com\/watch?v=XK5R4Ilscbc&amp;feature=youtu.be.<\/span><\/p>\n<p><b>O que est\u00e1 acontecendo na UFPB<\/b><\/p>\n<p><span style=\"font-weight: 400;\">Foram escolhidas pela comunidade universit\u00e1ria para os cargos de reitora e vice-reitora as professoras Terezinha Domiciano e M\u00f4nica N\u00f3brega, respectivamente. No Col\u00e9gio Eleitoral, as componentes da chapa 2 receberam 47 votos. J\u00e1 a chapa 1, segundo lugar na consulta, obteve 45 votos. A chapa 3, que ficou na \u00faltima posi\u00e7\u00e3o na consulta eleitoral, n\u00e3o recebeu nenhum voto dos membros do col\u00e9gio eleitoral, mesmo assim seus integrantes foram nomeados pelo presidente Jair Bolsonaro como reitor e vice-reitora da universidade no dia 5 de novembro.<\/span><\/p>\n<p><span style=\"font-weight: 400;\">O ataque \u00e0 autonomia universit\u00e1ria n\u00e3o ocorre apenas na UFPB. Outras 15 institui\u00e7\u00f5es federais de ensino do pa\u00eds tamb\u00e9m passam por processos de interven\u00e7\u00e3o. Professores, t\u00e9cnicos-administrativos e estudantes dessas institui\u00e7\u00f5es est\u00e3o buscando unir for\u00e7as para denunciar o autoritarismo e impedir a continuidade do projeto de destrui\u00e7\u00e3o da educa\u00e7\u00e3o p\u00fablica federal brasileira que vem sendo implantado pelo novo governo.<\/span><\/p>\n<p><span style=\"text-decoration: underline;\"><b>AGENDE-SE<\/b><\/span><\/p>\n<p><b>Aula p\u00fablica virtual contra a interven\u00e7\u00e3o na UFPB<\/b><\/p>\n<p><span style=\"font-weight: 400;\">Atividade com palestras e exibi\u00e7\u00e3o de document\u00e1rios, fotografias e apresenta\u00e7\u00f5es musicais gravadas<\/span><\/p>\n<p><b>Hor\u00e1rio: <\/b><span style=\"font-weight: 400;\">das 9h \u00e0s 21h. Veja abaixo os hor\u00e1rios das palestras<\/span><\/p>\n<p><span style=\"font-weight: 400;\">&#8211; 9h &#8211; A interven\u00e7\u00e3o da UFPB e suas implica\u00e7\u00f5es jur\u00eddicas<\/span><\/p>\n<p><span style=\"font-weight: 400;\">&#8211; 15h &#8211; A import\u00e2ncia da Democracia e da Autonomia como condi\u00e7\u00f5es da universidade<\/span><\/p>\n<p><span style=\"font-weight: 400;\">&#8211; 19h &#8211; Resist\u00eancia e luta contra a interven\u00e7\u00e3o na UFPB<\/span><\/p>\n<p><b>Transmiss\u00e3o: <\/b><span style=\"font-weight: 400;\">www.youtube.com\/ADUFPB<\/span><\/p>\n<p><strong>Veja os palestrantes:<\/strong><\/p>\n<p><strong>MANH\u00c3<\/strong><br \/>\n&#8211; Iranice Gon\u00e7alves Muniz &#8211; P\u00f3s-Doutora em Direito pela Universidade Federal da Para\u00edba, doutora em Direito P\u00fablico (Constitucional) pela Universitat Pompeu Fabra, Barcelona, professora do CCHSA e diretora da secretaria-adjunta da ADUFPB em Bananeiras<\/p>\n<p>&#8211; Gustavo Barbosa &#8211; Doutor em Teoria Dogm\u00e1tica do Direito pela Universidade Federal de Pernambuco, professor do Departamento de Direito da UFPB, coordenador do Programa de P\u00f3s-Gradua\u00e7\u00e3o em Direitos Humanos, Cidadania e Pol\u00edticas P\u00fablicas e membro da Comiss\u00e3o de Direitos Humanos da UFPB.<\/p>\n<p>Mediador:<br \/>\n&#8211; Fernando Cunha &#8211; Doutor em Educa\u00e7\u00e3o pela Faculdade de Educa\u00e7\u00e3o da Universidade Federal da Bahia, professor do Departamento de Educa\u00e7\u00e3o F\u00edsica da UFPB e presidente da ADUFPB<\/p>\n<p><strong>TARDE<\/strong><br \/>\n&#8211; Rosa Godoy &#8211; professora aposentada da UFPB, pro-Reitora de P\u00f3s-Gradua\u00e7\u00e3o e Pesquisa do Reitorado de Neroaldo Pontes,<br \/>\nmembro do corpo docente do p\u00f3s-gradua\u00e7\u00e3o em Direitos Humanos, Cidadania e Pol\u00edticas P\u00fablicas da UFPB.<\/p>\n<p>&#8211; Rubens Pinto Lyra &#8211; Advogado, soci\u00f3logo, professor aposentado da UFPB, professor volunt\u00e1rio dos Programas de P\u00f3s-Gradua\u00e7\u00e3o em Direitos Humanos, Cidadania e Pol\u00edticas e em Sociologia P\u00fablicas e Pesquisador do N\u00facleo de Cidadania e Direitos Humanos, ambos da UFPB<\/p>\n<p>&#8211; Jaldes Reis de Meneses &#8211; Doutor em Servi\u00e7o Social pela Universidade Federal do Rio de Janeiro (UFRJ) e professor do Departamento de Hist\u00f3ria e do Programa de P\u00f3s-Gradua\u00e7\u00e3o em Servi\u00e7o Social da UFPB<\/p>\n<p>Mediador<br \/>\n&#8211; Ricardo Lucena &#8211; Doutor em Estudos do Lazer pela Universidade Estadual de Campinas (UNICAMP) e professor do Departamento de Fundamenta\u00e7\u00e3o da Educa\u00e7\u00e3o da UFPB<\/p>\n<p><strong>NOITE<\/strong><br \/>\n&#8211; Cida Ramos &#8211; Doutora em Servi\u00e7o Social pela Universidade Federal do Rio de Janeiro (UFRJ), professora do Departamento de Servi\u00e7o Social da UFPB e deputada estadual<\/p>\n<p>&#8211; Maria Luiza Pereira de Alencar Mayer &#8211; Doutora em Ci\u00eancias Jur\u00eddico-Econ\u00f4micas pela Universidade de Coimbra, Portugal, professora do Centro de Ci\u00eancias Jur\u00eddicas e do Programa de P\u00f3s-Gradua\u00e7\u00e3o em Ci\u00eancias Jur\u00eddicas (PPGCJ) da UFPB<\/p>\n<p>&#8211; Jos\u00e9 Henrique Artigas de Godoy &#8211; Doutor em Ci\u00eancia Pol\u00edtica pela Universidade de S\u00e3o Paulo (USP), \u00e9 professor associado do Departamento de Ci\u00eancias Sociais (DCS) e do Programa de P\u00f3s-Gradua\u00e7\u00e3o em Ci\u00eancia Pol\u00edtica e Rela\u00e7\u00f5es Internacionais da UFPB (PPGCPRI)<\/p>\n<p>Mediadora:<br \/>\n&#8211; Norma Macedo &#8211; Doutora em Educa\u00e7\u00e3o pela Universidade Federal da Para\u00edba e professora do Departamento de Comunica\u00e7\u00e3o da UFPB<\/p>\n<p><span style=\"font-weight: 400;\">&#8212;&#8212;&#8212;&#8212;&#8212;&#8212;&#8212;&#8212;&#8212;&#8211;<\/span><\/p>\n<p><b>II Encontro Virtual Di\u00e1logos Fundamentais &#8211; Contra a interven\u00e7\u00e3o na UFPB<\/b><\/p>\n<p><b>Tema:<\/b><span style=\"font-weight: 400;\"> \u201cDi\u00e1logos sobre a autonomia universit\u00e1ria em tempos de ofensiva neoconservadora&#8221;<\/span><\/p>\n<p><b>Hor\u00e1rio:<\/b><span style=\"font-weight: 400;\"> 15h<\/span><\/p>\n<p><b>Debatedores:<\/b><span style=\"font-weight: 400;\">\u00a0<\/span><\/p>\n<p><span style=\"font-weight: 400;\">&#8211; Rhoberta Ara\u00fajo (DHP\/CE)<\/span><\/p>\n<p><span style=\"font-weight: 400;\">&#8211; Daniel Antiquera (DRI\/CCSA)<\/span><\/p>\n<p><b>Link de acesso:<\/b><span style=\"font-weight: 400;\"> meet.google.com\/awq-xdai-krjx<\/span><\/p>\n<p><span style=\"font-weight: 400;\">&#8212;&#8212;&#8212;&#8212;&#8212;&#8212;&#8212;&#8212;&#8212;&#8212;<\/span><\/p>\n<p><b>C\u00edrculo de Leituras contra a Interven\u00e7\u00e3o<\/b><\/p>\n<p><b>Tema: <\/b><span style=\"font-weight: 400;\">Hegemonia e Subalternidade nos cadernos do c\u00e1rcere&#8221;<\/span><\/p>\n<p><b>Hor\u00e1rio: <\/b><span style=\"font-weight: 400;\">15h<\/span><\/p>\n<p><b>Palestrante:<\/b><span style=\"font-weight: 400;\"> Marcos Del Roio &#8211; professor titular em Ci\u00eancias Pol\u00edticas\u00a0 de Filosofia e Ci\u00eancias da Unesp, presidente da International Gramsci Society Brasil (2017-2019)<\/span><\/p>\n<p><b>Transmiss\u00e3o: <\/b><span style=\"font-weight: 400;\">https:\/\/www.youtube.com\/watch?v=XK5R4Ilscbc&amp;feature=youtu.be<\/span><\/p>\n<p><em>Fonte: Ascom ADUFPB<\/em><\/p>\n","protected":false},"excerpt":{"rendered":"<p>Os professores da UFPB realizam nesta quinta-feira (26\/11) um dia de paralisa\u00e7\u00e3o contra a interven\u00e7\u00e3o e em defesa da autonomia universit\u00e1ria. Como estrat\u00e9gia de mobiliza\u00e7\u00e3o e conscientiza\u00e7\u00e3o, ser\u00e1 realizada uma grande aula p\u00fablica virtual, com transmiss\u00e3o pelo canal da ADUFPB no YouTube (www.youtube.com\/ADUFPB). A atividade ter\u00e1 12 horas de dura\u00e7\u00e3o, come\u00e7ando \u00e0s 9h e se&hellip;<\/p>\n","protected":false},"author":3,"featured_media":24477,"comment_status":"closed","ping_status":"closed","sticky":false,"template":"","format":"standard","meta":{"footnotes":""},"categories":[1405,15],"tags":[],"class_list":["post-24476","post","type-post","status-publish","format-standard","has-post-thumbnail","hentry","category-chamada-principal","category-noticias","category-1405","category-15","description-off"],"_links":{"self":[{"href":"https:\/\/www.adufpb.org.br\/site\/wp-json\/wp\/v2\/posts\/24476","targetHints":{"allow":["GET"]}}],"collection":[{"href":"https:\/\/www.adufpb.org.br\/site\/wp-json\/wp\/v2\/posts"}],"about":[{"href":"https:\/\/www.adufpb.org.br\/site\/wp-json\/wp\/v2\/types\/post"}],"author":[{"embeddable":true,"href":"https:\/\/www.adufpb.org.br\/site\/wp-json\/wp\/v2\/users\/3"}],"replies":[{"embeddable":true,"href":"https:\/\/www.adufpb.org.br\/site\/wp-json\/wp\/v2\/comments?post=24476"}],"version-history":[{"count":7,"href":"https:\/\/www.adufpb.org.br\/site\/wp-json\/wp\/v2\/posts\/24476\/revisions"}],"predecessor-version":[{"id":24486,"href":"https:\/\/www.adufpb.org.br\/site\/wp-json\/wp\/v2\/posts\/24476\/revisions\/24486"}],"wp:featuredmedia":[{"embeddable":true,"href":"https:\/\/www.adufpb.org.br\/site\/wp-json\/wp\/v2\/media\/24477"}],"wp:attachment":[{"href":"https:\/\/www.adufpb.org.br\/site\/wp-json\/wp\/v2\/media?parent=24476"}],"wp:term":[{"taxonomy":"category","embeddable":true,"href":"https:\/\/www.adufpb.org.br\/site\/wp-json\/wp\/v2\/categories?post=24476"},{"taxonomy":"post_tag","embeddable":true,"href":"https:\/\/www.adufpb.org.br\/site\/wp-json\/wp\/v2\/tags?post=24476"}],"curies":[{"name":"wp","href":"https:\/\/api.w.org\/{rel}","templated":true}]}}