{"id":24453,"date":"2020-11-23T10:37:47","date_gmt":"2020-11-23T13:37:47","guid":{"rendered":"https:\/\/www.adufpb.org.br\/site\/?p=24453"},"modified":"2020-11-23T10:37:47","modified_gmt":"2020-11-23T13:37:47","slug":"mocao-de-solidariedade-a-ufpb-reitor-eleito-reitor-empossado","status":"publish","type":"post","link":"https:\/\/www.adufpb.org.br\/site\/mocao-de-solidariedade-a-ufpb-reitor-eleito-reitor-empossado\/","title":{"rendered":"MO\u00c7\u00c3O DE SOLIDARIEDADE \u00c0 UFPB: REITOR ELEITO, REITOR EMPOSSADO!"},"content":{"rendered":"<p><span style=\"font-size: 14pt;\">A Adunifesp manifesta sua total e completa solidariedade \u00e0 Comunidade Universit\u00e1ria da Universidade Federal da Para\u00edba (UFPB). O governo Bolsonaro, mais uma vez, atropelou a democracia recusando-se nomear o candidato vencedor da elei\u00e7\u00e3o e indicado pelo Conselho Universit\u00e1rio. Pior que isso, desrespeitando a pr\u00f3pria lei, nomeou pessoa que n\u00e3o teve nenhum dos 92 votos do Conselho Universit\u00e1rio. Exigimos respeito \u00e0 Democracia e \u00e0 Autonomia Universit\u00e1ria na UFPB e em todas as universidades p\u00fablicas brasileiras! Reitor Eleito, Reitor Empossado!<\/span><\/p>\n","protected":false},"excerpt":{"rendered":"<p>A Adunifesp manifesta sua total e completa solidariedade \u00e0 Comunidade Universit\u00e1ria da Universidade Federal da Para\u00edba (UFPB). O governo Bolsonaro, mais uma vez, atropelou a democracia recusando-se nomear o candidato vencedor da elei\u00e7\u00e3o e indicado pelo Conselho Universit\u00e1rio. Pior que isso, desrespeitando a pr\u00f3pria lei, nomeou pessoa que n\u00e3o teve nenhum dos 92 votos do&hellip;<\/p>\n","protected":false},"author":3,"featured_media":0,"comment_status":"closed","ping_status":"closed","sticky":false,"template":"","format":"standard","meta":{"footnotes":""},"categories":[169],"tags":[],"class_list":["post-24453","post","type-post","status-publish","format-standard","hentry","category-documentos","category-169","description-off"],"_links":{"self":[{"href":"https:\/\/www.adufpb.org.br\/site\/wp-json\/wp\/v2\/posts\/24453","targetHints":{"allow":["GET"]}}],"collection":[{"href":"https:\/\/www.adufpb.org.br\/site\/wp-json\/wp\/v2\/posts"}],"about":[{"href":"https:\/\/www.adufpb.org.br\/site\/wp-json\/wp\/v2\/types\/post"}],"author":[{"embeddable":true,"href":"https:\/\/www.adufpb.org.br\/site\/wp-json\/wp\/v2\/users\/3"}],"replies":[{"embeddable":true,"href":"https:\/\/www.adufpb.org.br\/site\/wp-json\/wp\/v2\/comments?post=24453"}],"version-history":[{"count":1,"href":"https:\/\/www.adufpb.org.br\/site\/wp-json\/wp\/v2\/posts\/24453\/revisions"}],"predecessor-version":[{"id":24454,"href":"https:\/\/www.adufpb.org.br\/site\/wp-json\/wp\/v2\/posts\/24453\/revisions\/24454"}],"wp:attachment":[{"href":"https:\/\/www.adufpb.org.br\/site\/wp-json\/wp\/v2\/media?parent=24453"}],"wp:term":[{"taxonomy":"category","embeddable":true,"href":"https:\/\/www.adufpb.org.br\/site\/wp-json\/wp\/v2\/categories?post=24453"},{"taxonomy":"post_tag","embeddable":true,"href":"https:\/\/www.adufpb.org.br\/site\/wp-json\/wp\/v2\/tags?post=24453"}],"curies":[{"name":"wp","href":"https:\/\/api.w.org\/{rel}","templated":true}]}}