{"id":24423,"date":"2020-11-18T07:17:45","date_gmt":"2020-11-18T10:17:45","guid":{"rendered":"https:\/\/www.adufpb.org.br\/site\/?p=24423"},"modified":"2020-11-20T14:40:46","modified_gmt":"2020-11-20T17:40:46","slug":"professores-tecnicos-e-estudantes-protestam-contra-intervencao-na-ufpb","status":"publish","type":"post","link":"https:\/\/www.adufpb.org.br\/site\/professores-tecnicos-e-estudantes-protestam-contra-intervencao-na-ufpb\/","title":{"rendered":"Professores, t\u00e9cnicos e estudantes protestam nesta quarta-feira contra interven\u00e7\u00e3o na UFPB"},"content":{"rendered":"<p>Est\u00e1 tudo pronto para o grande ato p\u00fablico que ser\u00e1 realizado nesta quarta-feira (18\/11) em protesto contra a interven\u00e7\u00e3o na UFPB. Para aproximar da mobiliza\u00e7\u00e3o aqueles que n\u00e3o v\u00e3o poder comparecer por causa da pandemia, a ADUFPB far\u00e1 uma live, \u00e0s 9h, com lideran\u00e7as do movimento docente e, \u00e0 tarde, vai retransmitir pelo Facebook os v\u00eddeos produzidos no protesto.<\/p>\n<p>A concentra\u00e7\u00e3o ser\u00e1 \u00e0s 16h, na Pra\u00e7a da Paz, no bairro dos Banc\u00e1rios. De l\u00e1, os manifestantes seguem em caminhada at\u00e9 a reitoria do campus I da UFPB, onde haver\u00e1 uma vig\u00edlia.<\/p>\n<p>O protesto contar\u00e1 com a participa\u00e7\u00e3o de professores, servidores t\u00e9cnico-administrativos e estudantes, que repudiam a nomea\u00e7\u00e3o, para o cargo de reitor, do candidato menos votado na consulta eleitoral feita em agosto deste. O nomeado tamb\u00e9m teve zero voto no Col\u00e9gio Eleitoral, respons\u00e1vel por formar a lista tr\u00edplice.<\/p>\n<p><em>Fonte: Ascom ADUFPB<\/em><\/p>\n","protected":false},"excerpt":{"rendered":"<p>Est\u00e1 tudo pronto para o grande ato p\u00fablico que ser\u00e1 realizado nesta quarta-feira (18\/11) em protesto contra a interven\u00e7\u00e3o na UFPB. Para aproximar da mobiliza\u00e7\u00e3o aqueles que n\u00e3o v\u00e3o poder comparecer por causa da pandemia, a ADUFPB far\u00e1 uma live, \u00e0s 9h, com lideran\u00e7as do movimento docente e, \u00e0 tarde, vai retransmitir pelo Facebook os&hellip;<\/p>\n","protected":false},"author":3,"featured_media":24412,"comment_status":"closed","ping_status":"closed","sticky":false,"template":"","format":"standard","meta":{"footnotes":""},"categories":[15],"tags":[214,354,1312,1409,1415],"class_list":["post-24423","post","type-post","status-publish","format-standard","has-post-thumbnail","hentry","category-noticias","tag-eleicao-para-reitor","tag-protesto","tag-reitor","tag-valdiney","tag-vigilia","category-15","description-off"],"_links":{"self":[{"href":"https:\/\/www.adufpb.org.br\/site\/wp-json\/wp\/v2\/posts\/24423","targetHints":{"allow":["GET"]}}],"collection":[{"href":"https:\/\/www.adufpb.org.br\/site\/wp-json\/wp\/v2\/posts"}],"about":[{"href":"https:\/\/www.adufpb.org.br\/site\/wp-json\/wp\/v2\/types\/post"}],"author":[{"embeddable":true,"href":"https:\/\/www.adufpb.org.br\/site\/wp-json\/wp\/v2\/users\/3"}],"replies":[{"embeddable":true,"href":"https:\/\/www.adufpb.org.br\/site\/wp-json\/wp\/v2\/comments?post=24423"}],"version-history":[{"count":3,"href":"https:\/\/www.adufpb.org.br\/site\/wp-json\/wp\/v2\/posts\/24423\/revisions"}],"predecessor-version":[{"id":24426,"href":"https:\/\/www.adufpb.org.br\/site\/wp-json\/wp\/v2\/posts\/24423\/revisions\/24426"}],"wp:featuredmedia":[{"embeddable":true,"href":"https:\/\/www.adufpb.org.br\/site\/wp-json\/wp\/v2\/media\/24412"}],"wp:attachment":[{"href":"https:\/\/www.adufpb.org.br\/site\/wp-json\/wp\/v2\/media?parent=24423"}],"wp:term":[{"taxonomy":"category","embeddable":true,"href":"https:\/\/www.adufpb.org.br\/site\/wp-json\/wp\/v2\/categories?post=24423"},{"taxonomy":"post_tag","embeddable":true,"href":"https:\/\/www.adufpb.org.br\/site\/wp-json\/wp\/v2\/tags?post=24423"}],"curies":[{"name":"wp","href":"https:\/\/api.w.org\/{rel}","templated":true}]}}