{"id":24418,"date":"2020-11-17T12:14:03","date_gmt":"2020-11-17T15:14:03","guid":{"rendered":"https:\/\/www.adufpb.org.br\/site\/?p=24418"},"modified":"2020-11-23T21:10:21","modified_gmt":"2020-11-24T00:10:21","slug":"reitor-nao-eleito-na-ufpb-e-seus-associados-interventores-iniciam-sua-gestao-autoritaria","status":"publish","type":"post","link":"https:\/\/www.adufpb.org.br\/site\/reitor-nao-eleito-na-ufpb-e-seus-associados-interventores-iniciam-sua-gestao-autoritaria\/","title":{"rendered":"Reitor n\u00e3o eleito na UFPB e seus associados interventores iniciam sua gest\u00e3o autorit\u00e1ria"},"content":{"rendered":"<p><span style=\"font-size: 12pt;\">A Diretoria Executiva da ADUFPB, ap\u00f3s a realiza\u00e7\u00e3o de Assembleia Geral com a categoria docente que deliberou pela paralisa\u00e7\u00e3o das atividades no pr\u00f3ximo dia 18 de novembro de 2020, foi surpreendida por Oficio Eletr\u00f4nico n\u00ba2\/2020, do Gabinete do Reitor-Interventor da UFPB, que consulta a Procuradoria Geral da universidade sobre \u201cas implica\u00e7\u00f5es jur\u00eddicas do ato e eventuais provid\u00eancias que podem ser tomadas\u201d contra a decis\u00e3o da Assembleia Geral dos Docentes.<\/span><\/p>\n<p><span style=\"font-size: 12pt;\">Em 42 anos de exist\u00eancia, o Sindicato dos Docentes da Universidade Federal da Para\u00edba (ADUFPB) sempre se portou com base nos princ\u00edpios democr\u00e1ticos e no respeito \u00e0s delibera\u00e7\u00f5es de sua inst\u00e2ncia m\u00e1xima, a Assembleia Geral Docente, tudo conforme a legisla\u00e7\u00e3o vigente.<\/span><\/p>\n<p><span style=\"font-size: 12pt;\">A Reitoria da UFPB inicia seu n\u00e3o-mandato demonstrando sua face persecut\u00f3ria, e, sem legitimidade, age autoritariamente, tentando atacar o Direito Constitucional que t\u00eam os trabalhadores de realizar paralisa\u00e7\u00f5es.<\/span><\/p>\n<p><span style=\"font-size: 12pt;\">A\u00a0ADUFPB vem a p\u00fablico denunciar essa tentativa de afronta \u00e0 categoria docente e repudia essa a\u00e7\u00e3o autorit\u00e1ria do gabinete interventor. N\u00e3o esperem de n\u00f3s o sil\u00eancio dos covardes.<\/span><\/p>\n<p><span style=\"font-size: 12pt;\">Refor\u00e7amos o convite a todos os docentes para o ato p\u00fablico nesta quarta-feira, 18 de novembro de 2020, \u00e0s 16h, a ser realizado na Pra\u00e7a da Paz, no bairro dos Banc\u00e1rios, para juntos fazermos uma caminhada at\u00e9 a universidade, denunciando a interven\u00e7\u00e3o e informando a popula\u00e7\u00e3o sobre o que est\u00e1 acontecendo na UFPB.<\/span><\/p>\n<p>&nbsp;<\/p>\n<p style=\"text-align: center;\"><strong><span style=\"font-size: 12pt;\">Diretoria Executiva da ADUFPB<\/span><\/strong><\/p>\n<p style=\"text-align: center;\"><strong><span style=\"font-size: 12pt;\">17 de novembro de 2020<\/span><\/strong><\/p>\n<p style=\"text-align: center;\"><strong><span style=\"font-size: 12pt;\">N\u00e3o esperem de n\u00f3s o sil\u00eancio dos covardes!<\/span><\/strong><\/p>\n<p style=\"text-align: center;\"><span style=\"font-size: 12pt;\"><strong>Quem tem sindicato nunca est\u00e1 s\u00f3<\/strong>.<span style=\"color: #888888;\"><br \/>\n<\/span><\/span><\/p>\n<p>&nbsp;<\/p>\n<p>&nbsp;<\/p>\n","protected":false},"excerpt":{"rendered":"<p>A Diretoria Executiva da ADUFPB, ap\u00f3s a realiza\u00e7\u00e3o de Assembleia Geral com a categoria docente que deliberou pela paralisa\u00e7\u00e3o das atividades no pr\u00f3ximo dia 18 de novembro de 2020, foi surpreendida por Oficio Eletr\u00f4nico n\u00ba2\/2020, do Gabinete do Reitor-Interventor da UFPB, que consulta a Procuradoria Geral da universidade sobre \u201cas implica\u00e7\u00f5es jur\u00eddicas do ato e&hellip;<\/p>\n","protected":false},"author":3,"featured_media":24421,"comment_status":"closed","ping_status":"closed","sticky":false,"template":"","format":"standard","meta":{"footnotes":""},"categories":[15],"tags":[],"class_list":["post-24418","post","type-post","status-publish","format-standard","has-post-thumbnail","hentry","category-noticias","category-15","description-off"],"_links":{"self":[{"href":"https:\/\/www.adufpb.org.br\/site\/wp-json\/wp\/v2\/posts\/24418","targetHints":{"allow":["GET"]}}],"collection":[{"href":"https:\/\/www.adufpb.org.br\/site\/wp-json\/wp\/v2\/posts"}],"about":[{"href":"https:\/\/www.adufpb.org.br\/site\/wp-json\/wp\/v2\/types\/post"}],"author":[{"embeddable":true,"href":"https:\/\/www.adufpb.org.br\/site\/wp-json\/wp\/v2\/users\/3"}],"replies":[{"embeddable":true,"href":"https:\/\/www.adufpb.org.br\/site\/wp-json\/wp\/v2\/comments?post=24418"}],"version-history":[{"count":2,"href":"https:\/\/www.adufpb.org.br\/site\/wp-json\/wp\/v2\/posts\/24418\/revisions"}],"predecessor-version":[{"id":29196,"href":"https:\/\/www.adufpb.org.br\/site\/wp-json\/wp\/v2\/posts\/24418\/revisions\/29196"}],"wp:featuredmedia":[{"embeddable":true,"href":"https:\/\/www.adufpb.org.br\/site\/wp-json\/wp\/v2\/media\/24421"}],"wp:attachment":[{"href":"https:\/\/www.adufpb.org.br\/site\/wp-json\/wp\/v2\/media?parent=24418"}],"wp:term":[{"taxonomy":"category","embeddable":true,"href":"https:\/\/www.adufpb.org.br\/site\/wp-json\/wp\/v2\/categories?post=24418"},{"taxonomy":"post_tag","embeddable":true,"href":"https:\/\/www.adufpb.org.br\/site\/wp-json\/wp\/v2\/tags?post=24418"}],"curies":[{"name":"wp","href":"https:\/\/api.w.org\/{rel}","templated":true}]}}