{"id":24383,"date":"2020-11-12T20:01:47","date_gmt":"2020-11-12T23:01:47","guid":{"rendered":"https:\/\/www.adufpb.org.br\/site\/?p=24383"},"modified":"2020-11-12T20:01:47","modified_gmt":"2020-11-12T23:01:47","slug":"nota-do-sindicato-dos-trabalhadores-da-empresa-de-correios-e-telegrafos-sintect-pb","status":"publish","type":"post","link":"https:\/\/www.adufpb.org.br\/site\/nota-do-sindicato-dos-trabalhadores-da-empresa-de-correios-e-telegrafos-sintect-pb\/","title":{"rendered":"Nota do Sindicato dos Trabalhadores da Empresa de Correios e Tel\u00e9grafos (SINTECT-PB)"},"content":{"rendered":"<p><span style=\"font-size: 14pt;\">O SINTECT-PB reitera a defesa de uma universidade p\u00fablica, gratuita e de qualidade e repudia todas as a\u00e7\u00f5es de car\u00e1ter antidemocr\u00e1tico provindas da esfera federal.<\/span><\/p>\n<p><span style=\"font-size: 14pt;\">Nos solidarizamos e somamos ao corpo docente, t\u00e9cnico-administrativo e discente, sobretudo, aos que se encontram ocupando a Reitoria da Universidade Federal da Para\u00edba, defendendo a revoga\u00e7\u00e3o da nomea\u00e7\u00e3o de Valdiney Veloso Gouveia como reitor da UFPB e o respeito ao processo democr\u00e1tico, assim seguindo o desejo manifestado pela comunidade universit\u00e1ria.<\/span><\/p>\n<p style=\"text-align: center;\"><strong><span style=\"font-size: 14pt;\">Reitora eleita \u00e9 reitora empossada!<\/span><\/strong><br \/>\n<strong><span style=\"font-size: 14pt;\">N\u00e3o \u00e0 interven\u00e7\u00e3o na UFPB!<\/span><\/strong><\/p>\n","protected":false},"excerpt":{"rendered":"<p>O SINTECT-PB reitera a defesa de uma universidade p\u00fablica, gratuita e de qualidade e repudia todas as a\u00e7\u00f5es de car\u00e1ter antidemocr\u00e1tico provindas da esfera federal. Nos solidarizamos e somamos ao corpo docente, t\u00e9cnico-administrativo e discente, sobretudo, aos que se encontram ocupando a Reitoria da Universidade Federal da Para\u00edba, defendendo a revoga\u00e7\u00e3o da nomea\u00e7\u00e3o de Valdiney&hellip;<\/p>\n","protected":false},"author":3,"featured_media":0,"comment_status":"closed","ping_status":"closed","sticky":false,"template":"","format":"standard","meta":{"footnotes":""},"categories":[169],"tags":[],"class_list":["post-24383","post","type-post","status-publish","format-standard","hentry","category-documentos","category-169","description-off"],"_links":{"self":[{"href":"https:\/\/www.adufpb.org.br\/site\/wp-json\/wp\/v2\/posts\/24383","targetHints":{"allow":["GET"]}}],"collection":[{"href":"https:\/\/www.adufpb.org.br\/site\/wp-json\/wp\/v2\/posts"}],"about":[{"href":"https:\/\/www.adufpb.org.br\/site\/wp-json\/wp\/v2\/types\/post"}],"author":[{"embeddable":true,"href":"https:\/\/www.adufpb.org.br\/site\/wp-json\/wp\/v2\/users\/3"}],"replies":[{"embeddable":true,"href":"https:\/\/www.adufpb.org.br\/site\/wp-json\/wp\/v2\/comments?post=24383"}],"version-history":[{"count":1,"href":"https:\/\/www.adufpb.org.br\/site\/wp-json\/wp\/v2\/posts\/24383\/revisions"}],"predecessor-version":[{"id":24384,"href":"https:\/\/www.adufpb.org.br\/site\/wp-json\/wp\/v2\/posts\/24383\/revisions\/24384"}],"wp:attachment":[{"href":"https:\/\/www.adufpb.org.br\/site\/wp-json\/wp\/v2\/media?parent=24383"}],"wp:term":[{"taxonomy":"category","embeddable":true,"href":"https:\/\/www.adufpb.org.br\/site\/wp-json\/wp\/v2\/categories?post=24383"},{"taxonomy":"post_tag","embeddable":true,"href":"https:\/\/www.adufpb.org.br\/site\/wp-json\/wp\/v2\/tags?post=24383"}],"curies":[{"name":"wp","href":"https:\/\/api.w.org\/{rel}","templated":true}]}}