{"id":24375,"date":"2020-11-12T18:28:41","date_gmt":"2020-11-12T21:28:41","guid":{"rendered":"https:\/\/www.adufpb.org.br\/site\/?p=24375"},"modified":"2020-11-24T00:36:08","modified_gmt":"2020-11-24T03:36:08","slug":"reitor-nao-eleito-toma-posse-as-escondidas","status":"publish","type":"post","link":"https:\/\/www.adufpb.org.br\/site\/reitor-nao-eleito-toma-posse-as-escondidas\/","title":{"rendered":"Reitor n\u00e3o eleito toma posse \u00e0s escondidas"},"content":{"rendered":"<p><a class=\"dt-pswp-item\" href=\"https:\/\/www.adufpb.org.br\/site\/wp-content\/uploads\/2020\/11\/2020.11.11-posse-de-valdiney-2.jpeg\" data-dt-img-description=\"\" data-large_image_width=\"717\" data-large_image_height=\"904\"><img loading=\"lazy\" decoding=\"async\" class=\"alignright size-medium wp-image-24376\" src=\"https:\/\/www.adufpb.org.br\/site\/wp-content\/uploads\/2020\/11\/2020.11.11-posse-de-valdiney-2-238x300.jpeg\" alt=\"\" width=\"238\" height=\"300\" srcset=\"https:\/\/www.adufpb.org.br\/site\/wp-content\/uploads\/2020\/11\/2020.11.11-posse-de-valdiney-2-238x300.jpeg 238w, https:\/\/www.adufpb.org.br\/site\/wp-content\/uploads\/2020\/11\/2020.11.11-posse-de-valdiney-2-250x315.jpeg 250w, https:\/\/www.adufpb.org.br\/site\/wp-content\/uploads\/2020\/11\/2020.11.11-posse-de-valdiney-2.jpeg 717w\" sizes=\"auto, (max-width: 238px) 100vw, 238px\" \/><\/a><\/p>\n<p><span style=\"font-weight: 400;\">A portas fechadas e com um forte esquema de seguran\u00e7a, tomou posse na noite desta quarta-feira (11\/11), no cargo de reitor da UFPB, o professor Valdiney Veloso Gouveia, que teve apenas 5% dos votos na elei\u00e7\u00e3o realizada em agosto e nenhum voto no Col\u00e9gio Eleitoral respons\u00e1vel por formar a lista tr\u00edplice. O nome do candidato terminou inclu\u00eddo na lista ap\u00f3s ele recorrer \u00e0 Justi\u00e7a.<\/span><\/p>\n<p><span style=\"font-weight: 400;\">A posse estava marcada para acontecer \u00e0s 19h, na reitoria do campus I. Entretanto, horas antes, a comunidade universit\u00e1ria foi comunicada de que o evento aberto havia sido cancelado e de que seria realizada apenas uma atividade fechada para convidados. O novo local n\u00e3o foi informado. Por fim, foi divulgada a informa\u00e7\u00e3o de que a solenidade ocorreria no audit\u00f3rio do Hospital Universit\u00e1rio Lauro Wanderley, gerando aglomera\u00e7\u00e3o de autoridades e convidados em um espa\u00e7o de aten\u00e7\u00e3o e cuidado a pessoas enfermas.<\/span><\/p>\n<p><span style=\"font-weight: 400;\">Estiveram presentes \u00e0 cerim\u00f4nia, inclusive, alguns pol\u00edticos, como o deputado estadual Cabo Gilberto, do PSL, antigo partido do presidente Bolsonaro. Nesta quinta-feira, circularam nas redes sociais fotos da atividade, entre elas uma que revela a contradi\u00e7\u00e3o do discurso do candidato nomeado, que, durante a campanha e ap\u00f3s o an\u00fancio da nomea\u00e7\u00e3o, se disse contr\u00e1rio a \u201cbandeiras ideol\u00f3gicas\u201d. Na imagem, o professor Valdiney aparece posando com uma bandeira da \u201cOrdem dos Conservadores\u201d, revelando proximidade ideol\u00f3gica com as correntes de extrema direita.<\/span><\/p>\n<p><span style=\"font-weight: 400;\"><a class=\"dt-pswp-item\" href=\"https:\/\/www.adufpb.org.br\/site\/wp-content\/uploads\/2020\/11\/2020.11.11-posse-de-valdiney.jpeg\" data-dt-img-description=\"\" data-large_image_width=\"720\" data-large_image_height=\"1014\"><img loading=\"lazy\" decoding=\"async\" class=\"alignleft size-medium wp-image-24377\" src=\"https:\/\/www.adufpb.org.br\/site\/wp-content\/uploads\/2020\/11\/2020.11.11-posse-de-valdiney-213x300.jpeg\" alt=\"\" width=\"213\" height=\"300\" srcset=\"https:\/\/www.adufpb.org.br\/site\/wp-content\/uploads\/2020\/11\/2020.11.11-posse-de-valdiney-213x300.jpeg 213w, https:\/\/www.adufpb.org.br\/site\/wp-content\/uploads\/2020\/11\/2020.11.11-posse-de-valdiney-250x352.jpeg 250w, https:\/\/www.adufpb.org.br\/site\/wp-content\/uploads\/2020\/11\/2020.11.11-posse-de-valdiney.jpeg 720w\" sizes=\"auto, (max-width: 213px) 100vw, 213px\" \/><\/a>\u201cSe a posse j\u00e1 foi repleta de controv\u00e9rsias e ocultada aos interesses da comunidade universit\u00e1ria, podemos calcular o tipo de governo que o preposto interventor incorrer\u00e1\u201d, comentou o diretor de Comunica\u00e7\u00e3o da ADUFPB, Cristiano Bonneau.\u00a0<\/span><\/p>\n<p><span style=\"font-weight: 400;\">Segundo ele, a nomea\u00e7\u00e3o do candidato que n\u00e3o foi escolhido pela comunidade universit\u00e1ria abre uma crise sem precedentes na UFPB, que se inicia pela quebra do pacto universit\u00e1rio, \u201cjogando na lata de lixo as conquistas democr\u00e1ticas pelas quais esta institui\u00e7\u00e3o, pelos seu tr\u00eas segmentos, lutou e conquistou\u201d, declarou Bonneau.\u00a0<\/span><\/p>\n<p><span style=\"font-weight: 400;\">\u201cOntem lamentamos. Hoje e amanh\u00e3 vamos para a luta para reestabelecer os valores democr\u00e1ticos que foram negados simbolicamente por uma posse \u00e0s escondidas e velada da comunidade acad\u00eamica\u201d, concluiu o diretor de Comunica\u00e7\u00e3o da ADUFPB.<\/span><\/p>\n<p><em>Fonte: Ascom ADUFPB<\/em><\/p>\n","protected":false},"excerpt":{"rendered":"<p>A portas fechadas e com um forte esquema de seguran\u00e7a, tomou posse na noite desta quarta-feira (11\/11), no cargo de reitor da UFPB, o professor Valdiney Veloso Gouveia, que teve apenas 5% dos votos na elei\u00e7\u00e3o realizada em agosto e nenhum voto no Col\u00e9gio Eleitoral respons\u00e1vel por formar a lista tr\u00edplice. O nome do candidato&hellip;<\/p>\n","protected":false},"author":3,"featured_media":24379,"comment_status":"closed","ping_status":"closed","sticky":false,"template":"","format":"standard","meta":{"footnotes":""},"categories":[15],"tags":[],"class_list":["post-24375","post","type-post","status-publish","format-standard","has-post-thumbnail","hentry","category-noticias","category-15","description-off"],"_links":{"self":[{"href":"https:\/\/www.adufpb.org.br\/site\/wp-json\/wp\/v2\/posts\/24375","targetHints":{"allow":["GET"]}}],"collection":[{"href":"https:\/\/www.adufpb.org.br\/site\/wp-json\/wp\/v2\/posts"}],"about":[{"href":"https:\/\/www.adufpb.org.br\/site\/wp-json\/wp\/v2\/types\/post"}],"author":[{"embeddable":true,"href":"https:\/\/www.adufpb.org.br\/site\/wp-json\/wp\/v2\/users\/3"}],"replies":[{"embeddable":true,"href":"https:\/\/www.adufpb.org.br\/site\/wp-json\/wp\/v2\/comments?post=24375"}],"version-history":[{"count":1,"href":"https:\/\/www.adufpb.org.br\/site\/wp-json\/wp\/v2\/posts\/24375\/revisions"}],"predecessor-version":[{"id":24380,"href":"https:\/\/www.adufpb.org.br\/site\/wp-json\/wp\/v2\/posts\/24375\/revisions\/24380"}],"wp:featuredmedia":[{"embeddable":true,"href":"https:\/\/www.adufpb.org.br\/site\/wp-json\/wp\/v2\/media\/24379"}],"wp:attachment":[{"href":"https:\/\/www.adufpb.org.br\/site\/wp-json\/wp\/v2\/media?parent=24375"}],"wp:term":[{"taxonomy":"category","embeddable":true,"href":"https:\/\/www.adufpb.org.br\/site\/wp-json\/wp\/v2\/categories?post=24375"},{"taxonomy":"post_tag","embeddable":true,"href":"https:\/\/www.adufpb.org.br\/site\/wp-json\/wp\/v2\/tags?post=24375"}],"curies":[{"name":"wp","href":"https:\/\/api.w.org\/{rel}","templated":true}]}}