{"id":24362,"date":"2020-11-12T01:12:02","date_gmt":"2020-11-12T04:12:02","guid":{"rendered":"https:\/\/www.adufpb.org.br\/site\/?p=24362"},"modified":"2020-11-12T01:17:06","modified_gmt":"2020-11-12T04:17:06","slug":"nota-contra-a-intervencao-e-pela-autonomia-da-ufpb","status":"publish","type":"post","link":"https:\/\/www.adufpb.org.br\/site\/nota-contra-a-intervencao-e-pela-autonomia-da-ufpb\/","title":{"rendered":"NOTA CONTRA A INTERVEN\u00c7\u00c3O E PELA AUTONOMIA DA UFPB"},"content":{"rendered":"<p><span style=\"font-size: 14pt;\">Os departamentos, coletivos e entidades que assinam abaixo e o Comit\u00ea de Mobiliza\u00e7\u00e3o pela Autonomia e contra a Interven\u00e7\u00e3o na UFPB, composto por diversas entidades e coletivos de todas as categorias da comunidade acad\u00eamica da nossa universidade, REPUDIAM A NOMEA\u00c7\u00c3O DE VALDINEY VELOSO para Reitor da UFPB.<\/span><\/p>\n<p><span style=\"font-size: 14pt;\">N\u00e3o vamos aceitar esta interven\u00e7\u00e3o, pois n\u00e3o foi esta a nossa escolha. A comunidade acad\u00eamica da UFPB escolheu a Chapa 2 nas elei\u00e7\u00f5es, elegendo a Professora Terezinha Martins tanto na consulta eleitoral como nos Conselhos Superiores. O professor Valdiney contou com 5% de votos na consulta e no col\u00e9gio dos Conselhos Superiores n\u00e3o teve um \u00fanico voto. A nomea\u00e7\u00e3o \u00e9 flagrantemente ileg\u00edtima, desrespeitando a autonomia universit\u00e1ria e faz parte do cont\u00ednuo projeto de destrui\u00e7\u00e3o do ensino p\u00fablico.<\/span><\/p>\n<p><span style=\"font-size: 14pt;\">Por isso convocamos todas as pessoas que estudam, trabalham e convivem na UFPB a defender a nossa institui\u00e7\u00e3o e a democracia. Fiquem atentos \u00e0s agendas de mobiliza\u00e7\u00e3o e participem!<\/span><\/p>\n<p style=\"text-align: center;\"><strong><span style=\"font-size: 14pt;\">REITORA ELEITA \u00c9 REITORA EMPOSSADA!<\/span><\/strong><br \/>\n<strong><span style=\"font-size: 14pt;\">FORA VALDINEY!<\/span><\/strong><br \/>\n<strong><span style=\"font-size: 14pt;\">N\u00c3O VAMOS ACEITAR INTERVEN\u00c7\u00c3O NA REITORIA DA UFPB!<\/span><\/strong><\/p>\n<p><strong><span style=\"font-size: 14pt;\">Assinam:<\/span><\/strong><\/p>\n<p><span style=\"font-size: 14pt;\">Comit\u00ea de mobiliza\u00e7\u00e3o e contra a interven\u00e7\u00e3o na UFPB<\/span><br \/>\n<span style=\"font-size: 14pt;\">ADUFPB<\/span><br \/>\n<span style=\"font-size: 14pt;\">ANDES \u2013 Regional NE II<\/span><br \/>\n<span style=\"font-size: 14pt;\">CASU (Comit\u00eas de A\u00e7\u00e3o e Solidariedade UFPB)<\/span><br \/>\n<span style=\"font-size: 14pt;\">Centros Acad\u00eamicos de Bacharelado em Agroind\u00fastria, Biologia, Ci\u00eancias Sociais, Cinema, Enfermagem, Engenharia Civil, Hist\u00f3ria, Jornalismo, Rela\u00e7\u00f5es Internacionais, Servi\u00e7o Social, Terapia Ocupacional e Tradu\u00e7\u00e3o.<\/span><br \/>\n<span style=\"font-size: 14pt;\">Coletiva EmpodeRI<\/span><br \/>\n<span style=\"font-size: 14pt;\">Coletivo UFPB SOMOS N\u00d3S<\/span><br \/>\n<span style=\"font-size: 14pt;\">CORDEL (Coletivo Representativo das e dos Docentes em Luta da UFPB)<\/span><br \/>\n<span style=\"font-size: 14pt;\">CORRENTEZA<\/span><br \/>\n<span style=\"font-size: 14pt;\">F\u00f3rum das Mulheres em Luta da UFPB<\/span><br \/>\n<span style=\"font-size: 14pt;\">F\u00f3rum dos T\u00e9cnicos do CE<\/span><br \/>\n<span style=\"font-size: 14pt;\">Levante Popular da Juventude<\/span><br \/>\n<span style=\"font-size: 14pt;\">NEP (N\u00facleo de Extens\u00e3o Popular Flor de Mandacaru)<\/span><br \/>\n<span style=\"font-size: 14pt;\">SINTESPB<\/span><br \/>\n<span style=\"font-size: 14pt;\">Departamento de Artes C\u00eanicas (DAC\/CCTA)<\/span><br \/>\n<span style=\"font-size: 14pt;\">Departamento de Ci\u00eancias Jur\u00eddicas (DCJ\/CCJ)<\/span><br \/>\n<span style=\"font-size: 14pt;\">Departamento de Ci\u00eancias Sociais (DCS-CCHLA)<\/span><br \/>\n<span style=\"font-size: 14pt;\">Departamento de Comunica\u00e7\u00e3o (DECOM\/CCTA)<\/span><br \/>\n<span style=\"font-size: 14pt;\">Departamento de Geoci\u00eancias (Dgeoc\/CCEN)<\/span><br \/>\n<span style=\"font-size: 14pt;\">Departamento de M\u00eddias Digitais da UFPB (DEMID)<\/span><br \/>\n<span style=\"font-size: 14pt;\">Departamento de Promo\u00e7\u00e3o da Sa\u00fade (DPS\/CCM)<\/span><br \/>\n<span style=\"font-size: 14pt;\">Departamento de Rela\u00e7\u00f5es Internacionais (DRI\/CCSA)<\/span><br \/>\n<span style=\"font-size: 14pt;\">Departamento de Sistem\u00e1tica e Ecologia (DSE\/CCEN)<\/span><br \/>\n<span style=\"font-size: 14pt;\">Departamento de Terapia Ocupacional (DTO\/CCS)<\/span><br \/>\n<span style=\"font-size: 14pt;\">FomeRI (Grupo de Pesquisa sobre Fome e Rela\u00e7\u00f5es Internacionais)<\/span><br \/>\n<span style=\"font-size: 14pt;\">Grupo de Pesquisa Materialismo e Modernidade UFPB\/CNPq<\/span><br \/>\n<span style=\"font-size: 14pt;\">NUPLAR (N\u00facleo Interdisciplinar de Pesquisa e Extens\u00e3o em Economia Solid\u00e1ria e Educa\u00e7\u00e3o Popular)<\/span><\/p>\n","protected":false},"excerpt":{"rendered":"<p>Os departamentos, coletivos e entidades que assinam abaixo e o Comit\u00ea de Mobiliza\u00e7\u00e3o pela Autonomia e contra a Interven\u00e7\u00e3o na UFPB, composto por diversas entidades e coletivos de todas as categorias da comunidade acad\u00eamica da nossa universidade, REPUDIAM A NOMEA\u00c7\u00c3O DE VALDINEY VELOSO para Reitor da UFPB. N\u00e3o vamos aceitar esta interven\u00e7\u00e3o, pois n\u00e3o foi&hellip;<\/p>\n","protected":false},"author":3,"featured_media":0,"comment_status":"closed","ping_status":"closed","sticky":false,"template":"","format":"standard","meta":{"footnotes":""},"categories":[169],"tags":[],"class_list":["post-24362","post","type-post","status-publish","format-standard","hentry","category-documentos","category-169","description-off"],"_links":{"self":[{"href":"https:\/\/www.adufpb.org.br\/site\/wp-json\/wp\/v2\/posts\/24362","targetHints":{"allow":["GET"]}}],"collection":[{"href":"https:\/\/www.adufpb.org.br\/site\/wp-json\/wp\/v2\/posts"}],"about":[{"href":"https:\/\/www.adufpb.org.br\/site\/wp-json\/wp\/v2\/types\/post"}],"author":[{"embeddable":true,"href":"https:\/\/www.adufpb.org.br\/site\/wp-json\/wp\/v2\/users\/3"}],"replies":[{"embeddable":true,"href":"https:\/\/www.adufpb.org.br\/site\/wp-json\/wp\/v2\/comments?post=24362"}],"version-history":[{"count":3,"href":"https:\/\/www.adufpb.org.br\/site\/wp-json\/wp\/v2\/posts\/24362\/revisions"}],"predecessor-version":[{"id":24365,"href":"https:\/\/www.adufpb.org.br\/site\/wp-json\/wp\/v2\/posts\/24362\/revisions\/24365"}],"wp:attachment":[{"href":"https:\/\/www.adufpb.org.br\/site\/wp-json\/wp\/v2\/media?parent=24362"}],"wp:term":[{"taxonomy":"category","embeddable":true,"href":"https:\/\/www.adufpb.org.br\/site\/wp-json\/wp\/v2\/categories?post=24362"},{"taxonomy":"post_tag","embeddable":true,"href":"https:\/\/www.adufpb.org.br\/site\/wp-json\/wp\/v2\/tags?post=24362"}],"curies":[{"name":"wp","href":"https:\/\/api.w.org\/{rel}","templated":true}]}}