{"id":2436,"date":"2012-01-18T17:07:15","date_gmt":"2012-01-18T21:07:15","guid":{"rendered":"http:\/\/www.adufpb.org.br\/site\/nota-de-pesar-10\/"},"modified":"2012-01-18T17:15:08","modified_gmt":"2012-01-18T21:15:08","slug":"nota-de-pesar-10","status":"publish","type":"post","link":"https:\/\/www.adufpb.org.br\/site\/nota-de-pesar-10\/","title":{"rendered":"Nota de pesar"},"content":{"rendered":"<p><a href=\"http:\/\/www.adufpb.org.br\/site\/wp-content\/uploads\/2012\/01\/Professora-Mirtes_melhor-qualidade.jpg\"><img loading=\"lazy\" decoding=\"async\" class=\"alignleft size-full wp-image-2442\" title=\"Professora Mirtes_melhor qualidade\" src=\"http:\/\/www.adufpb.org.br\/site\/wp-content\/uploads\/2012\/01\/Professora-Mirtes_melhor-qualidade.jpg\" alt=\"Professora Mirtes_melhor qualidade\" width=\"218\" height=\"256\" \/><\/a>\u00c9 com imenso pesar que comunicamos aos s\u00f3cios da ADUFPB o falecimento da Professora MYRTES DE AGUIAR MACEDO, do Departamento de Servi\u00e7o Social, do Centro de Ci\u00eancias Humanas, Letras e Artes. Estendemos os p\u00easames \u00e0 fam\u00edlia, sabendo que a sua mem\u00f3ria imorredoura, fica entre n\u00f3s.<\/p>\n<p>Jo\u00e3o Pessoa, 18 de janeiro de 2012.<\/p>\n<p>Diretoria Executiva ADUFPB<\/p>\n","protected":false},"excerpt":{"rendered":"<p>\u00c9 com imenso pesar que comunicamos aos s\u00f3cios da ADUFPB o falecimento da Professora MYRTES DE AGUIAR MACEDO, do Departamento de Servi\u00e7o Social, do Centro de Ci\u00eancias Humanas, Letras e Artes. Estendemos os p\u00easames \u00e0 fam\u00edlia, sabendo que a sua mem\u00f3ria imorredoura, fica entre n\u00f3s. Jo\u00e3o Pessoa, 18 de janeiro de 2012. Diretoria Executiva ADUFPB<\/p>\n","protected":false},"author":1,"featured_media":0,"comment_status":"open","ping_status":"open","sticky":false,"template":"","format":"standard","meta":{"footnotes":""},"categories":[15],"tags":[],"class_list":["post-2436","post","type-post","status-publish","format-standard","hentry","category-noticias","category-15","description-off"],"_links":{"self":[{"href":"https:\/\/www.adufpb.org.br\/site\/wp-json\/wp\/v2\/posts\/2436","targetHints":{"allow":["GET"]}}],"collection":[{"href":"https:\/\/www.adufpb.org.br\/site\/wp-json\/wp\/v2\/posts"}],"about":[{"href":"https:\/\/www.adufpb.org.br\/site\/wp-json\/wp\/v2\/types\/post"}],"author":[{"embeddable":true,"href":"https:\/\/www.adufpb.org.br\/site\/wp-json\/wp\/v2\/users\/1"}],"replies":[{"embeddable":true,"href":"https:\/\/www.adufpb.org.br\/site\/wp-json\/wp\/v2\/comments?post=2436"}],"version-history":[{"count":4,"href":"https:\/\/www.adufpb.org.br\/site\/wp-json\/wp\/v2\/posts\/2436\/revisions"}],"predecessor-version":[{"id":2443,"href":"https:\/\/www.adufpb.org.br\/site\/wp-json\/wp\/v2\/posts\/2436\/revisions\/2443"}],"wp:attachment":[{"href":"https:\/\/www.adufpb.org.br\/site\/wp-json\/wp\/v2\/media?parent=2436"}],"wp:term":[{"taxonomy":"category","embeddable":true,"href":"https:\/\/www.adufpb.org.br\/site\/wp-json\/wp\/v2\/categories?post=2436"},{"taxonomy":"post_tag","embeddable":true,"href":"https:\/\/www.adufpb.org.br\/site\/wp-json\/wp\/v2\/tags?post=2436"}],"curies":[{"name":"wp","href":"https:\/\/api.w.org\/{rel}","templated":true}]}}