{"id":24344,"date":"2020-11-11T13:33:36","date_gmt":"2020-11-11T16:33:36","guid":{"rendered":"https:\/\/www.adufpb.org.br\/site\/?p=24344"},"modified":"2020-11-17T00:24:08","modified_gmt":"2020-11-17T03:24:08","slug":"nota-de-pesar-professora-dra-terezinha-diniz","status":"publish","type":"post","link":"https:\/\/www.adufpb.org.br\/site\/nota-de-pesar-professora-dra-terezinha-diniz\/","title":{"rendered":"NOTA DE PESAR &#8211; Professora Dra. Terezinha Diniz"},"content":{"rendered":"<p><span style=\"font-size: 12pt;\"><a class=\"dt-pswp-item\" href=\"https:\/\/www.adufpb.org.br\/site\/wp-content\/uploads\/2020\/11\/terezinha.jpg\" data-dt-img-description=\"\" data-large_image_width=\"1228\" data-large_image_height=\"687\"><img loading=\"lazy\" decoding=\"async\" class=\"aligncenter size-large wp-image-24346\" src=\"https:\/\/www.adufpb.org.br\/site\/wp-content\/uploads\/2020\/11\/terezinha-1024x573.jpg\" alt=\"\" width=\"1024\" height=\"573\" srcset=\"https:\/\/www.adufpb.org.br\/site\/wp-content\/uploads\/2020\/11\/terezinha-1024x573.jpg 1024w, https:\/\/www.adufpb.org.br\/site\/wp-content\/uploads\/2020\/11\/terezinha-300x168.jpg 300w, https:\/\/www.adufpb.org.br\/site\/wp-content\/uploads\/2020\/11\/terezinha-768x430.jpg 768w, https:\/\/www.adufpb.org.br\/site\/wp-content\/uploads\/2020\/11\/terezinha-250x140.jpg 250w, https:\/\/www.adufpb.org.br\/site\/wp-content\/uploads\/2020\/11\/terezinha.jpg 1228w\" sizes=\"auto, (max-width: 1024px) 100vw, 1024px\" \/><\/a><\/span><\/p>\n<p>&nbsp;<\/p>\n<p><span style=\"font-size: 12pt;\">A ADUFPB e sua comunidade, sindical e acad\u00eamica, expressa hoje sua profunda tristeza pela perda da sua atual diretora de Pol\u00edtica Social, professora Dra. Terezinha Diniz, do Departamento de Metodologia da Educa\u00e7\u00e3o\/CE, s\u00f3cia fundadora da ADUFPB, desde 15\/11\/1978, falecida na madrugada do dia 11\/11\/2020. Colaborou de forma inestim\u00e1vel para a consolida\u00e7\u00e3o e as lutas desse sindicato, em n\u00edvel local, regional e nacional, sobretudo na quest\u00e3o cultural e na defesa dos docentes aposentados. Sempre diplom\u00e1tica nos Congressos do ANDES-SN e com a\u00e7\u00e3o militante na vota\u00e7\u00e3o dos temas de interesse da categoria. Seu entusiasmo pela arte fundou e manteve o Coral Vozes da ADUF em que se manteve ass\u00eddua desde o seu surgimento, sendo a atual coordenadora, com o \u00e1pice anual de incentivar, sediar e participar do Festival de Coros. <\/span><\/p>\n<p><span style=\"font-size: 12pt;\"><a class=\"dt-pswp-item\" href=\"https:\/\/www.adufpb.org.br\/site\/wp-content\/uploads\/2020\/11\/terezinha-2.jpg\" data-dt-img-description=\"\" data-large_image_width=\"1033\" data-large_image_height=\"899\"><img loading=\"lazy\" decoding=\"async\" class=\"alignright size-medium wp-image-24345\" src=\"https:\/\/www.adufpb.org.br\/site\/wp-content\/uploads\/2020\/11\/terezinha-2-300x261.jpg\" alt=\"\" width=\"300\" height=\"261\" srcset=\"https:\/\/www.adufpb.org.br\/site\/wp-content\/uploads\/2020\/11\/terezinha-2-300x261.jpg 300w, https:\/\/www.adufpb.org.br\/site\/wp-content\/uploads\/2020\/11\/terezinha-2-1024x891.jpg 1024w, https:\/\/www.adufpb.org.br\/site\/wp-content\/uploads\/2020\/11\/terezinha-2-768x668.jpg 768w, https:\/\/www.adufpb.org.br\/site\/wp-content\/uploads\/2020\/11\/terezinha-2-250x218.jpg 250w, https:\/\/www.adufpb.org.br\/site\/wp-content\/uploads\/2020\/11\/terezinha-2.jpg 1033w\" sizes=\"auto, (max-width: 300px) 100vw, 300px\" \/><\/a>Como exemplo de luta, a professora Terezinha foi eleita e fez parte das seguintes Diretorias:<\/span><br \/>\n<span style=\"font-size: 12pt;\">&#8211; Secret\u00e1ria Geral da 24\u00aa DE &#8211; 2001-2002<\/span><br \/>\n<span style=\"font-size: 12pt;\">&#8211; Diretora para Assuntos de Aposentadoria da 25\u00aa DE &#8211; 2003-2004<\/span><br \/>\n<span style=\"font-size: 12pt;\">&#8211; Diretora de Pol\u00edtica Educacional e Cient\u00edfica da 26\u00aa DE &#8211; 2005-2007<\/span><br \/>\n<span style=\"font-size: 12pt;\">&#8211; Diretora de Pol\u00edtica Social da 27\u00aa DE &#8211; 2007-2009<\/span><br \/>\n<span style=\"font-size: 12pt;\">&#8211; Secret\u00e1ria Geral da 28\u00aa DE &#8211; 2009-2011<\/span><br \/>\n<span style=\"font-size: 12pt;\">&#8211; Vice-Presidente da 29\u00aa DE &#8211; 2011-2013<\/span><br \/>\n<span style=\"font-size: 12pt;\">&#8211; Secret\u00e1ria Geral da 30\u00aa DE &#8211; 2013-2015<\/span><br \/>\n<span style=\"font-size: 12pt;\">&#8211; Diretora de Pol\u00edtica Social da 31\u00aa DE &#8211; 2015-2017<\/span><br \/>\n<span style=\"font-size: 12pt;\">&#8211; Diretora para Assuntos de Aposentadoria da 32\u00aa DE &#8211; 2017-2019<\/span><br \/>\n<span style=\"font-size: 12pt;\">&#8211; Diretora de Pol\u00edtica Social da 33\u00aa DE &#8211; 2019-2021<\/span><\/p>\n<p><span style=\"font-size: 12pt;\">Nosso eterno reconhecimento e expressa gratid\u00e3o para a companheira, coet\u00e2nea ao nascimento do sindicato, que sempre esteve na linha de frente, com dedica\u00e7\u00e3o e respeito aos\/\u00e0s docentes e no pronto atendimento de suas demandas. Merece todas as honras e homenagens pela grande refer\u00eancia, como nobre educadora e ardorosa militante que se tornou em nossa comunidade sindical e acad\u00eamica. Suas contribui\u00e7\u00f5es e atua\u00e7\u00f5es marcaram definitivamente a hist\u00f3ria da ADUFPB.<\/span><\/p>\n<p style=\"text-align: center;\"><span style=\"font-size: 12pt;\"><strong>Diretoria Executiva da ADUFPB<\/strong><\/span><\/p>\n","protected":false},"excerpt":{"rendered":"<p>&nbsp; A ADUFPB e sua comunidade, sindical e acad\u00eamica, expressa hoje sua profunda tristeza pela perda da sua atual diretora de Pol\u00edtica Social, professora Dra. Terezinha Diniz, do Departamento de Metodologia da Educa\u00e7\u00e3o\/CE, s\u00f3cia fundadora da ADUFPB, desde 15\/11\/1978, falecida na madrugada do dia 11\/11\/2020. Colaborou de forma inestim\u00e1vel para a consolida\u00e7\u00e3o e as lutas&hellip;<\/p>\n","protected":false},"author":3,"featured_media":24345,"comment_status":"closed","ping_status":"closed","sticky":false,"template":"","format":"standard","meta":{"footnotes":""},"categories":[15],"tags":[1416],"class_list":["post-24344","post","type-post","status-publish","format-standard","has-post-thumbnail","hentry","category-noticias","tag-terezinha-diniz","category-15","description-off"],"_links":{"self":[{"href":"https:\/\/www.adufpb.org.br\/site\/wp-json\/wp\/v2\/posts\/24344","targetHints":{"allow":["GET"]}}],"collection":[{"href":"https:\/\/www.adufpb.org.br\/site\/wp-json\/wp\/v2\/posts"}],"about":[{"href":"https:\/\/www.adufpb.org.br\/site\/wp-json\/wp\/v2\/types\/post"}],"author":[{"embeddable":true,"href":"https:\/\/www.adufpb.org.br\/site\/wp-json\/wp\/v2\/users\/3"}],"replies":[{"embeddable":true,"href":"https:\/\/www.adufpb.org.br\/site\/wp-json\/wp\/v2\/comments?post=24344"}],"version-history":[{"count":3,"href":"https:\/\/www.adufpb.org.br\/site\/wp-json\/wp\/v2\/posts\/24344\/revisions"}],"predecessor-version":[{"id":24350,"href":"https:\/\/www.adufpb.org.br\/site\/wp-json\/wp\/v2\/posts\/24344\/revisions\/24350"}],"wp:featuredmedia":[{"embeddable":true,"href":"https:\/\/www.adufpb.org.br\/site\/wp-json\/wp\/v2\/media\/24345"}],"wp:attachment":[{"href":"https:\/\/www.adufpb.org.br\/site\/wp-json\/wp\/v2\/media?parent=24344"}],"wp:term":[{"taxonomy":"category","embeddable":true,"href":"https:\/\/www.adufpb.org.br\/site\/wp-json\/wp\/v2\/categories?post=24344"},{"taxonomy":"post_tag","embeddable":true,"href":"https:\/\/www.adufpb.org.br\/site\/wp-json\/wp\/v2\/tags?post=24344"}],"curies":[{"name":"wp","href":"https:\/\/api.w.org\/{rel}","templated":true}]}}