{"id":2430,"date":"2012-01-18T07:56:51","date_gmt":"2012-01-18T11:56:51","guid":{"rendered":"http:\/\/www.adufpb.org.br\/site\/congressistas-aprovam-intensificacao-da-luta-dos-docentes-das-ies\/"},"modified":"2012-01-18T07:56:51","modified_gmt":"2012-01-18T11:56:51","slug":"congressistas-aprovam-intensificacao-da-luta-dos-docentes-das-ies","status":"publish","type":"post","link":"https:\/\/www.adufpb.org.br\/site\/congressistas-aprovam-intensificacao-da-luta-dos-docentes-das-ies\/","title":{"rendered":"Congressistas aprovam intensifica\u00e7\u00e3o da luta dos docentes das IES"},"content":{"rendered":"<p><span style=\"font-family: arial, helvetica, sans-serif; line-height: normal; font-size: small;\">Depois de um caloroso debate, os participantes do 31\u00ba Congresso aprovaram, na plen\u00e1ria do tema 2 (centralidade da luta), realizada na manh\u00e3 de ter\u00e7a-feira (17.01), o eixo que nortear\u00e1 a a\u00e7\u00e3o do Sindicato este ano.\u00a0 De acordo com o texto aprovado, o ANDES-SN, como leg\u00edtimo representante dos docentes das IES, deve intensificar a organiza\u00e7\u00e3o da categoria a partir da luta em defesa da educa\u00e7\u00e3o p\u00fablica de qualidade e da intensifica\u00e7\u00e3o da organiza\u00e7\u00e3o da base e da unidade da luta com o conjunto do movimento social.<\/span><br style=\"font-family: arial, helvetica, sans-serif; line-height: normal; font-size: small;\" \/><br style=\"font-family: arial, helvetica, sans-serif; line-height: normal; font-size: small;\" \/><span style=\"font-family: arial, helvetica, sans-serif; line-height: normal; font-size: small;\">O texto de resolu\u00e7\u00e3o aprovado foi o seguinte:\u00a0 \u201cDefesa da educa\u00e7\u00e3o p\u00fablica em todos os n\u00edveis, gratuita, laica, universal e com padr\u00e3o unit\u00e1rio de qualidade, condi\u00e7\u00f5es de trabalho, carreira docente \u00fanica, sal\u00e1rios dignos, fortalecendo o ANDES-SN como leg\u00edtimo representante sindical dos docentes das IES, a partir da intensifica\u00e7\u00e3o da organiza\u00e7\u00e3o da base e da unidade das lutas com o conjunto do movimento social, aut\u00f4nomo e classista.\u201d<\/span><br style=\"font-family: arial, helvetica, sans-serif; line-height: normal; font-size: small;\" \/><br style=\"font-family: arial, helvetica, sans-serif; line-height: normal; font-size: small;\" \/><span style=\"font-family: arial, helvetica, sans-serif; line-height: normal; font-size: small;\">Para o 1\u00ba vice-presidente do ANDES-SN, Luiz Henrique Schuch, que coordenou a plen\u00e1ria do tema 2, o resultado foi positivo. \u201cTodo o ac\u00famulo dos debates sobre conjuntura feitos nos grupos e depois na plen\u00e1ria foram exatamente no sentido de ajustar o foco a partir da proposta que a diretoria j\u00e1 havia apresentado, reafirmando a continuidade na luta pelos direitos dos docentes, pela defesa da educa\u00e7\u00e3o, pela defesa do Andes-SN como instrumento de articula\u00e7\u00e3o do movimento social, sindical, classista e aut\u00f4nomo\u201d, ponderou.<\/span><\/p>\n<p><span style=\"font-family: arial, helvetica, sans-serif; line-height: normal; font-size: small;\">Fonte: Andes<\/span><\/p>\n","protected":false},"excerpt":{"rendered":"<p>Depois de um caloroso debate, os participantes do 31\u00ba Congresso aprovaram, na plen\u00e1ria do tema 2 (centralidade da luta), realizada na manh\u00e3 de ter\u00e7a-feira (17.01), o eixo que nortear\u00e1 a a\u00e7\u00e3o do Sindicato este ano.\u00a0 De acordo com o texto aprovado, o ANDES-SN, como leg\u00edtimo representante dos docentes das IES, deve intensificar a organiza\u00e7\u00e3o da&hellip;<\/p>\n","protected":false},"author":1,"featured_media":0,"comment_status":"open","ping_status":"open","sticky":false,"template":"","format":"standard","meta":{"footnotes":""},"categories":[15],"tags":[92],"class_list":["post-2430","post","type-post","status-publish","format-standard","hentry","category-noticias","tag-andes","category-15","description-off"],"_links":{"self":[{"href":"https:\/\/www.adufpb.org.br\/site\/wp-json\/wp\/v2\/posts\/2430","targetHints":{"allow":["GET"]}}],"collection":[{"href":"https:\/\/www.adufpb.org.br\/site\/wp-json\/wp\/v2\/posts"}],"about":[{"href":"https:\/\/www.adufpb.org.br\/site\/wp-json\/wp\/v2\/types\/post"}],"author":[{"embeddable":true,"href":"https:\/\/www.adufpb.org.br\/site\/wp-json\/wp\/v2\/users\/1"}],"replies":[{"embeddable":true,"href":"https:\/\/www.adufpb.org.br\/site\/wp-json\/wp\/v2\/comments?post=2430"}],"version-history":[{"count":0,"href":"https:\/\/www.adufpb.org.br\/site\/wp-json\/wp\/v2\/posts\/2430\/revisions"}],"wp:attachment":[{"href":"https:\/\/www.adufpb.org.br\/site\/wp-json\/wp\/v2\/media?parent=2430"}],"wp:term":[{"taxonomy":"category","embeddable":true,"href":"https:\/\/www.adufpb.org.br\/site\/wp-json\/wp\/v2\/categories?post=2430"},{"taxonomy":"post_tag","embeddable":true,"href":"https:\/\/www.adufpb.org.br\/site\/wp-json\/wp\/v2\/tags?post=2430"}],"curies":[{"name":"wp","href":"https:\/\/api.w.org\/{rel}","templated":true}]}}