{"id":2429,"date":"2012-01-18T07:54:50","date_gmt":"2012-01-18T11:54:50","guid":{"rendered":"http:\/\/www.adufpb.org.br\/site\/financiamento-em-ciencia-e-tecnologia-e-debatido-em-manaus\/"},"modified":"2012-01-18T07:54:50","modified_gmt":"2012-01-18T11:54:50","slug":"financiamento-em-ciencia-e-tecnologia-e-debatido-em-manaus","status":"publish","type":"post","link":"https:\/\/www.adufpb.org.br\/site\/financiamento-em-ciencia-e-tecnologia-e-debatido-em-manaus\/","title":{"rendered":"Financiamento em Ci\u00eancia e Tecnologia \u00e9 debatido em Manaus"},"content":{"rendered":"<div id=\"_mcePaste\" style=\"position: absolute; left: -10000px; top: 0px; width: 1px; height: 1px; overflow-x: hidden; overflow-y: hidden;\">Durante a tarde desta ter\u00e7a-feira (17), os participantes do 31\u00ba Congresso votaram quase todos os textos propostos para o tema 3, que tratou das pol\u00edticas sociais (educacional, gerais, direitos e organiza\u00e7\u00f5es dos trabalhadores). No texto sobre Ci\u00eancia e Tecnologia foi aprovado, entre outras quest\u00f5es, a luta pela amplia\u00e7\u00e3o dos recursos para o setor e contra os cortes no or\u00e7amento do minist\u00e9rio da Ci\u00eancia e da Tecnologia, proposta no texto inicial elaborado pela diretoria do ANDES-SN.<\/div>\n<div id=\"_mcePaste\" style=\"position: absolute; left: -10000px; top: 0px; width: 1px; height: 1px; overflow-x: hidden; overflow-y: hidden;\">A plen\u00e1ria tamb\u00e9m deliberou por manter a estrat\u00e9gia de luta pelos direitos de aposentadoria, como uma responsabilidade de toda a categoria. Aprovou ainda a luta em defesa pelo direito a cidade, reagindo \u00e0 segrega\u00e7\u00e3o s\u00f3cio-espacial, agravada pelos megaeventos e grande empreendimentos. Infelizmente, os moradores dos locais a serem ocupados pelos novos equipamentos p\u00fablicos est\u00e3o sendo expulsos de suas moradias.<\/div>\n<div id=\"_mcePaste\" style=\"position: absolute; left: -10000px; top: 0px; width: 1px; height: 1px; overflow-x: hidden; overflow-y: hidden;\">Duas propostas, uma tratando de quest\u00f5es ambientais, agr\u00e1rias e urbanas, elaborada pela diretoria do ANDES-SN; e outra, sobre sa\u00fade docente, escrito pelos professores Luis Allan K\u00fcnzle e Astrid Baecker \u00c1vila, da Universidade Federal do Paran\u00e1, foram remetidas para debate na plen\u00e1ria do Tema 5, por tratarem, na avalia\u00e7\u00e3o dos delegados, de assuntos referentes ao plano de luta geral da entidade.<\/div>\n<div id=\"_mcePaste\" style=\"position: absolute; left: -10000px; top: 0px; width: 1px; height: 1px; overflow-x: hidden; overflow-y: hidden;\">Para o presidente da plen\u00e1ria e 1\u00ba vice-presidente Regional S\u00e3o Paulo do ANDES-SN, Francisco Miraglia, o resultado da plen\u00e1ria desta ter\u00e7a-feira (17) foi positivo. \u201cA discuss\u00e3o foi muito boa. Foram importantes, por exemplo, as delibera\u00e7\u00f5es sobre os mega eventos, que t\u00eam prejudicado milhares de fam\u00edlias\u201d, afirmou.<\/div>\n<div id=\"_mcePaste\" style=\"position: absolute; left: -10000px; top: 0px; width: 1px; height: 1px; overflow-x: hidden; overflow-y: hidden;\">Um dos temas mais pol\u00eamicos foi a proposta das se\u00e7\u00f5es sindicais Adufepe e Apufpr, de cria\u00e7\u00e3o de um F\u00f3rum Nacional dos Professores Aposentados. Para os defensores da proposta, ele iria fortalecer a luta em torno dos direitos de quem n\u00e3o est\u00e1 na ativa. O 1\u00ba vice-presidente do ANDES-SN, Luiz Henrique Schuch, defensor da manuten\u00e7\u00e3o da atual estrat\u00e9gia de atua\u00e7\u00e3o do Sindicato, argumentou que a cria\u00e7\u00e3o do F\u00f3rum iria dividir o conjunto da categoria, apesar da inten\u00e7\u00e3o ser oposta.<\/div>\n<div id=\"_mcePaste\" style=\"position: absolute; left: -10000px; top: 0px; width: 1px; height: 1px; overflow-x: hidden; overflow-y: hidden;\">\u201cSe aprovarmos essa proposta, daqui a pouco teremos sub-se\u00e7\u00f5es para professores assistentes e seniores. N\u00e3o h\u00e1 essa divis\u00e3o, ativos e aposentados s\u00e3o um s\u00f3. A luta pela universidade p\u00fablica e gratuita \u00e9 de todos \u201d, argumentou o secret\u00e1rio-geral do ANDES-SN, M\u00e1rcio Oliveira.<\/div>\n<div id=\"_mcePaste\" style=\"position: absolute; left: -10000px; top: 0px; width: 1px; height: 1px; overflow-x: hidden; overflow-y: hidden;\">Para Miraglia, as pol\u00eamicas s\u00e3o saud\u00e1veis. \u201cElas s\u00e3o parte importante das nossas discuss\u00f5es. Num evento com mais de 350 professores, eles v\u00e3o contribuir e defender que sua posi\u00e7\u00e3o seja levada em considera\u00e7\u00e3o\u201d, afirmou.<\/div>\n<div id=\"_mcePaste\" style=\"position: absolute; left: -10000px; top: 0px; width: 1px; height: 1px; overflow-x: hidden; overflow-y: hidden;\">\u201cTodo o ac\u00famulo dos debates sobre conjuntura feitos nos grupos e depois na plen\u00e1ria foram exatamente no sentido de ajustar esse foco a partir da proposta que a diretoria j\u00e1 havia apresentado, reafirmando a continuidade na luta pelos direitos dos docentes, pela defesa da educa\u00e7\u00e3o, pela defesa do Andes-SN como instrumento de articula\u00e7\u00e3o do movimento social, sindical, classista e aut\u00f4nomo\u201d, disse.<\/div>\n<div id=\"_mcePaste\" style=\"position: absolute; left: -10000px; top: 0px; width: 1px; height: 1px; overflow-x: hidden; overflow-y: hidden;\">Fonte: Andes<\/div>\n<p><a href=\"http:\/\/www.adufpb.org.br\/site\/wp-content\/uploads\/2012\/01\/andes-plen\u00e1ria.jpg\"><img loading=\"lazy\" decoding=\"async\" class=\"alignleft size-medium wp-image-2428\" title=\"andes plen\u00e1ria\" src=\"http:\/\/www.adufpb.org.br\/site\/wp-content\/uploads\/2012\/01\/andes-plen\u00e1ria-300x200.jpg\" alt=\"andes plen\u00e1ria\" width=\"300\" height=\"200\" srcset=\"https:\/\/www.adufpb.org.br\/site\/wp-content\/uploads\/2012\/01\/andes-plen\u00e1ria-300x200.jpg 300w, https:\/\/www.adufpb.org.br\/site\/wp-content\/uploads\/2012\/01\/andes-plen\u00e1ria.jpg 600w\" sizes=\"auto, (max-width: 300px) 100vw, 300px\" \/><\/a>Durante a tarde desta ter\u00e7a-feira (17), os participantes do 31\u00ba Congresso votaram quase todos os textos propostos para o tema 3, que tratou das pol\u00edticas sociais (educacional, gerais, direitos e organiza\u00e7\u00f5es dos trabalhadores). No texto sobre Ci\u00eancia e Tecnologia foi aprovado, entre outras quest\u00f5es, a luta pela amplia\u00e7\u00e3o dos recursos para o setor e contra os cortes no or\u00e7amento do minist\u00e9rio da Ci\u00eancia e da Tecnologia, proposta no texto inicial elaborado pela diretoria do ANDES-SN.<\/p>\n<p>A plen\u00e1ria tamb\u00e9m deliberou por manter a estrat\u00e9gia de luta pelos direitos de aposentadoria, como uma responsabilidade de toda a categoria. Aprovou ainda a luta em defesa pelo direito a cidade, reagindo \u00e0 segrega\u00e7\u00e3o s\u00f3cio-espacial, agravada pelos megaeventos e grande empreendimentos. Infelizmente, os moradores dos locais a serem ocupados pelos novos equipamentos p\u00fablicos est\u00e3o sendo expulsos de suas moradias.<\/p>\n<p>Duas propostas, uma tratando de quest\u00f5es ambientais, agr\u00e1rias e urbanas, elaborada pela diretoria do ANDES-SN; e outra, sobre sa\u00fade docente, escrito pelos professores Luis Allan K\u00fcnzle e Astrid Baecker \u00c1vila, da Universidade Federal do Paran\u00e1, foram remetidas para debate na plen\u00e1ria do Tema 5, por tratarem, na avalia\u00e7\u00e3o dos delegados, de assuntos referentes ao plano de luta geral da entidade.<\/p>\n<p>Para o presidente da plen\u00e1ria e 1\u00ba vice-presidente Regional S\u00e3o Paulo do ANDES-SN, Francisco Miraglia, o resultado da plen\u00e1ria desta ter\u00e7a-feira (17) foi positivo. \u201cA discuss\u00e3o foi muito boa. Foram importantes, por exemplo, as delibera\u00e7\u00f5es sobre os mega eventos, que t\u00eam prejudicado milhares de fam\u00edlias\u201d, afirmou.<\/p>\n<p>Um dos temas mais pol\u00eamicos foi a proposta das se\u00e7\u00f5es sindicais Adufepe e Apufpr, de cria\u00e7\u00e3o de um F\u00f3rum Nacional dos Professores Aposentados. Para os defensores da proposta, ele iria fortalecer a luta em torno dos direitos de quem n\u00e3o est\u00e1 na ativa. O 1\u00ba vice-presidente do ANDES-SN, Luiz Henrique Schuch, defensor da manuten\u00e7\u00e3o da atual estrat\u00e9gia de atua\u00e7\u00e3o do Sindicato, argumentou que a cria\u00e7\u00e3o do F\u00f3rum iria dividir o conjunto da categoria, apesar da inten\u00e7\u00e3o ser oposta.<\/p>\n<p>\u201cSe aprovarmos essa proposta, daqui a pouco teremos sub-se\u00e7\u00f5es para professores assistentes e seniores. N\u00e3o h\u00e1 essa divis\u00e3o, ativos e aposentados s\u00e3o um s\u00f3. A luta pela universidade p\u00fablica e gratuita \u00e9 de todos \u201d, argumentou o secret\u00e1rio-geral do ANDES-SN, M\u00e1rcio Oliveira.<\/p>\n<p>Para Miraglia, as pol\u00eamicas s\u00e3o saud\u00e1veis. \u201cElas s\u00e3o parte importante das nossas discuss\u00f5es. Num evento com mais de 350 professores, eles v\u00e3o contribuir e defender que sua posi\u00e7\u00e3o seja levada em considera\u00e7\u00e3o\u201d, afirmou.<\/p>\n<p>\u201cTodo o ac\u00famulo dos debates sobre conjuntura feitos nos grupos e depois na plen\u00e1ria foram exatamente no sentido de ajustar esse foco a partir da proposta que a diretoria j\u00e1 havia apresentado, reafirmando a continuidade na luta pelos direitos dos docentes, pela defesa da educa\u00e7\u00e3o, pela defesa do Andes-SN como instrumento de articula\u00e7\u00e3o do movimento social, sindical, classista e aut\u00f4nomo\u201d, disse.<\/p>\n<p>Fonte: Andes<\/p>\n","protected":false},"excerpt":{"rendered":"<p>Durante a tarde desta ter\u00e7a-feira (17), os participantes do 31\u00ba Congresso votaram quase todos os textos propostos para o tema 3, que tratou das pol\u00edticas sociais (educacional, gerais, direitos e organiza\u00e7\u00f5es dos trabalhadores). No texto sobre Ci\u00eancia e Tecnologia foi aprovado, entre outras quest\u00f5es, a luta pela amplia\u00e7\u00e3o dos recursos para o setor e contra&hellip;<\/p>\n","protected":false},"author":1,"featured_media":0,"comment_status":"open","ping_status":"open","sticky":false,"template":"","format":"standard","meta":{"footnotes":""},"categories":[15],"tags":[92],"class_list":["post-2429","post","type-post","status-publish","format-standard","hentry","category-noticias","tag-andes","category-15","description-off"],"_links":{"self":[{"href":"https:\/\/www.adufpb.org.br\/site\/wp-json\/wp\/v2\/posts\/2429","targetHints":{"allow":["GET"]}}],"collection":[{"href":"https:\/\/www.adufpb.org.br\/site\/wp-json\/wp\/v2\/posts"}],"about":[{"href":"https:\/\/www.adufpb.org.br\/site\/wp-json\/wp\/v2\/types\/post"}],"author":[{"embeddable":true,"href":"https:\/\/www.adufpb.org.br\/site\/wp-json\/wp\/v2\/users\/1"}],"replies":[{"embeddable":true,"href":"https:\/\/www.adufpb.org.br\/site\/wp-json\/wp\/v2\/comments?post=2429"}],"version-history":[{"count":0,"href":"https:\/\/www.adufpb.org.br\/site\/wp-json\/wp\/v2\/posts\/2429\/revisions"}],"wp:attachment":[{"href":"https:\/\/www.adufpb.org.br\/site\/wp-json\/wp\/v2\/media?parent=2429"}],"wp:term":[{"taxonomy":"category","embeddable":true,"href":"https:\/\/www.adufpb.org.br\/site\/wp-json\/wp\/v2\/categories?post=2429"},{"taxonomy":"post_tag","embeddable":true,"href":"https:\/\/www.adufpb.org.br\/site\/wp-json\/wp\/v2\/tags?post=2429"}],"curies":[{"name":"wp","href":"https:\/\/api.w.org\/{rel}","templated":true}]}}