{"id":2427,"date":"2012-01-18T07:43:50","date_gmt":"2012-01-18T11:43:50","guid":{"rendered":"http:\/\/www.adufpb.org.br\/site\/congresso-aprova-resolucao-defendendo-o-direito-a-cidade\/"},"modified":"2012-01-18T07:43:50","modified_gmt":"2012-01-18T11:43:50","slug":"congresso-aprova-resolucao-defendendo-o-direito-a-cidade","status":"publish","type":"post","link":"https:\/\/www.adufpb.org.br\/site\/congresso-aprova-resolucao-defendendo-o-direito-a-cidade\/","title":{"rendered":"Congresso aprova resolu\u00e7\u00e3o defendendo o direito \u00e0 cidade"},"content":{"rendered":"<div id=\"_mcePaste\" style=\"position: absolute; left: -10000px; top: 0px; width: 1px; height: 1px; overflow-x: hidden; overflow-y: hidden;\">Na plen\u00e1ria da tarde de ter\u00e7a-feira (17.01), sobre pol\u00edticas sociais, o 31\u00ba Congresso do ANDES-SN aprovou a proposta apresentada pela ADUFF sobre a quest\u00e3o urbana e o direito \u00e0 cidade. Fruto do semin\u00e1rio preparat\u00f3rio realizado ADUFF, em dezembro, a proposta foi aprovada por imensa maioria, com algumas modifica\u00e7\u00f5es.<\/div>\n<div id=\"_mcePaste\" style=\"position: absolute; left: -10000px; top: 0px; width: 1px; height: 1px; overflow-x: hidden; overflow-y: hidden;\">A resolu\u00e7\u00e3o indica que o ANDES-SN \u201cintegre as iniciativas cr\u00edticas criadas pelos movimentos sociais vinculados aos mega-eventos esportivos, como a Copa do Mundo e as Olimp\u00edadas, e proponha espa\u00e7os de discuss\u00e3o e interven\u00e7\u00e3o pertinentes ao tema, atue junto aos movimentos sociais contra o processo de remo\u00e7\u00e3o e viola\u00e7\u00e3o dos direitos humanos em curso nas cidades que v\u00e3o receber os mega-eventos, intensifique e ap\u00f3ie as a\u00e7\u00f5es realizadas pelos movimentos sociais voltadas \u00e0 Reforma Urbana e contr\u00e1rias ao processo em curso de legitima\u00e7\u00e3o da cidade-empresa, que refor\u00e7a a segrega\u00e7\u00e3o espacial, social e econ\u00f4mica da classe trabalhadora, intensifique a den\u00fancia de mecanismos de segrega\u00e7\u00e3o s\u00f3cio-espacial, a exemplo das UPP no Rio de Janeiro, como estrat\u00e9gia de limpeza \u00e9tnico-social, com destaque para a a\u00e7\u00e3o de coibir as rea\u00e7\u00f5es populares contra as expropria\u00e7\u00f5 es de direitos, promovidas com a finalidade de especula\u00e7\u00e3o imobili\u00e1ria e para assegurar a realiza\u00e7\u00e3o dos mega-eventos\u201d.<\/div>\n<div id=\"_mcePaste\" style=\"position: absolute; left: -10000px; top: 0px; width: 1px; height: 1px; overflow-x: hidden; overflow-y: hidden;\">Segundo a professora Eblin Farage, 1\u00aa secret\u00e1ria da ADUFF, \u201cos mega-eventos n\u00e3o s\u00e3o localizados, v\u00e3o atingir o pa\u00eds inteiro, e eles representam um processo em curso de reformula\u00e7\u00e3o da cidade que continua privilegiando o capital e os interesses privados em detrimento dos interesses e do bem-estar da maior parte da popula\u00e7\u00e3o\u201d.<\/div>\n<div id=\"_mcePaste\" style=\"position: absolute; left: -10000px; top: 0px; width: 1px; height: 1px; overflow-x: hidden; overflow-y: hidden;\">Eblin afirma que \u201cas interven\u00e7\u00f5es urbanas na prepara\u00e7\u00e3o das cidades para receber esses mega-eventos v\u00e3o se basear num processo de acirramento da segrega\u00e7\u00e3o s\u00f3cio-espacial tendo como pilares: a intensifica\u00e7\u00e3o da abertura ao capital, o aumento da especula\u00e7\u00e3o imobili\u00e1ria, a expuls\u00e3o de moradores pobres das \u00e1reas centrais das cidades de forma violenta e arbitr\u00e1ria, e a intensifica\u00e7\u00e3o de repress\u00e3o aos movimentos sociais e da criminaliza\u00e7\u00e3o da pobreza como estrat\u00e9gica de \u2018limpeza\u2019 \u00e9tnico-social\u201d acrescenta. \u201cDiante desse quadro, o Sindicato Nacional deve se posicionar e impulsionar o debate na categoria, amadurecendo as reflex\u00f5es sobre o direito \u00e0 cidade e sobre as distintas formas utilizadas pelo capitalismo contempor\u00e2neo de organizar o espa\u00e7o urbano cada vez mais segregado e desigual\u201d, defende.<\/div>\n<p>Na plen\u00e1ria da tarde de ter\u00e7a-feira (17.01), sobre pol\u00edticas sociais, o 31\u00ba Congresso do ANDES-SN aprovou a proposta apresentada pela ADUFF sobre a quest\u00e3o urbana e o direito \u00e0 cidade. Fruto do semin\u00e1rio preparat\u00f3rio realizado ADUFF, em dezembro, a proposta foi aprovada por imensa maioria, com algumas modifica\u00e7\u00f5es.<\/p>\n<p>A resolu\u00e7\u00e3o indica que o ANDES-SN \u201cintegre as iniciativas cr\u00edticas criadas pelos movimentos sociais vinculados aos mega-eventos esportivos, como a Copa do Mundo e as Olimp\u00edadas, e proponha espa\u00e7os de discuss\u00e3o e interven\u00e7\u00e3o pertinentes ao tema, atue junto aos movimentos sociais contra o processo de remo\u00e7\u00e3o e viola\u00e7\u00e3o dos direitos humanos em curso nas cidades que v\u00e3o receber os mega-eventos, intensifique e ap\u00f3ie as a\u00e7\u00f5es realizadas pelos movimentos sociais voltadas \u00e0 Reforma Urbana e contr\u00e1rias ao processo em curso de legitima\u00e7\u00e3o da cidade-empresa, que refor\u00e7a a segrega\u00e7\u00e3o espacial, social e econ\u00f4mica da classe trabalhadora, intensifique a den\u00fancia de mecanismos de segrega\u00e7\u00e3o s\u00f3cio-espacial, a exemplo das UPP no Rio de Janeiro, como estrat\u00e9gia de limpeza \u00e9tnico-social, com destaque para a a\u00e7\u00e3o de coibir as rea\u00e7\u00f5es populares contra as expropria\u00e7\u00f5 es de direitos, promovidas com a finalidade de especula\u00e7\u00e3o imobili\u00e1ria e para assegurar a realiza\u00e7\u00e3o dos mega-eventos\u201d.<\/p>\n<p>Segundo a professora Eblin Farage, 1\u00aa secret\u00e1ria da ADUFF, \u201cos mega-eventos n\u00e3o s\u00e3o localizados, v\u00e3o atingir o pa\u00eds inteiro, e eles representam um processo em curso de reformula\u00e7\u00e3o da cidade que continua privilegiando o capital e os interesses privados em detrimento dos interesses e do bem-estar da maior parte da popula\u00e7\u00e3o\u201d.<\/p>\n<p>Eblin afirma que \u201cas interven\u00e7\u00f5es urbanas na prepara\u00e7\u00e3o das cidades para receber esses mega-eventos v\u00e3o se basear num processo de acirramento da segrega\u00e7\u00e3o s\u00f3cio-espacial tendo como pilares: a intensifica\u00e7\u00e3o da abertura ao capital, o aumento da especula\u00e7\u00e3o imobili\u00e1ria, a expuls\u00e3o de moradores pobres das \u00e1reas centrais das cidades de forma violenta e arbitr\u00e1ria, e a intensifica\u00e7\u00e3o de repress\u00e3o aos movimentos sociais e da criminaliza\u00e7\u00e3o da pobreza como estrat\u00e9gica de \u2018limpeza\u2019 \u00e9tnico-social\u201d acrescenta. \u201cDiante desse quadro, o Sindicato Nacional deve se posicionar e impulsionar o debate na categoria, amadurecendo as reflex\u00f5es sobre o direito \u00e0 cidade e sobre as distintas formas utilizadas pelo capitalismo contempor\u00e2neo de organizar o espa\u00e7o urbano cada vez mais segregado e desigual\u201d, defende.<\/p>\n<p>Fonte: Andes<\/p>\n","protected":false},"excerpt":{"rendered":"<p>Na plen\u00e1ria da tarde de ter\u00e7a-feira (17.01), sobre pol\u00edticas sociais, o 31\u00ba Congresso do ANDES-SN aprovou a proposta apresentada pela ADUFF sobre a quest\u00e3o urbana e o direito \u00e0 cidade. Fruto do semin\u00e1rio preparat\u00f3rio realizado ADUFF, em dezembro, a proposta foi aprovada por imensa maioria, com algumas modifica\u00e7\u00f5es. A resolu\u00e7\u00e3o indica que o ANDES-SN \u201cintegre&hellip;<\/p>\n","protected":false},"author":1,"featured_media":0,"comment_status":"open","ping_status":"open","sticky":false,"template":"","format":"standard","meta":{"footnotes":""},"categories":[15],"tags":[92],"class_list":["post-2427","post","type-post","status-publish","format-standard","hentry","category-noticias","tag-andes","category-15","description-off"],"_links":{"self":[{"href":"https:\/\/www.adufpb.org.br\/site\/wp-json\/wp\/v2\/posts\/2427","targetHints":{"allow":["GET"]}}],"collection":[{"href":"https:\/\/www.adufpb.org.br\/site\/wp-json\/wp\/v2\/posts"}],"about":[{"href":"https:\/\/www.adufpb.org.br\/site\/wp-json\/wp\/v2\/types\/post"}],"author":[{"embeddable":true,"href":"https:\/\/www.adufpb.org.br\/site\/wp-json\/wp\/v2\/users\/1"}],"replies":[{"embeddable":true,"href":"https:\/\/www.adufpb.org.br\/site\/wp-json\/wp\/v2\/comments?post=2427"}],"version-history":[{"count":0,"href":"https:\/\/www.adufpb.org.br\/site\/wp-json\/wp\/v2\/posts\/2427\/revisions"}],"wp:attachment":[{"href":"https:\/\/www.adufpb.org.br\/site\/wp-json\/wp\/v2\/media?parent=2427"}],"wp:term":[{"taxonomy":"category","embeddable":true,"href":"https:\/\/www.adufpb.org.br\/site\/wp-json\/wp\/v2\/categories?post=2427"},{"taxonomy":"post_tag","embeddable":true,"href":"https:\/\/www.adufpb.org.br\/site\/wp-json\/wp\/v2\/tags?post=2427"}],"curies":[{"name":"wp","href":"https:\/\/api.w.org\/{rel}","templated":true}]}}