{"id":24213,"date":"2020-11-07T12:31:46","date_gmt":"2020-11-07T15:31:46","guid":{"rendered":"https:\/\/www.adufpb.org.br\/site\/?p=24213"},"modified":"2020-11-10T10:34:54","modified_gmt":"2020-11-10T13:34:54","slug":"adufpb-realiza-assembleia-geral-virtual-segunda-feira-9-11-para-discutir-nomeacao-de-reitor","status":"publish","type":"post","link":"https:\/\/www.adufpb.org.br\/site\/adufpb-realiza-assembleia-geral-virtual-segunda-feira-9-11-para-discutir-nomeacao-de-reitor\/","title":{"rendered":"ADUFPB realiza Assembleia Virtual segunda-feira (9\/11) para discutir nomea\u00e7\u00e3o de reitor"},"content":{"rendered":"<p><em>Pauta inclui informes, interven\u00e7\u00e3o na UFPB e encaminhamentos<\/em><\/p>\n<p>A ADUFPB est\u00e1 convocando todos os professores e professoras da UFPB para uma Assembleia Geral Docente, em modelo virtual, que ser\u00e1 realizada na pr\u00f3xima segunda-feira (9\/11), \u00e0s 14h. A reuni\u00e3o ocorrer\u00e1 pelo Zoom, uma plataforma de videoconfer\u00eancia, e o link ser\u00e1 enviado aos professores por e-mail, mas tamb\u00e9m pode ser solicitado por WhatsApp, pelo n\u00famero 99645-7000.<\/p>\n<p>Al\u00e9m de informes sobre a\u00e7\u00f5es sindicais, a pauta da Assembleia discutir\u00e1 a interven\u00e7\u00e3o na UFPB ap\u00f3s a nomea\u00e7\u00e3o do candidato menos votado na consulta realizada com a comunidade acad\u00eamica para a indica\u00e7\u00e3o do reitor da universidade e pela inst\u00e2ncia superior da institui\u00e7\u00e3o. A medida autocr\u00e1tica do governo Bolsonaro, al\u00e9m de ferir a autonomia universit\u00e1ria e o princ\u00edpio constitucional da gest\u00e3o democr\u00e1tica, vem causando diversas rea\u00e7\u00f5es da comunidade acad\u00eamica e de v\u00e1rios setores da Educa\u00e7\u00e3o Superior em todo o Brasil, al\u00e9m de manifesta\u00e7\u00f5es de parlamentares e de diversas entidades civis na Para\u00edba.<\/p>\n<p>O presidente da ADUFPB, Fernando Cunha, destaca a import\u00e2ncia que ter\u00e1 essa Assembleia para a comunidade docente, enfatizando que \u201ca nomea\u00e7\u00e3o para reitor do terceiro colocado na lista tr\u00edplice expressa uma interven\u00e7\u00e3o inaceit\u00e1vel, contra a qual estamos prontos a lutar. A Diretoria ADUFPB repudia veementemente essa nomea\u00e7\u00e3o indevida e convoca todos os docentes filiados \u00e0 entidade a participarem da assembleia desta segunda-feira (9), para discutir e encaminhar a\u00e7\u00f5es para impedir que esse golpe se consolide na UFPB\u201d. Para o presidente do sindicato dos professores da UFPB, \u201ca ADUFPB est\u00e1 pronta para lutar e que a comunidade docente n\u00e3o espere de n\u00f3s o sil\u00eancio dos covardes\u201d, destacou.<\/p>\n<p>Na sexta-feira, 6, a ADUFPB publicou uma nota repudiando a a\u00e7\u00e3o intervencionista do governo Bolsonaro na UFPB:<\/p>\n<h2>NOTA: N\u00e3o aceitamos golpe na UFPB!<\/h2>\n<p>A Autonomia e a Democracia na universidade p\u00fablica no Brasil est\u00e3o mais uma vez sendo desrespeitadas pelo governo Bolsonaro. Na UFPB, a nomea\u00e7\u00e3o para reitor do terceiro colocado na lista tr\u00edplice expressa uma interven\u00e7\u00e3o inaceit\u00e1vel, contra a qual estamos prontos a lutar. Como n\u00e3o se trata de uma a\u00e7\u00e3o intervencionista isolada, mas uma pr\u00e1tica assumida pelo atual governo em v\u00e1rias institui\u00e7\u00f5es p\u00fablicas de ensino superior em nosso pa\u00eds, convocamos as demais universidades a lan\u00e7armos uma Campanha Nacional de Luta contra essas interven\u00e7\u00f5es. Hoje foi a UFPB, amanh\u00e3 poder\u00e1 ser qualquer universidade p\u00fablica brasileira!<\/p>\n<p>O desprezo pelas conquistas democr\u00e1ticas que foram historicamente constru\u00eddas na na\u00e7\u00e3o brasileira demonstra o projeto ideol\u00f3gico desse governo, que nomeia reitores a partir de seu pr\u00f3prio interesse pol\u00edtico, elevando \u00e0 categoria de dirigentes m\u00e1ximos das universidades figuras que concordam com sua linha privatizante, fundamentalista e autorit\u00e1ria e que se prestam a assumir o cargo \u00e0 revelia dos desejos expressos pelos votos de suas comunidades acad\u00eamicas, carecendo, portanto, de legitimidade e representatividade.<\/p>\n<p>N\u00f3s que fazemos a Diretoria do Sindicato dos Docentes da Universidade Federal da Para\u00edba repudiamos veementemente essa nomea\u00e7\u00e3o indevida e convocamos toda a comunidade universit\u00e1ria para uma plen\u00e1ria no dia 06\/11\/2020 para, juntos, exigirmos respeito \u00e0 UFPB!<\/p>\n<p>Reitora eleita \u00e9 reitora empossada!<br \/>\nN\u00e3o ao golpe na UFPB!<br \/>\nN\u00e3o esperem de n\u00f3s o sil\u00eancio dos covardes!<\/p>\n<p>Diretoria Executiva da ADUFPB<\/p>\n<p>&#8212;&#8212;&#8212;&#8212;&#8212;&#8212;&#8212;&#8212;-<\/p>\n<p><strong>AGENDE-SE<\/strong><\/p>\n<p><strong>Assembleia Geral Virtual<\/strong><br \/>\n<strong>Data:<\/strong> 9\/11, segunda-feira<br \/>\n<strong>Hor\u00e1rio:<\/strong> 14h<br \/>\n<strong>Como ter acesso:<\/strong> o link para a reuni\u00e3o no Zoom ser\u00e1 enviado por e-mail, apenas aos docentes, 30 minutos antes do in\u00edcio da reuni\u00e3o. Voc\u00ea tamb\u00e9m pode solicit\u00e1-lo pelo Whatsapp 99645-7000<\/p>\n<p><strong>Pauta:<\/strong><br \/>\n1. Informes<br \/>\n2. INTERVEN\u00c7\u00c3O NA UFPB<br \/>\n3. Encaminhamentos<\/p>\n<p><em>Fonte: Ascom ADUFPB<\/em><\/p>\n","protected":false},"excerpt":{"rendered":"<p>Pauta inclui informes, interven\u00e7\u00e3o na UFPB e encaminhamentos A ADUFPB est\u00e1 convocando todos os professores e professoras da UFPB para uma Assembleia Geral Docente, em modelo virtual, que ser\u00e1 realizada na pr\u00f3xima segunda-feira (9\/11), \u00e0s 14h. A reuni\u00e3o ocorrer\u00e1 pelo Zoom, uma plataforma de videoconfer\u00eancia, e o link ser\u00e1 enviado aos professores por e-mail, mas&hellip;<\/p>\n","protected":false},"author":3,"featured_media":24214,"comment_status":"closed","ping_status":"closed","sticky":false,"template":"","format":"standard","meta":{"footnotes":""},"categories":[15],"tags":[816,214,1413,1312],"class_list":["post-24213","post","type-post","status-publish","format-standard","has-post-thumbnail","hentry","category-noticias","tag-assembleia","tag-eleicao-para-reitor","tag-intervencao","tag-reitor","category-15","description-off"],"_links":{"self":[{"href":"https:\/\/www.adufpb.org.br\/site\/wp-json\/wp\/v2\/posts\/24213","targetHints":{"allow":["GET"]}}],"collection":[{"href":"https:\/\/www.adufpb.org.br\/site\/wp-json\/wp\/v2\/posts"}],"about":[{"href":"https:\/\/www.adufpb.org.br\/site\/wp-json\/wp\/v2\/types\/post"}],"author":[{"embeddable":true,"href":"https:\/\/www.adufpb.org.br\/site\/wp-json\/wp\/v2\/users\/3"}],"replies":[{"embeddable":true,"href":"https:\/\/www.adufpb.org.br\/site\/wp-json\/wp\/v2\/comments?post=24213"}],"version-history":[{"count":3,"href":"https:\/\/www.adufpb.org.br\/site\/wp-json\/wp\/v2\/posts\/24213\/revisions"}],"predecessor-version":[{"id":24218,"href":"https:\/\/www.adufpb.org.br\/site\/wp-json\/wp\/v2\/posts\/24213\/revisions\/24218"}],"wp:featuredmedia":[{"embeddable":true,"href":"https:\/\/www.adufpb.org.br\/site\/wp-json\/wp\/v2\/media\/24214"}],"wp:attachment":[{"href":"https:\/\/www.adufpb.org.br\/site\/wp-json\/wp\/v2\/media?parent=24213"}],"wp:term":[{"taxonomy":"category","embeddable":true,"href":"https:\/\/www.adufpb.org.br\/site\/wp-json\/wp\/v2\/categories?post=24213"},{"taxonomy":"post_tag","embeddable":true,"href":"https:\/\/www.adufpb.org.br\/site\/wp-json\/wp\/v2\/tags?post=24213"}],"curies":[{"name":"wp","href":"https:\/\/api.w.org\/{rel}","templated":true}]}}