{"id":24163,"date":"2020-11-05T18:03:12","date_gmt":"2020-11-05T21:03:12","guid":{"rendered":"https:\/\/www.adufpb.org.br\/site\/?p=24163"},"modified":"2020-11-07T10:44:53","modified_gmt":"2020-11-07T13:44:53","slug":"comunidade-universitaria-realiza-plenaria-nesta-sexta-feira-contra-intervencao","status":"publish","type":"post","link":"https:\/\/www.adufpb.org.br\/site\/comunidade-universitaria-realiza-plenaria-nesta-sexta-feira-contra-intervencao\/","title":{"rendered":"Comunidade universit\u00e1ria realiza plen\u00e1ria nesta sexta-feira contra interven\u00e7\u00e3o"},"content":{"rendered":"<p>A comunidade universit\u00e1ria da UFPB est\u00e1 mobilizada contra a nomea\u00e7\u00e3o da chapa menos votada nas elei\u00e7\u00f5es para reitor realizadas em agosto deste ano. Na manh\u00e3 desta sexta-feira (6), ser\u00e1 realizada uma plen\u00e1ria virtual com a participa\u00e7\u00e3o de professores, servidores t\u00e9cnico-administrativos e estudantes. O link para a plen\u00e1ria ser\u00e1 divulgado 30 minutos antes pelas entidades organizadoras: ADUFPB, Sintespb e DCE.<\/p>\n<p>Nesta quinta-feira, a ADUFPB divulgou uma nota repudiando a decis\u00e3o do presidente Jair Bolsonaro de nomear a chapa formada pelos professores Valdiney Veloso Gouveia (reitor) e Liana Filgueira Albuquerque (vice-reitora). Al\u00e9m de terem a menor quantidade de votos na elei\u00e7\u00f5es, considerando as tr\u00eas esferas da comunidade universit\u00e1ria (professores, t\u00e9cnicos e estudantes), eles tamb\u00e9m n\u00e3o receberam nenhum voto do Conselho Universit\u00e1rio (Consuni), quando da forma\u00e7\u00e3o da lista tr\u00edplice.<\/p>\n<p>Na nota divulgada nesta quinta-feira, a ADUFPB alerta: &#8220;O desprezo pelas conquistas democr\u00e1ticas que foram historicamente constru\u00eddas na na\u00e7\u00e3o brasileira demonstra o projeto ideol\u00f3gico desse governo, que nomeia reitores a partir de seu pr\u00f3prio interesse pol\u00edtico, elevando \u00e0 categoria de dirigentes m\u00e1ximos das universidades figuras que concordam com sua linha privatizante, fundamentalista e autorit\u00e1ria e que se prestam a assumir o cargo \u00e0 revelia dos desejos expressos pelos votos de suas comunidades acad\u00eamicas, carecendo, portanto, de legitimidade e representatividade.&#8221;<\/p>\n<p>Leia a nota na \u00edntegra:<\/p>\n<h2><strong>N\u00e3o aceitamos golpe na UFPB!<\/strong><\/h2>\n<p>A Autonomia e a Democracia na universidade p\u00fablica no Brasil est\u00e3o mais uma vez sendo desrespeitadas pelo governo Bolsonaro. Na UFPB, a nomea\u00e7\u00e3o para reitor do terceiro colocado na lista tr\u00edplice expressa uma interven\u00e7\u00e3o inaceit\u00e1vel, contra a qual estamos prontos a lutar. Como n\u00e3o se trata de uma a\u00e7\u00e3o intervencionista isolada, mas uma pr\u00e1tica assumida pelo atual governo em v\u00e1rias institui\u00e7\u00f5es p\u00fablicas de ensino superior em nosso pa\u00eds, convocamos as demais universidades a lan\u00e7armos uma Campanha Nacional de Luta contra essas interven\u00e7\u00f5es. Hoje foi a UFPB, amanh\u00e3 poder\u00e1 ser qualquer universidade p\u00fablica brasileira!<\/p>\n<p>O desprezo pelas conquistas democr\u00e1ticas que foram historicamente constru\u00eddas na na\u00e7\u00e3o brasileira demonstra o projeto ideol\u00f3gico desse governo, que nomeia reitores a partir de seu pr\u00f3prio interesse pol\u00edtico, elevando \u00e0 categoria de dirigentes m\u00e1ximos das universidades figuras que concordam com sua linha privatizante, fundamentalista e autorit\u00e1ria e que se prestam a assumir o cargo \u00e0 revelia dos desejos expressos pelos votos de suas comunidades acad\u00eamicas,\u00a0 carecendo, portanto, de legitimidade e representatividade.<\/p>\n<p>N\u00f3s que fazemos a Diretoria do Sindicato dos Docentes da Universidade Federal da Para\u00edba repudiamos veementemente essa nomea\u00e7\u00e3o indevida e convocamos toda a comunidade universit\u00e1ria para uma plen\u00e1ria no dia 06\/11\/2020 para, juntos, exigirmos respeito \u00e0 UFPB!<\/p>\n<p>Reitora eleita \u00e9 reitora empossada!<\/p>\n<p>N\u00e3o ao golpe na UFPB!<\/p>\n<p>N\u00e3o esperem de n\u00f3s o sil\u00eancio dos covardes!<\/p>\n<p style=\"text-align: center;\"><strong>Diretoria Executiva da ADUFPB<\/strong><\/p>\n<p style=\"text-align: center;\"><em>Quem tem sindicato nunca est\u00e1 s\u00f3<\/em><\/p>\n","protected":false},"excerpt":{"rendered":"<p>A comunidade universit\u00e1ria da UFPB est\u00e1 mobilizada contra a nomea\u00e7\u00e3o da chapa menos votada nas elei\u00e7\u00f5es para reitor realizadas em agosto deste ano. Na manh\u00e3 desta sexta-feira (6), ser\u00e1 realizada uma plen\u00e1ria virtual com a participa\u00e7\u00e3o de professores, servidores t\u00e9cnico-administrativos e estudantes. O link para a plen\u00e1ria ser\u00e1 divulgado 30 minutos antes pelas entidades organizadoras:&hellip;<\/p>\n","protected":false},"author":3,"featured_media":24167,"comment_status":"closed","ping_status":"closed","sticky":false,"template":"","format":"standard","meta":{"footnotes":""},"categories":[1405,15],"tags":[1412,1092,214,745,1312,998,1409],"class_list":["post-24163","post","type-post","status-publish","format-standard","has-post-thumbnail","hentry","category-chamada-principal","category-noticias","tag-autonomia","tag-eleicao","tag-eleicao-para-reitor","tag-golpe","tag-reitor","tag-ufpb","tag-valdiney","category-1405","category-15","description-off"],"_links":{"self":[{"href":"https:\/\/www.adufpb.org.br\/site\/wp-json\/wp\/v2\/posts\/24163","targetHints":{"allow":["GET"]}}],"collection":[{"href":"https:\/\/www.adufpb.org.br\/site\/wp-json\/wp\/v2\/posts"}],"about":[{"href":"https:\/\/www.adufpb.org.br\/site\/wp-json\/wp\/v2\/types\/post"}],"author":[{"embeddable":true,"href":"https:\/\/www.adufpb.org.br\/site\/wp-json\/wp\/v2\/users\/3"}],"replies":[{"embeddable":true,"href":"https:\/\/www.adufpb.org.br\/site\/wp-json\/wp\/v2\/comments?post=24163"}],"version-history":[{"count":2,"href":"https:\/\/www.adufpb.org.br\/site\/wp-json\/wp\/v2\/posts\/24163\/revisions"}],"predecessor-version":[{"id":24168,"href":"https:\/\/www.adufpb.org.br\/site\/wp-json\/wp\/v2\/posts\/24163\/revisions\/24168"}],"wp:featuredmedia":[{"embeddable":true,"href":"https:\/\/www.adufpb.org.br\/site\/wp-json\/wp\/v2\/media\/24167"}],"wp:attachment":[{"href":"https:\/\/www.adufpb.org.br\/site\/wp-json\/wp\/v2\/media?parent=24163"}],"wp:term":[{"taxonomy":"category","embeddable":true,"href":"https:\/\/www.adufpb.org.br\/site\/wp-json\/wp\/v2\/categories?post=24163"},{"taxonomy":"post_tag","embeddable":true,"href":"https:\/\/www.adufpb.org.br\/site\/wp-json\/wp\/v2\/tags?post=24163"}],"curies":[{"name":"wp","href":"https:\/\/api.w.org\/{rel}","templated":true}]}}