{"id":24155,"date":"2020-11-05T09:55:34","date_gmt":"2020-11-05T12:55:34","guid":{"rendered":"https:\/\/www.adufpb.org.br\/site\/?p=24155"},"modified":"2020-11-07T12:16:08","modified_gmt":"2020-11-07T15:16:08","slug":"bolsonaro-nomeia-candidato-com-zero-voto-no-consuni-para-reitor-da-ufpb","status":"publish","type":"post","link":"https:\/\/www.adufpb.org.br\/site\/bolsonaro-nomeia-candidato-com-zero-voto-no-consuni-para-reitor-da-ufpb\/","title":{"rendered":"Bolsonaro nomeia candidato com zero voto no Consuni para Reitor da UFPB"},"content":{"rendered":"<p><em>A chapa Valdiney\/Liana obteve apenas um d\u00e9cimo de votos nas elei\u00e7\u00f5es gerais ante \u00e0 primeira colocada Terezinha\/Monica<\/em><\/p>\n<p><strong>Cida Alves<\/strong><br \/>\nBrasil de Fato | Jo\u00e3o Pessoa &#8211; PB<\/p>\n<p>O Presidente Jair Bolsonaro nomeou nesta quarta-feira (04) o novo nome para comandar a Reitoria da Universidade Federal da Para\u00edba, per\u00edodo 2020 &#8211; 2024.<\/p>\n<p>Os escolhidos foram Valdiney Veloso Gouveia (Reitor) e Liana Filgueira Albuquerque (vice-reitora) da chapa 3 \u201cOrgulho de ser UFPB\u201d, que ficaram em 3\u00ba lugar no pleito.<\/p>\n<p>A chapa, no entanto, teve uma vota\u00e7\u00e3o inexpressiva na consulta eleitoral da UFPB, perdendo em todos os segmentos, docente, t\u00e9cnicos administrativo e estudantes; obteve um total de zero voto no Consuni (Conselho Universit\u00e1rio), e s\u00f3 entrou na lista Tr\u00edplice \u00e0 custa de uma liminar. A chapa de Terezinha\/M\u00f4nica obteve 47 votos e a chapa Isac\/Regina, 45 votos no Consuni.<\/p>\n<p>Como aconteceu em outras 14 universidades do pa\u00eds, a nomea\u00e7\u00e3o se deu de forma arbitr\u00e1ria &#8211; mas n\u00e3o ilegal &#8211; do novo Reitor.<br \/>\nPor lei, \u00e9 prerrogativa do presidente da Rep\u00fablica definir os nomeados para o cargo de Reitor das Universidades Federais a partir da lista tr\u00edplice encaminhada pelas institui\u00e7\u00f5es. Desde o governo Lula, o costume adotado era indicar o primeiro colocado da lista, que no caso seriam Terezinha e M\u00f4nica, da Chapa 2 &#8211; &#8220;Inova\u00e7\u00e3o com Inclus\u00e3o&#8221;, que venceram as elei\u00e7\u00f5es com 964.518 votos (soma total ponderada e normalizada). O segundo lugar Isac\/Regina C\u00e9lia obteve 920.013 votos (soma total ponderada e normalizada), restando os 106.496 para a chapa Valdiney\/Liana.<\/p>\n<p>Essa manobra vem sendo denunciada como uma forma de interven\u00e7\u00e3o para colocar nos cargos apoiadores ligados ao projeto pol\u00edtico e de poder do presidente.<\/p>\n<p>Fernando Cunha, presidente do Sindicato dos Professores da UFPB (Adufpb) afirma que este \u00e9 mais um ataque do governo \u00e0 democracia: \u201cEste \u00e9 mais um ataque \u00e0 Universidade, \u00e0 democracia e \u00e0 autonomia universit\u00e1ria, demonstrando, claramente, que esse governo n\u00e3o tem nenhuma responsabilidade com a coisa p\u00fablica, com a legitimidade dos processos democr\u00e1ticos. Ele demonstra claramente que \u00e9 inimigo da Educa\u00e7\u00e3o\u201d, destaca Fernando.<\/p>\n<p>Para o sindicalista, o governo Bolsonaro n\u00e3o tem proposta educacional. \u201cComo ele disse na campanha \u2018\u00e9 destrui\u00e7\u00e3o de tudo isso a\u00ed\u2019, que \u00e9 a privatiza\u00e7\u00e3o do ensino p\u00fablico no Brasil, ampliar o car\u00e1ter ideol\u00f3gico no campo da direita, da narrativa conservadora, a-cient\u00edfica e negacionista, e seguir o processo de desmonte da Educa\u00e7\u00e3o. Ent\u00e3o essas nomea\u00e7\u00f5es de Reitores \u00e9 para implementar o Future-se, para todo o tipo de negociatas e interesses privados dentro da institui\u00e7\u00e3o\u201d.<\/p>\n<p>A campanha Reitor eleito \u00e9 Reitor empossado foi realizada logo ap\u00f3s o encerramento das elei\u00e7\u00f5es, com a vit\u00f3ria de Terezinha e M\u00f4nica: \u201cPara n\u00f3s, Reitor eleito \u00e9 Reitor empossado. E vamos continuar na defesa da democracia, da Universidade p\u00fablica e da autonomia universit\u00e1ria\u201d.<\/p>\n<p>Fernando adiantou que a Adufpb ir\u00e1 convocar uma plen\u00e1ria dos tr\u00eas segmentos universit\u00e1rios para poder avaliar todo o processo em conjunto.<\/p>\n<p><em>Fonte: Brasil de Fato<\/em><\/p>\n","protected":false},"excerpt":{"rendered":"<p>A chapa Valdiney\/Liana obteve apenas um d\u00e9cimo de votos nas elei\u00e7\u00f5es gerais ante \u00e0 primeira colocada Terezinha\/Monica Cida Alves Brasil de Fato | Jo\u00e3o Pessoa &#8211; PB O Presidente Jair Bolsonaro nomeou nesta quarta-feira (04) o novo nome para comandar a Reitoria da Universidade Federal da Para\u00edba, per\u00edodo 2020 &#8211; 2024. Os escolhidos foram Valdiney&hellip;<\/p>\n","protected":false},"author":3,"featured_media":23158,"comment_status":"closed","ping_status":"closed","sticky":false,"template":"","format":"standard","meta":{"footnotes":""},"categories":[1405,15],"tags":[1092,214,1312,998,1409],"class_list":["post-24155","post","type-post","status-publish","format-standard","has-post-thumbnail","hentry","category-chamada-principal","category-noticias","tag-eleicao","tag-eleicao-para-reitor","tag-reitor","tag-ufpb","tag-valdiney","category-1405","category-15","description-off"],"_links":{"self":[{"href":"https:\/\/www.adufpb.org.br\/site\/wp-json\/wp\/v2\/posts\/24155","targetHints":{"allow":["GET"]}}],"collection":[{"href":"https:\/\/www.adufpb.org.br\/site\/wp-json\/wp\/v2\/posts"}],"about":[{"href":"https:\/\/www.adufpb.org.br\/site\/wp-json\/wp\/v2\/types\/post"}],"author":[{"embeddable":true,"href":"https:\/\/www.adufpb.org.br\/site\/wp-json\/wp\/v2\/users\/3"}],"replies":[{"embeddable":true,"href":"https:\/\/www.adufpb.org.br\/site\/wp-json\/wp\/v2\/comments?post=24155"}],"version-history":[{"count":2,"href":"https:\/\/www.adufpb.org.br\/site\/wp-json\/wp\/v2\/posts\/24155\/revisions"}],"predecessor-version":[{"id":29193,"href":"https:\/\/www.adufpb.org.br\/site\/wp-json\/wp\/v2\/posts\/24155\/revisions\/29193"}],"wp:featuredmedia":[{"embeddable":true,"href":"https:\/\/www.adufpb.org.br\/site\/wp-json\/wp\/v2\/media\/23158"}],"wp:attachment":[{"href":"https:\/\/www.adufpb.org.br\/site\/wp-json\/wp\/v2\/media?parent=24155"}],"wp:term":[{"taxonomy":"category","embeddable":true,"href":"https:\/\/www.adufpb.org.br\/site\/wp-json\/wp\/v2\/categories?post=24155"},{"taxonomy":"post_tag","embeddable":true,"href":"https:\/\/www.adufpb.org.br\/site\/wp-json\/wp\/v2\/tags?post=24155"}],"curies":[{"name":"wp","href":"https:\/\/api.w.org\/{rel}","templated":true}]}}