{"id":24116,"date":"2020-10-29T10:58:54","date_gmt":"2020-10-29T13:58:54","guid":{"rendered":"http:\/\/www.adufpb.org.br\/site\/?p=24116"},"modified":"2020-10-29T14:42:15","modified_gmt":"2020-10-29T17:42:15","slug":"eleicoes-do-andes-sn-veja-o-material-das-chapas","status":"publish","type":"post","link":"https:\/\/www.adufpb.org.br\/site\/eleicoes-do-andes-sn-veja-o-material-das-chapas\/","title":{"rendered":"Elei\u00e7\u00f5es do Andes-SN: Veja o material das chapas"},"content":{"rendered":"<h2>CHAPA 1 &#8211; UNIDADE PARA LUTAR<\/h2>\n<p><a class=\"dt-pswp-item\" href=\"http:\/\/www.adufpb.org.br\/site\/wp-content\/uploads\/2020\/10\/chapa-1-arte.jpg\" data-dt-img-description=\"\" data-large_image_width=\"700\" data-large_image_height=\"300\"><img loading=\"lazy\" decoding=\"async\" class=\"alignleft size-medium wp-image-24117\" src=\"http:\/\/www.adufpb.org.br\/site\/wp-content\/uploads\/2020\/10\/chapa-1-arte-300x129.jpg\" alt=\"\" width=\"300\" height=\"129\" srcset=\"https:\/\/www.adufpb.org.br\/site\/wp-content\/uploads\/2020\/10\/chapa-1-arte-300x129.jpg 300w, https:\/\/www.adufpb.org.br\/site\/wp-content\/uploads\/2020\/10\/chapa-1-arte-250x107.jpg 250w, https:\/\/www.adufpb.org.br\/site\/wp-content\/uploads\/2020\/10\/chapa-1-arte.jpg 700w\" sizes=\"auto, (max-width: 300px) 100vw, 300px\" \/><\/a><\/p>\n<ul>\n<li><a href=\"http:\/\/www.andes.org.br\/diretorios\/files\/ELEI%C3%87%C3%95ES\/ELEI%C3%87%C3%95ES%2002\/ELEI%C3%87%C3%95ES%2003\/ANEXOS%20CIRCULARES\/CHAPA%201.pdf\"><strong>NOMINATA CHAPA 1<\/strong><\/a><\/li>\n<li><a href=\"http:\/\/www.andes.org.br\/diretorios\/files\/ELEI%C3%87%C3%95ES\/ELEI%C3%87%C3%95ES%2002\/CHAPA-1.pdf\"><strong>CONHE\u00c7A A CHAPA 1<\/strong><\/a><\/li>\n<li><a href=\"http:\/\/www.andes.org.br\/diretorios\/images\/ELEI%C3%87%C3%95ES\/riv%C3%A2nia.jpg\"><strong>CANDIDATA \u00c0 PRESID\u00caNCIA DO ANDES-SN<\/strong><\/a><\/li>\n<li><a href=\"http:\/\/www.andes.org.br\/diretorios\/images\/ELEI%C3%87%C3%95ES\/REGINA_vertical.jpeg\"><strong>CANDIDATA \u00c0 SECRETARIA GERAL<\/strong><\/a><\/li>\n<li><a href=\"http:\/\/www.andes.org.br\/diretorios\/images\/ELEI%C3%87%C3%95ES\/AMAURI_vertical.jpg\"><strong>CANDIDATO \u00c0 TESOURARIA<\/strong><\/a><\/li>\n<li><strong><a href=\"http:\/\/www.adufpb.org.br\/site\/wp-content\/uploads\/2020\/10\/chapa-1-primeira-semana.pdf\" target=\"_blank\" rel=\"noopener noreferrer\">TEXTO 1<\/a><\/strong><\/li>\n<li><a href=\"http:\/\/www.adufpb.org.br\/site\/wp-content\/uploads\/2020\/10\/chapa-1-terceira-semana.pdf\" target=\"_blank\" rel=\"noopener noreferrer\"><strong>TEXTO 2<\/strong><\/a><\/li>\n<\/ul>\n<p>&nbsp;<\/p>\n<p>&nbsp;<\/p>\n<h2>CHAPA 2 &#8211; RENOVA ANDES<\/h2>\n<p><a class=\"dt-pswp-item\" href=\"http:\/\/www.adufpb.org.br\/site\/wp-content\/uploads\/2020\/10\/chapa-2-arte.jpeg\" data-dt-img-description=\"\" data-large_image_width=\"700\" data-large_image_height=\"300\"><img loading=\"lazy\" decoding=\"async\" class=\"alignleft size-medium wp-image-24120\" src=\"http:\/\/www.adufpb.org.br\/site\/wp-content\/uploads\/2020\/10\/chapa-2-arte-300x129.jpeg\" alt=\"\" width=\"300\" height=\"129\" srcset=\"https:\/\/www.adufpb.org.br\/site\/wp-content\/uploads\/2020\/10\/chapa-2-arte-300x129.jpeg 300w, https:\/\/www.adufpb.org.br\/site\/wp-content\/uploads\/2020\/10\/chapa-2-arte-250x107.jpeg 250w, https:\/\/www.adufpb.org.br\/site\/wp-content\/uploads\/2020\/10\/chapa-2-arte.jpeg 700w\" sizes=\"auto, (max-width: 300px) 100vw, 300px\" \/><\/a><\/p>\n<ul>\n<li><a href=\"http:\/\/www.andes.org.br\/diretorios\/files\/ELEI%C3%87%C3%95ES\/ELEI%C3%87%C3%95ES%2002\/CHAPA%202.pdf\"><strong>NOMINATA CHAPA 2<\/strong><\/a><\/li>\n<li><strong><a href=\"http:\/\/www.andes.org.br\/diretorios\/files\/ELEI%C3%87%C3%95ES\/ELEI%C3%87%C3%95ES%2002\/CHAPA-2.pdf\">CONHE\u00c7A A CHAPA 2<\/a><\/strong><\/li>\n<li><a href=\"http:\/\/www.andes.org.br\/diretorios\/images\/ELEI%C3%87%C3%95ES\/IMG-20201007-WA0056.jpg\"><strong>CANDIDATA \u00c0 PRESID\u00caNCIA DO ANDES-SN<\/strong><\/a><\/li>\n<li><a href=\"http:\/\/www.andes.org.br\/diretorios\/images\/ELEI%C3%87%C3%95ES\/IMG-20201007-WA0055.jpg\"><strong>CANDIDATO\u00a0\u00c0 SECRETARIA GERAL<\/strong><\/a><\/li>\n<li><a href=\"http:\/\/www.adufpb.org.br\/site\/wp-content\/uploads\/2020\/10\/chapa-2-primeira-semana.pdf\" target=\"_blank\" rel=\"noopener noreferrer\"><strong>TEXTO 1<\/strong><\/a><\/li>\n<li><a href=\"http:\/\/www.adufpb.org.br\/site\/wp-content\/uploads\/2020\/10\/chapa-2-terceira-semana.pdf\" target=\"_blank\" rel=\"noopener noreferrer\"><strong>TEXTO 2<\/strong><\/a><\/li>\n<\/ul>\n<p>&nbsp;<\/p>\n<p>&nbsp;<\/p>\n","protected":false},"excerpt":{"rendered":"<p>CHAPA 1 &#8211; UNIDADE PARA LUTAR NOMINATA CHAPA 1 CONHE\u00c7A A CHAPA 1 CANDIDATA \u00c0 PRESID\u00caNCIA DO ANDES-SN CANDIDATA \u00c0 SECRETARIA GERAL CANDIDATO \u00c0 TESOURARIA TEXTO 1 TEXTO 2 &nbsp; &nbsp; CHAPA 2 &#8211; RENOVA ANDES NOMINATA CHAPA 2 CONHE\u00c7A A CHAPA 2 CANDIDATA \u00c0 PRESID\u00caNCIA DO ANDES-SN CANDIDATO\u00a0\u00c0 SECRETARIA GERAL TEXTO 1 TEXTO 2&hellip;<\/p>\n","protected":false},"author":3,"featured_media":23485,"comment_status":"closed","ping_status":"closed","sticky":false,"template":"","format":"standard","meta":{"footnotes":""},"categories":[15],"tags":[92,227],"class_list":["post-24116","post","type-post","status-publish","format-standard","has-post-thumbnail","hentry","category-noticias","tag-andes","tag-eleicao-do-andes","category-15","description-off"],"_links":{"self":[{"href":"https:\/\/www.adufpb.org.br\/site\/wp-json\/wp\/v2\/posts\/24116","targetHints":{"allow":["GET"]}}],"collection":[{"href":"https:\/\/www.adufpb.org.br\/site\/wp-json\/wp\/v2\/posts"}],"about":[{"href":"https:\/\/www.adufpb.org.br\/site\/wp-json\/wp\/v2\/types\/post"}],"author":[{"embeddable":true,"href":"https:\/\/www.adufpb.org.br\/site\/wp-json\/wp\/v2\/users\/3"}],"replies":[{"embeddable":true,"href":"https:\/\/www.adufpb.org.br\/site\/wp-json\/wp\/v2\/comments?post=24116"}],"version-history":[{"count":6,"href":"https:\/\/www.adufpb.org.br\/site\/wp-json\/wp\/v2\/posts\/24116\/revisions"}],"predecessor-version":[{"id":24133,"href":"https:\/\/www.adufpb.org.br\/site\/wp-json\/wp\/v2\/posts\/24116\/revisions\/24133"}],"wp:featuredmedia":[{"embeddable":true,"href":"https:\/\/www.adufpb.org.br\/site\/wp-json\/wp\/v2\/media\/23485"}],"wp:attachment":[{"href":"https:\/\/www.adufpb.org.br\/site\/wp-json\/wp\/v2\/media?parent=24116"}],"wp:term":[{"taxonomy":"category","embeddable":true,"href":"https:\/\/www.adufpb.org.br\/site\/wp-json\/wp\/v2\/categories?post=24116"},{"taxonomy":"post_tag","embeddable":true,"href":"https:\/\/www.adufpb.org.br\/site\/wp-json\/wp\/v2\/tags?post=24116"}],"curies":[{"name":"wp","href":"https:\/\/api.w.org\/{rel}","templated":true}]}}