{"id":23919,"date":"2020-10-14T20:48:46","date_gmt":"2020-10-14T23:48:46","guid":{"rendered":"https:\/\/www.adufpb.org.br\/v2\/?p=23919"},"modified":"2021-01-24T18:12:02","modified_gmt":"2021-01-24T21:12:02","slug":"cinema-brasileiro-conta-luta-de-professores-para-manter-direitos","status":"publish","type":"post","link":"https:\/\/www.adufpb.org.br\/site\/cinema-brasileiro-conta-luta-de-professores-para-manter-direitos\/","title":{"rendered":"Cinema brasileiro conta luta de professores para manter direitos"},"content":{"rendered":"<p><em>Baseado em fatos reais, \u2018Abra\u00e7o\u2019, filme produzido pelo movimento sindical, estreia este m\u00eas nos cinemas e em plataformas digitais<\/em><\/p>\n<p><strong><a class=\"dt-pswp-item\" href=\"http:\/\/www.adufpb.org.br\/site\/wp-content\/uploads\/2020\/10\/filme-abraco-a-unica-saida-e-lutar.png\" data-dt-img-description=\"\" data-large_image_width=\"700\" data-large_image_height=\"460\"><img loading=\"lazy\" decoding=\"async\" class=\"aligncenter size-full wp-image-23356\" src=\"http:\/\/www.adufpb.org.br\/site\/wp-content\/uploads\/2020\/10\/filme-abraco-a-unica-saida-e-lutar.png\" alt=\"\" width=\"700\" height=\"460\" \/><\/a><\/strong><\/p>\n<p><strong>Andre Accarini<\/strong><\/p>\n<p>O cinema nacional ganha este m\u00eas uma obra-prima que retrata a vida e o cotidiano de trabalhadores e trabalhadoras na luta para n\u00e3o perder seus direitos, cidadania e a dignidade.<\/p>\n<p>\u201c<strong>Abra\u00e7o \u2013 a \u00fanica sa\u00edda \u00e9 lutar\u201d,<\/strong>\u00a0filme que estreia nesta quinta-feira (15) em drive-ins e cinemas digitais e no dia 29 de outubro em plataformas digitais\u00a0<em>(veja no fim da mat\u00e9ria), \u00e9<\/em>\u00a0uma obra de fic\u00e7\u00e3o baseada em fatos reais e conta a luta de professores no estado de Sergipe, em uma greve por direitos realizada em 2008.<\/p>\n<p>Denso e carregado de emo\u00e7\u00e3o, o filme mostra a saga de Ana Rosa (Giuliana Maria), professora, m\u00e3e, l\u00edder sindical, que enfrenta a oposi\u00e7\u00e3o e o machismo da fam\u00edlia para liderar os professores em um importante movimento grevista.<\/p>\n<p>Para contar essa hist\u00f3ria, o diretor DF Fiuza partiu da premissa de que setores da sociedade preservam conceitos conservadores e t\u00eam uma vis\u00e3o ainda distorcida de l\u00edderes populares \u2013 sindicais e de movimentos sociais.<\/p>\n<p>\u201cH\u00e1 um olhar preconceituoso como se o militante fosse um vagabundo, que s\u00f3 fizesse baderna. O filme desconstr\u00f3i isso\u201d, diz o diretor.<\/p>\n<p>De acordo com ele, Abra\u00e7o traz a intimidade dessas pessoas, destacando o lado humano e mostrando que t\u00eam problemas, t\u00eam fam\u00edlia, que s\u00e3o de \u00b4carne e osso\u2019.<\/p>\n<p>Uma das cenas do filme retrata de forma exata o conservadorismo ao mostrar os obst\u00e1culos que Ana Rosa enfrenta dentro de casa. O di\u00e1logo entre a personagem e sua m\u00e3e escancara o machismo estrutural em nossa sociedade.<\/p>\n<p><iframe loading=\"lazy\" title=\"cena do filme Abra\u00e7o\" width=\"1200\" height=\"900\" src=\"https:\/\/www.youtube.com\/embed\/D2UIcyKA8hI?feature=oembed\" frameborder=\"0\" allow=\"accelerometer; autoplay; clipboard-write; encrypted-media; gyroscope; picture-in-picture\" allowfullscreen><\/iframe><\/p>\n<h4><strong>A \u00fanica sa\u00edda \u00e9 lutar<\/strong><\/h4>\n<p>Em 2017, ano em que o Sindicato dos Trabalhadores em Educa\u00e7\u00e3o B\u00e1sica do Estado de Sergipe (Sintese) completou 40 anos, surgiu a ideia da produ\u00e7\u00e3o de um document\u00e1rio mostrando a hist\u00f3ria de lutas da entidade.<\/p>\n<p>O Brasil estava vivendo os retrocessos impostos pelo golpe que destituiu Dilma Rousseff da Presid\u00eancia da Rep\u00fablica e j\u00e1 sofrendo com as a\u00e7\u00f5es do governo do ileg\u00edtimo Michel Temer (MDB-SP) que colocava em pr\u00e1tica os planos da elite econ\u00f4mica para acabar com direitos sociais e trabalhistas.<\/p>\n<p>\u201cNaquele momento, decidimos fazer um filme de fic\u00e7\u00e3o que refletisse o que \u00e9 o Brasil de hoje. Apesar de a hist\u00f3ria se passar em 2008, optamos por mostrar a realidade que estamos vivendo no pa\u00eds, um momento muito ruim\u201d, explica Fiuza.<\/p>\n<p>Assim, a proposta de document\u00e1rio se transformou em um longa-metragem que retratasse a hist\u00f3ria do sindicato, mas que dialogasse com o Brasil de hoje, \u201cque est\u00e1 regredindo tanto nos direitos como na cultura, na educa\u00e7\u00e3o e em todos os setores\u201d, completa o diretor.<\/p>\n<p>Para DF Fiuza, o di\u00e1logo sobre luta por direitos n\u00e3o pode ser feito somente com as bases sindicais. Tem que ser com a sociedade como um todo. \u201cE para dialogar com a sociedade, os mecanismos s\u00e3o diferentes do mecanismo de uma assembleia, por exemplo, e \u00e9 a\u00ed que o cinema pode fazer essa ponte, assim como todas as formas de cultura\u201d, ele diz.<\/p>\n<p><iframe loading=\"lazy\" title=\"Abra\u00e7o (2019) - Trailer\" width=\"1200\" height=\"675\" src=\"https:\/\/www.youtube.com\/embed\/WhX1AzzRAV0?feature=oembed\" frameborder=\"0\" allow=\"accelerometer; autoplay; clipboard-write; encrypted-media; gyroscope; picture-in-picture\" allowfullscreen><\/iframe><\/p>\n<h4><strong>Cr\u00edtica<\/strong><\/h4>\n<p><a href=\"https:\/\/www.youtube.com\/watch?v=YpkOM03lzH8\">Vencedor de tr\u00eas pr\u00eamios<\/a>\u00a0(melhor filme, melhor atriz e melhor trilha sonora) pelo j\u00fari popular em um importante festival de cinema brasileiro, o Cine PE (Festival de Cinema de Pernambuco, em 2019), Abra\u00e7o teve recep\u00e7\u00e3o positiva do p\u00fablico em exibi\u00e7\u00f5es pr\u00e9vias.<\/p>\n<p>O filme foi mostrado a grupos diferentes de pessoas enquanto estava na fase de finaliza\u00e7\u00e3o de produ\u00e7\u00e3o. O diretor conta que as pessoas que militam no movimento sindical e sacrificam parte da vida pela luta, se sentiram representadas e valorizadas pela obra.<\/p>\n<p>O filme tamb\u00e9m foi exibido a trabalhadores que n\u00e3o t\u00eam v\u00ednculos com sindicatos. Esses, de acordo com Fiuza, demonstraram uma sensa\u00e7\u00e3o de convoca\u00e7\u00e3o. \u201cRelataram um sentimento do tipo\u00a0<em>e eu, o que estou fazendo<\/em>?\u201d<\/p>\n<p>Do grupo mais elitizado, que n\u00e3o participa de lutas de maneira nenhuma, veio a surpresa. O diretor conta que algumas pessoas parabenizaram a produ\u00e7\u00e3o por mostrar o lado \u2018ser humano\u2019 de l\u00edderes populares.<\/p>\n<p>O filme tamb\u00e9m foi aprovado pelo\u00a0<a href=\"https:\/\/www.facebook.com\/bechdelbrasil\/\">Teste de Bechdel Brasil<\/a>. Para ser aprovado precisa ter, no m\u00ednimo, duas personagens femininas que tenham nome na trama e conversem entre si sobre algum assunto que n\u00e3o seja um homem.<\/p>\n<p>O diretor explica que grande parte das produ\u00e7\u00f5es nacionais n\u00e3o consegue passar nesse teste.<\/p>\n<p><a class=\"dt-pswp-item\" href=\"http:\/\/www.adufpb.org.br\/site\/wp-content\/uploads\/2020\/10\/filme-abraco-a-unica-saida-e-lutar-2.png\" data-dt-img-description=\"\" data-large_image_width=\"1000\" data-large_image_height=\"413\"><img loading=\"lazy\" decoding=\"async\" class=\"aligncenter size-full wp-image-23355\" src=\"http:\/\/www.adufpb.org.br\/site\/wp-content\/uploads\/2020\/10\/filme-abraco-a-unica-saida-e-lutar-2.png\" alt=\"\" width=\"1000\" height=\"413\" \/><\/a><\/p>\n<h4><strong>Repercuss\u00e3o<\/strong><\/h4>\n<p>O longa metragem teve patroc\u00ednio do Sindicato dos Trabalhadores em Educa\u00e7\u00e3o B\u00e1sica do Estado de Sergipe (Sintese) e parceria da Confedera\u00e7\u00e3o Nacional dos Trabalhadores em Educa\u00e7\u00e3o (CNTE) e da CUT.<\/p>\n<p>S\u00e9rgio Nobre, presidente da CUT, refor\u00e7ou que o filme \u00e9 o primeiro longa-metragem produzido pela classe trabalhadora.<\/p>\n<p><iframe loading=\"lazy\" style=\"border: none; overflow: hidden;\" src=\"https:\/\/www.facebook.com\/plugins\/video.php?href=https%3A%2F%2Fwww.facebook.com%2Fsergionobrecut%2Fvideos%2F571838926892819%2F&amp;show_text=0&amp;width=476\" width=\"476\" height=\"476\" frameborder=\"0\" scrolling=\"no\" allowfullscreen=\"allowfullscreen\"><\/iframe><\/p>\n<p>Heleno Ara\u00fajo, presidente da CNTE, exaltou a produ\u00e7\u00e3o do filme e fez uma convoca\u00e7\u00e3o a todas as entidades para divulgarem a obra. Veja o v\u00eddeo.<\/p>\n<p><iframe loading=\"lazy\" title=\"Heleno Ara\u00fajo fala sobre o filme Abra\u00e7o - a \u00fanica sa\u00edda \u00e9 lutar\" width=\"1200\" height=\"900\" src=\"https:\/\/www.youtube.com\/embed\/E9WBC06qwzU?feature=oembed\" frameborder=\"0\" allow=\"accelerometer; autoplay; clipboard-write; encrypted-media; gyroscope; picture-in-picture\" allowfullscreen><\/iframe><\/p>\n<h4><strong>Ficha:<\/strong><\/h4>\n<p>No elenco est\u00e3o, entre outros, Fl\u00e1vio Bauraqui, Giuliana Maria, Fl\u00e1vio Porto, Rose Ribeiro e Isabel Santos.<\/p>\n<p>A premiada trilha sonora \u00e9 de Andr\u00e9 Abujamra e Eron Guarniere, com participa\u00e7\u00e3o do compositor Chico C\u00e9sar. A m\u00fasica-tema \u00e9 \u2018Pra n\u00e3o dizer que n\u00e3o falei de flores\u2019, de Geraldo Vandr\u00e9.<\/p>\n<p>O filme utilizou mais de 500 figurantes reais e mais de 80 atores locais, de Sergipe, desconhecidos do grande p\u00fablico.\u00a0<strong>Abra\u00e7o<\/strong>\u00a0quer ocupar o lugar de filme que faz uma leitura e uma cr\u00edtica ao cen\u00e1rio pol\u00edtico brasileiro atual, principalmente no que diz respeito ao descaso e desvaloriza\u00e7\u00e3o permanente aos professores e \u00e0 educa\u00e7\u00e3o de modo geral.<\/p>\n<p>Apesar da cr\u00edtica social contida na obra, trata-se de um filme de fic\u00e7\u00e3o que aborda o drama pessoal de uma professora dividida entre a defesa de seus direitos profissionais e a rotina dom\u00e9stica em sua casa.<\/p>\n<p>O Filme Abra\u00e7o venceu os pr\u00eamios de Melhor Filme (J\u00fari Popular), Melhor Atriz e Melhor Trilha Sonora Original no Festival de Cinema de Pernambuco 2019<\/p>\n<p><strong>ABRA\u00c7O &#8211; A \u00fanica sa\u00edda \u00e9 lutar!<\/strong><\/p>\n<ul>\n<li><strong>15\/10 nos drive-ins, cinemas selecionados e cinema virtual.<\/strong><\/li>\n<li><strong>29\/10 nas plataformas digitais (Apple Tv, Google Play, NOW, Looke, Vivo Play e Youtube Filmes)<\/strong><\/li>\n<\/ul>\n<p><strong>Um filme de DF Fiuza.<br \/>\nRealiza\u00e7\u00e3o do Sindicato dos Trabalhadores em Educa\u00e7\u00e3o B\u00e1sica do Estado de Sergipe (SINTESE)<\/strong><\/p>\n<p><em>Fonte: CUT.org.br<\/em><\/p>\n","protected":false},"excerpt":{"rendered":"<p>Baseado em fatos reais, \u2018Abra\u00e7o\u2019, filme produzido pelo movimento sindical, estreia este m\u00eas nos cinemas e em plataformas digitais Andre Accarini O cinema nacional ganha este m\u00eas uma obra-prima que retrata a vida e o cotidiano de trabalhadores e trabalhadoras na luta para n\u00e3o perder seus direitos, cidadania e a dignidade. \u201cAbra\u00e7o \u2013 a \u00fanica&hellip;<\/p>\n","protected":false},"author":1,"featured_media":23920,"comment_status":"closed","ping_status":"closed","sticky":false,"template":"","format":"standard","meta":{"footnotes":""},"categories":[15,417],"tags":[],"class_list":["post-23919","post","type-post","status-publish","format-standard","has-post-thumbnail","hentry","category-noticias","category-noticias-destaque","category-15","category-417","description-off"],"_links":{"self":[{"href":"https:\/\/www.adufpb.org.br\/site\/wp-json\/wp\/v2\/posts\/23919","targetHints":{"allow":["GET"]}}],"collection":[{"href":"https:\/\/www.adufpb.org.br\/site\/wp-json\/wp\/v2\/posts"}],"about":[{"href":"https:\/\/www.adufpb.org.br\/site\/wp-json\/wp\/v2\/types\/post"}],"author":[{"embeddable":true,"href":"https:\/\/www.adufpb.org.br\/site\/wp-json\/wp\/v2\/users\/1"}],"replies":[{"embeddable":true,"href":"https:\/\/www.adufpb.org.br\/site\/wp-json\/wp\/v2\/comments?post=23919"}],"version-history":[{"count":3,"href":"https:\/\/www.adufpb.org.br\/site\/wp-json\/wp\/v2\/posts\/23919\/revisions"}],"predecessor-version":[{"id":23923,"href":"https:\/\/www.adufpb.org.br\/site\/wp-json\/wp\/v2\/posts\/23919\/revisions\/23923"}],"wp:featuredmedia":[{"embeddable":true,"href":"https:\/\/www.adufpb.org.br\/site\/wp-json\/wp\/v2\/media\/23920"}],"wp:attachment":[{"href":"https:\/\/www.adufpb.org.br\/site\/wp-json\/wp\/v2\/media?parent=23919"}],"wp:term":[{"taxonomy":"category","embeddable":true,"href":"https:\/\/www.adufpb.org.br\/site\/wp-json\/wp\/v2\/categories?post=23919"},{"taxonomy":"post_tag","embeddable":true,"href":"https:\/\/www.adufpb.org.br\/site\/wp-json\/wp\/v2\/tags?post=23919"}],"curies":[{"name":"wp","href":"https:\/\/api.w.org\/{rel}","templated":true}]}}