{"id":23911,"date":"2020-10-08T20:45:12","date_gmt":"2020-10-08T23:45:12","guid":{"rendered":"https:\/\/www.adufpb.org.br\/v2\/?p=23911"},"modified":"2020-10-25T19:34:41","modified_gmt":"2020-10-25T22:34:41","slug":"carta-de-repudio-pela-destruicao-do-mural-de-azulejos-da-reitoria-da-ufpb","status":"publish","type":"post","link":"https:\/\/www.adufpb.org.br\/site\/carta-de-repudio-pela-destruicao-do-mural-de-azulejos-da-reitoria-da-ufpb\/","title":{"rendered":"Carta de rep\u00fadio pela destrui\u00e7\u00e3o do mural de azulejos da Reitoria"},"content":{"rendered":"<p><a class=\"dt-pswp-item\" href=\"https:\/\/www.adufpb.org.br\/site\/wp-content\/uploads\/2020\/10\/mural-de-azulejos-2.jpg\" data-dt-img-description=\"\" data-large_image_width=\"528\" data-large_image_height=\"352\"><img loading=\"lazy\" decoding=\"async\" class=\"alignleft size-medium wp-image-23912\" src=\"https:\/\/www.adufpb.org.br\/site\/wp-content\/uploads\/2020\/10\/mural-de-azulejos-2-300x200.jpg\" alt=\"\" width=\"300\" height=\"200\" srcset=\"https:\/\/www.adufpb.org.br\/site\/wp-content\/uploads\/2020\/10\/mural-de-azulejos-2-300x200.jpg 300w, https:\/\/www.adufpb.org.br\/site\/wp-content\/uploads\/2020\/10\/mural-de-azulejos-2-250x167.jpg 250w, https:\/\/www.adufpb.org.br\/site\/wp-content\/uploads\/2020\/10\/mural-de-azulejos-2.jpg 528w\" sizes=\"auto, (max-width: 300px) 100vw, 300px\" \/><\/a>O Departamento de Artes Visuais e o Programa de P\u00f3s-gradua\u00e7\u00e3o em Artes Visuais UFPB\/UFPE emitiu na \u00faltima segunda-feira (5\/10) uma carta de rep\u00fadio pela destrui\u00e7\u00e3o do mural de azulejos modernistas que cobria um anexo da Reitoria, no campus I.<\/p>\n<p>Afixado h\u00e1 mais de 40 anos naquele local, o mural era uma valiosa obra art\u00edstica e arquitet\u00f4nica de autoria do arquiteto e urbanista Ac\u00e1cio Gil Borsoi, representante da arquitetura moderna brasileira. O caso se tornou p\u00fablico no dia 23 de setembro e logo ganhou repercuss\u00e3o nas redes sociais.<\/p>\n<p>Na nota de rep\u00fadio, o DAV e o Programa de P\u00f3s em Artes Visuais expressam que \u201cesse lament\u00e1vel fato demonstra o descumprimento da Constitui\u00e7\u00e3o da Rep\u00fablica Federativa do Brasil pela atual gest\u00e3o da UFPB, especialmente no que se refere ao Art. 216, \u00a7 1\u00ba, que diz: \u2018o Poder P\u00fablico, com a colabora\u00e7\u00e3o da comunidade, promover\u00e1 e proteger\u00e1 o patrim\u00f4nio cultural brasileiro, por meio de invent\u00e1rios, registros, vigil\u00e2ncia, tombamento e desapropria\u00e7\u00e3o, e de outras formas de acautelamento e preserva\u00e7\u00e3o&#8217;\u201d.<\/p>\n<p>Leia a nota na \u00edntegra:<\/p>\n<p><strong>DEPARTAMENTO DE ARTES VISUAIS\/UFPB E PROGRAMA DE P\u00d3SGRADUA\u00c7\u00c3O EM ARTES VISUAIS (UFPB\/UFPE)<\/strong><\/p>\n<p>&nbsp;<\/p>\n<p><strong>CARTA DE REP\u00daDIO<\/strong><\/p>\n<p>O Departamento de Artes Visuais (DAV-UFPB) e o Programa de P\u00f3s-gradua\u00e7\u00e3o em Artes Visuais (UFPB\/UFPE) v\u00eam a p\u00fablico emitir carta de rep\u00fadio diante da destrui\u00e7\u00e3o de um mural de azulejos modernistas, fixados h\u00e1 mais de 40 anos, em parte das edifica\u00e7\u00f5es da Reitoria, da Universidade Federal da Para\u00edba (UFPB). \u00c9 considerado parte do patrim\u00f4nio arquitet\u00f4nico e moderno do Nordeste, bastante valioso do ponto de vista art\u00edstico e cultural.<\/p>\n<p>Trata-se de uma obra art\u00edstica e arquitet\u00f4nica, projetada originalmente para abrigar a Biblioteca da UFPB, em 1968, de autoria do arquiteto e urbanista Ac\u00e1cio Gil Borsoi, representante da arquitetura moderna brasileira, quando participou e foi vitorioso em concurso p\u00fablico para esta finalidade. O mural j\u00e1 havia sido antes parcialmente destru\u00eddo em administra\u00e7\u00f5es passadas, com abertura de duas janelas e coloca\u00e7\u00e3o de dois ares-condicionados, o que demonstra ser esse fato apenas uma continua\u00e7\u00e3o da falta de aten\u00e7\u00e3o dos que supostamente s\u00e3o respons\u00e1veis diretamente pelo zelo do patrim\u00f4nio art\u00edstico e hist\u00f3rico da UFPB.<\/p>\n<p>Esse lament\u00e1vel fato demonstra o descumprimento da Constitui\u00e7\u00e3o da Rep\u00fablica Federativa do Brasil pela atual gest\u00e3o da UFPB, especialmente no que se refere ao Art. 216, \u00a7 1\u00ba, que diz: \u201co Poder P\u00fablico, com a colabora\u00e7\u00e3o da comunidade, promover\u00e1 e proteger\u00e1 o patrim\u00f4nio cultural brasileiro, por meio de invent\u00e1rios, registros, vigil\u00e2ncia, tombamento e desapropria\u00e7\u00e3o, e de outras formas de acautelamento e preserva\u00e7\u00e3o\u201d.<\/p>\n<p>Essa situa\u00e7\u00e3o evidencia uma aus\u00eancia efetiva de uma pol\u00edtica de cultura na gest\u00e3o atual da UFPB, especialmente destinada \u00e0 valoriza\u00e7\u00e3o de acervos art\u00edsticos e demais patrim\u00f4nios hist\u00f3ricos. Isso \u00e9 vis\u00edvel na deteriora\u00e7\u00e3o de espa\u00e7os que foram planejados para a divulga\u00e7\u00e3o e valoriza\u00e7\u00e3o da \u00e1rea art\u00edstica e cultural, como \u00e9 o caso da Pinacoteca e do NAC, entre outros, o que ocorre com outras edifica\u00e7\u00f5es e acervos art\u00edsticos t\u00e3o desmerecidos, tamb\u00e9m, no contexto governamental do nosso pa\u00eds. A destrui\u00e7\u00e3o de patrim\u00f4nios art\u00edsticos e culturais contradiz, veementemente, o que \u00e9 ensinado e pesquisado na UFPB, bem como em demais universidades brasileiras e do mundo.<\/p>\n<p>Esta atitude equivocada alerta para constantes descasos da gest\u00e3o p\u00fablica, em \u00e2mbito municipal, estadual e federal, que ataca, altera e vem desconfigurando, paulatina e progressivamente, o patrim\u00f4nio art\u00edstico e arquitet\u00f4nico em diversas cidades do nosso pa\u00eds, a exemplo do que est\u00e1 ocorrendo com alguns edif\u00edcios hist\u00f3ricos da UFPB.<\/p>\n<p>Esses fatos voltam a evidenciar a necessidade urgente de que a UFPB repense suas condutas de gest\u00e3o, que estabele\u00e7a com urg\u00eancia uma pol\u00edtica cultural eficaz, de modo a valorizar e preservar sua mem\u00f3ria hist\u00f3rica, art\u00edstica e arquitet\u00f4nica, evidenciando uma atua\u00e7\u00e3o coerente com o que ensina e pesquisa.<\/p>\n<p><em><strong>Jo\u00e3o Pessoa, 05 de outubro de 2020.<\/strong><\/em><\/p>\n<p><em><strong>Departamento de Artes Visuais (DAV-UFPB)<\/strong><\/em><\/p>\n<p><em><strong>Programa de P\u00f3s-gradua\u00e7\u00e3o em Artes Visuais (UFPB\/UFPE)<\/strong><\/em><\/p>\n","protected":false},"excerpt":{"rendered":"<p>O Departamento de Artes Visuais e o Programa de P\u00f3s-gradua\u00e7\u00e3o em Artes Visuais UFPB\/UFPE emitiu na \u00faltima segunda-feira (5\/10) uma carta de rep\u00fadio pela destrui\u00e7\u00e3o do mural de azulejos modernistas que cobria um anexo da Reitoria, no campus I. Afixado h\u00e1 mais de 40 anos naquele local, o mural era uma valiosa obra art\u00edstica e&hellip;<\/p>\n","protected":false},"author":1,"featured_media":23912,"comment_status":"closed","ping_status":"closed","sticky":false,"template":"","format":"standard","meta":{"footnotes":""},"categories":[15],"tags":[],"class_list":["post-23911","post","type-post","status-publish","format-standard","has-post-thumbnail","hentry","category-noticias","category-15","description-off"],"_links":{"self":[{"href":"https:\/\/www.adufpb.org.br\/site\/wp-json\/wp\/v2\/posts\/23911","targetHints":{"allow":["GET"]}}],"collection":[{"href":"https:\/\/www.adufpb.org.br\/site\/wp-json\/wp\/v2\/posts"}],"about":[{"href":"https:\/\/www.adufpb.org.br\/site\/wp-json\/wp\/v2\/types\/post"}],"author":[{"embeddable":true,"href":"https:\/\/www.adufpb.org.br\/site\/wp-json\/wp\/v2\/users\/1"}],"replies":[{"embeddable":true,"href":"https:\/\/www.adufpb.org.br\/site\/wp-json\/wp\/v2\/comments?post=23911"}],"version-history":[{"count":3,"href":"https:\/\/www.adufpb.org.br\/site\/wp-json\/wp\/v2\/posts\/23911\/revisions"}],"predecessor-version":[{"id":23987,"href":"https:\/\/www.adufpb.org.br\/site\/wp-json\/wp\/v2\/posts\/23911\/revisions\/23987"}],"wp:featuredmedia":[{"embeddable":true,"href":"https:\/\/www.adufpb.org.br\/site\/wp-json\/wp\/v2\/media\/23912"}],"wp:attachment":[{"href":"https:\/\/www.adufpb.org.br\/site\/wp-json\/wp\/v2\/media?parent=23911"}],"wp:term":[{"taxonomy":"category","embeddable":true,"href":"https:\/\/www.adufpb.org.br\/site\/wp-json\/wp\/v2\/categories?post=23911"},{"taxonomy":"post_tag","embeddable":true,"href":"https:\/\/www.adufpb.org.br\/site\/wp-json\/wp\/v2\/tags?post=23911"}],"curies":[{"name":"wp","href":"https:\/\/api.w.org\/{rel}","templated":true}]}}