{"id":23908,"date":"2020-10-07T20:40:10","date_gmt":"2020-10-07T23:40:10","guid":{"rendered":"https:\/\/www.adufpb.org.br\/v2\/?p=23908"},"modified":"2020-10-25T19:34:50","modified_gmt":"2020-10-25T22:34:50","slug":"dia-das-criancas-tera-programacao-especial-no-canal-da-adufpb-no-youtube","status":"publish","type":"post","link":"https:\/\/www.adufpb.org.br\/site\/dia-das-criancas-tera-programacao-especial-no-canal-da-adufpb-no-youtube\/","title":{"rendered":"Dia das Crian\u00e7as ter\u00e1 programa\u00e7\u00e3o especial no canal da ADUFPB no Youtube"},"content":{"rendered":"<p><a class=\"dt-pswp-item\" href=\"https:\/\/www.adufpb.org.br\/site\/wp-content\/uploads\/2020\/10\/2020.10.12-live-do-dia-das-criancas.jpeg\" data-dt-img-description=\"\" data-large_image_width=\"1084\" data-large_image_height=\"1078\"><img loading=\"lazy\" decoding=\"async\" class=\"alignleft size-medium wp-image-23909\" src=\"https:\/\/www.adufpb.org.br\/site\/wp-content\/uploads\/2020\/10\/2020.10.12-live-do-dia-das-criancas-300x298.jpeg\" alt=\"\" width=\"300\" height=\"298\" srcset=\"https:\/\/www.adufpb.org.br\/site\/wp-content\/uploads\/2020\/10\/2020.10.12-live-do-dia-das-criancas-300x298.jpeg 300w, https:\/\/www.adufpb.org.br\/site\/wp-content\/uploads\/2020\/10\/2020.10.12-live-do-dia-das-criancas-1024x1018.jpeg 1024w, https:\/\/www.adufpb.org.br\/site\/wp-content\/uploads\/2020\/10\/2020.10.12-live-do-dia-das-criancas-150x150.jpeg 150w, https:\/\/www.adufpb.org.br\/site\/wp-content\/uploads\/2020\/10\/2020.10.12-live-do-dia-das-criancas-768x764.jpeg 768w, https:\/\/www.adufpb.org.br\/site\/wp-content\/uploads\/2020\/10\/2020.10.12-live-do-dia-das-criancas-250x249.jpeg 250w, https:\/\/www.adufpb.org.br\/site\/wp-content\/uploads\/2020\/10\/2020.10.12-live-do-dia-das-criancas.jpeg 1084w\" sizes=\"auto, (max-width: 300px) 100vw, 300px\" \/><\/a>A crian\u00e7ada vai tomar conta do canal da ADUFPB no Youtube na pr\u00f3xima\u00a0<strong>segunda-feira, 12 de outubro<\/strong>. Isso porque o sindicato preparou uma live toda especial para o\u00a0<strong>Dia das Crian\u00e7as<\/strong>, com historinhas, m\u00fasica, oficinas, brindes e muitas brincadeiras. A festa come\u00e7a \u00e0s\u00a0<strong>16h<\/strong>\u00a0e ser\u00e1 comandada pelo grupo Engenho Imagin\u00e1rio, com a colabora\u00e7\u00e3o de um grupo de crian\u00e7as convidadas para interagir pela plataforma de videoconfer\u00eancia.<\/p>\n<p>Mas quem estiver apenas na plateia tamb\u00e9m vai poder conversar, dar opini\u00e3o e brincar com os apresentadores, por meio do chat. E como ningu\u00e9m pode ficar de fora dessa brincadeira, os organizadores tiveram a preocupa\u00e7\u00e3o de garantir a inclus\u00e3o das crian\u00e7as surdas na festa, recorrendo ao apoio de um int\u00e9rprete de\u00a0<strong>Libras<\/strong>.<\/p>\n<p>Para \u201caquecer os motores\u201d, os pequenos internautas j\u00e1 podem entrar na brincadeira, fazendo desenhos bem coloridos e criativos sobre o tema\u00a0<strong>\u201cMeu animal favorito\u201d<\/strong>. Depois, basta pedir a um adulto que envie uma foto para o Whatsapp da ADUFPB (<strong>99645-7000<\/strong>). No dia da live, os desenhos ser\u00e3o exibidos durante a programa\u00e7\u00e3o. Quem quiser, tamb\u00e9m pode mandar uma foto da crian\u00e7a segurando o desenho.<\/p>\n<p>Como as imagens ser\u00e3o exibidas na live, \u00e9 importante que os pais deem autoriza\u00e7\u00e3o expressa para uso da imagem. Para isso, basta colar na mensagem do Whatsapp o seguinte texto:\u00a0<em><strong>\u201cEu, ________, autorizo a exibi\u00e7\u00e3o do desenho e da fotografia de ________, _ anos, durante o programa Dia das Crian\u00e7as da ADUFPB \u2013 2020\u201d<\/strong><\/em>, substituindo os espa\u00e7os pelas informa\u00e7\u00f5es do respons\u00e1vel e da crian\u00e7a. Ser\u00e3o usadas apenas as fotos enviadas at\u00e9\u00a0<strong>18h do domingo, dia 11<\/strong>, devido \u00e0 necessidade de tempo h\u00e1bil para edi\u00e7\u00e3o dos v\u00eddeos.<\/p>\n<p><b>Programa\u00e7\u00e3o<\/b><\/p>\n<p>O roteiro dessa festa est\u00e1 recheado de coisa boa. Ela come\u00e7a com a apresenta\u00e7\u00e3o do grupo Engenho Imagin\u00e1rio, das crian\u00e7as convidadas e de um personagem muito especial: o\u00a0<strong>Juquinha<\/strong>, um boneco para l\u00e1 de animado e esperto. Na sequ\u00eancia, o p\u00fablico ir\u00e1 assistir a duas historinhas e poder\u00e1 interagir com os apresentadores, opinando e respondendo perguntas. Durante essas atividades, ser\u00e3o distribu\u00eddos alguns\u00a0<strong>brindes<\/strong>, como CDs, e-books e at\u00e9 um kit para teatro de sombra.<\/p>\n<p>Depois das historinhas, ser\u00e1 o momento da crian\u00e7ada participar da\u00a0<strong>Oficina Divertimusicalizando<\/strong>, com Nan\u00e1 Viana. Logo em seguida, o\u00a0<strong>Palha\u00e7o Boc\u00e3o<\/strong>\u00a0vai animar ainda mais a live com muitas brincadeiras.<\/p>\n<p><b>Organiza\u00e7\u00e3o<\/b><\/p>\n<p>A live de Dia das Crian\u00e7as da ADUFPB \u00e9 organizada pelo sindicato, em parceria com o grupo teatral Engenho Imagin\u00e1rio, e conta com a produ\u00e7\u00e3o de Carlos An\u00edsio e Valeska Picado. Tradicionalmente, a festa para os pequenos \u00e9 realizada na sede sociocultural da ADUFPB, mas este ano, em raz\u00e3o da pandemia, os organizadores precisaram reinventar o projeto.<\/p>\n<p>\u201cEntendemos que era necess\u00e1rio manter o evento, mas em novo formato, aproveitando a experi\u00eancia que a ADUFPB vem adquirindo na realiza\u00e7\u00e3o de eventos on-line nesses \u00faltimos meses. Estamos precisando nos reinventar nesta pandemia, buscar formas alternativas de manter nossas fun\u00e7\u00f5es como sindicato e as a\u00e7\u00f5es da entidade voltadas \u00e0 educa\u00e7\u00e3o, \u00e0 arte e \u00e0 cultura\u201d, avalia a diretora Cultural da ADUFPB, Sandra Luna.<\/p>\n<p><b class=\"photoswipe-wrapper\"><a class=\"dt-pswp-item pspw-wrap-ready\" href=\"http:\/\/www.adufpb.org.br\/site\/wp-content\/uploads\/2020\/10\/engenho-imaginario.jpeg\" data-dt-img-description=\"\" data-large_image_width=\"1280\" data-large_image_height=\"853\"><img loading=\"lazy\" decoding=\"async\" class=\"alignright size-medium wp-image-23332\" src=\"http:\/\/www.adufpb.org.br\/site\/wp-content\/uploads\/2020\/10\/engenho-imaginario-300x200.jpeg\" sizes=\"auto, (max-width: 300px) 100vw, 300px\" srcset=\"http:\/\/www.adufpb.org.br\/site\/wp-content\/uploads\/2020\/10\/engenho-imaginario-300x200.jpeg 300w, http:\/\/www.adufpb.org.br\/site\/wp-content\/uploads\/2020\/10\/engenho-imaginario-1024x682.jpeg 1024w, http:\/\/www.adufpb.org.br\/site\/wp-content\/uploads\/2020\/10\/engenho-imaginario-768x512.jpeg 768w, http:\/\/www.adufpb.org.br\/site\/wp-content\/uploads\/2020\/10\/engenho-imaginario.jpeg 1280w\" alt=\"\" width=\"300\" height=\"200\" \/><\/a>Sobre o Engenho Imagin\u00e1rio<\/b><\/p>\n<p>O Engenho Imagin\u00e1rio Produ\u00e7\u00f5es Art\u00edsticas \u00e9 um grupo de pesquisa e produ\u00e7\u00e3o art\u00edstica formado por\u00a0<strong>Itamira Barbosa, David Muniz, Nan\u00e1 Vianna, Nina Elssia, Carlos An\u00edsio e Valeska Picado.<\/strong>\u00a0Os integrantes s\u00e3o artistas e educadores que participam ativamente da hist\u00f3ria cultural da cidade de Jo\u00e3o Pessoa, em trabalhos solos ou com a participa\u00e7\u00e3o em outros grupos.<\/p>\n<p><b>AGENDE-SE<\/b><\/p>\n<p><b>Live de Dia das Crian\u00e7as da ADUFPB<\/b><\/p>\n<p><i>Com o grupo Engenho Imagin\u00e1rio<\/i><\/p>\n<p><b>Data:\u00a0<\/b>segunda-feira, 12 de outubro<\/p>\n<p><b>Hor\u00e1rio:<\/b>\u00a016h<\/p>\n<p><b>Como assistir:<\/b>\u00a0A live ser\u00e1 transmitida pelo canal da ADUFPB no Youtube (<em><strong>www.youtube.com\/ADUFPB<\/strong><\/em>)<\/p>\n<p><b>Estimulando a imagina\u00e7\u00e3o:<\/b><\/p>\n<ol start=\"4\">\n<li>Convide a crian\u00e7a fazer um desenho com o tema\u00a0<strong>\u201cMeu animal favorito\u201d<\/strong>.<\/li>\n<li>Envie uma foto do desenho para o Whatsapp da ADUFPB (<strong>99645-7000<\/strong>). Voc\u00ea tamb\u00e9m pode mandar uma foto da crian\u00e7a segundo o desenho.<\/li>\n<li>Junto com a foto, envie a autoriza\u00e7\u00e3o para uso da imagem:\u00a0<em><strong>\u201cEu, ________, autorizo a exibi\u00e7\u00e3o do desenho e da fotografia de ________, _ anos, durante o programa Dia das Crian\u00e7as da ADUFPB \u2013 2020\u201d<\/strong><\/em>. Substitua os espa\u00e7os pelas suas informa\u00e7\u00f5es.<\/li>\n<li>Os desenhos enviados at\u00e9\u00a0<strong>18h do domingo, dia 11<\/strong>, ser\u00e3o exibidos durante a live.<\/li>\n<\/ol>\n<p><em>Fonte: Ascom ADUFPB<\/em><\/p>\n","protected":false},"excerpt":{"rendered":"<p>A crian\u00e7ada vai tomar conta do canal da ADUFPB no Youtube na pr\u00f3xima\u00a0segunda-feira, 12 de outubro. Isso porque o sindicato preparou uma live toda especial para o\u00a0Dia das Crian\u00e7as, com historinhas, m\u00fasica, oficinas, brindes e muitas brincadeiras. A festa come\u00e7a \u00e0s\u00a016h\u00a0e ser\u00e1 comandada pelo grupo Engenho Imagin\u00e1rio, com a colabora\u00e7\u00e3o de um grupo de crian\u00e7as&hellip;<\/p>\n","protected":false},"author":1,"featured_media":23909,"comment_status":"closed","ping_status":"closed","sticky":false,"template":"","format":"standard","meta":{"footnotes":""},"categories":[15],"tags":[],"class_list":["post-23908","post","type-post","status-publish","format-standard","has-post-thumbnail","hentry","category-noticias","category-15","description-off"],"_links":{"self":[{"href":"https:\/\/www.adufpb.org.br\/site\/wp-json\/wp\/v2\/posts\/23908","targetHints":{"allow":["GET"]}}],"collection":[{"href":"https:\/\/www.adufpb.org.br\/site\/wp-json\/wp\/v2\/posts"}],"about":[{"href":"https:\/\/www.adufpb.org.br\/site\/wp-json\/wp\/v2\/types\/post"}],"author":[{"embeddable":true,"href":"https:\/\/www.adufpb.org.br\/site\/wp-json\/wp\/v2\/users\/1"}],"replies":[{"embeddable":true,"href":"https:\/\/www.adufpb.org.br\/site\/wp-json\/wp\/v2\/comments?post=23908"}],"version-history":[{"count":2,"href":"https:\/\/www.adufpb.org.br\/site\/wp-json\/wp\/v2\/posts\/23908\/revisions"}],"predecessor-version":[{"id":23988,"href":"https:\/\/www.adufpb.org.br\/site\/wp-json\/wp\/v2\/posts\/23908\/revisions\/23988"}],"wp:featuredmedia":[{"embeddable":true,"href":"https:\/\/www.adufpb.org.br\/site\/wp-json\/wp\/v2\/media\/23909"}],"wp:attachment":[{"href":"https:\/\/www.adufpb.org.br\/site\/wp-json\/wp\/v2\/media?parent=23908"}],"wp:term":[{"taxonomy":"category","embeddable":true,"href":"https:\/\/www.adufpb.org.br\/site\/wp-json\/wp\/v2\/categories?post=23908"},{"taxonomy":"post_tag","embeddable":true,"href":"https:\/\/www.adufpb.org.br\/site\/wp-json\/wp\/v2\/tags?post=23908"}],"curies":[{"name":"wp","href":"https:\/\/api.w.org\/{rel}","templated":true}]}}