{"id":23308,"date":"2020-10-02T09:30:50","date_gmt":"2020-10-02T12:30:50","guid":{"rendered":"http:\/\/www.adufpb.org.br\/site\/?p=23308"},"modified":"2020-10-07T23:13:42","modified_gmt":"2020-10-08T02:13:42","slug":"tres-pesquisas-da-ufpb-recebem-mencao-honrosa-no-premio-capes-de-tese","status":"publish","type":"post","link":"https:\/\/www.adufpb.org.br\/site\/tres-pesquisas-da-ufpb-recebem-mencao-honrosa-no-premio-capes-de-tese\/","title":{"rendered":"Tr\u00eas pesquisas da UFPB recebem men\u00e7\u00e3o honrosa no Pr\u00eamio Capes de Tese"},"content":{"rendered":"<p>Tr\u00eas pesquisas da Universidade Federal da Para\u00edba (UFPB) receberam men\u00e7\u00e3o honrosa no Pr\u00eamio Capes de Tese 2020, que reconhece os melhores trabalhos de conclus\u00e3o de doutorado defendidos em programas de p\u00f3s-gradua\u00e7\u00e3o brasileiros. As teses da UFPB laureadas s\u00e3o dos Programas de P\u00f3s-gradua\u00e7\u00e3o em Ci\u00eancia e Engenharia de Materiais, Ci\u00eancias da Nutri\u00e7\u00e3o e Enfermagem. O resultado foi publicado no Diario Oficial da Uni\u00e3o (DOU), nesta quinta-feira (1\u00ba).<\/p>\n<p>As men\u00e7\u00f5es honrosas s\u00e3o concedidas em forma de certificados para autores, orientadores, coorientadores e ao programa de p\u00f3s-gradua\u00e7\u00e3o em que foi defendida cada tese. Este foi o segundo ano consecutivo que uma tese do Programa de Ci\u00eancias da Nutri\u00e7\u00e3o da UFPB recebeu men\u00e7\u00e3o honrosa da Capes.<\/p>\n<p>A tese \u201cAvalia\u00e7\u00e3o das propriedades magn\u00e9ticas, hipert\u00e9rmicas e eletroqu\u00edmicas de ferritas do tipo espin\u00e9lio (MFe2O4, = Co, Ni e Cu) obtidas via m\u00e9todo sol-gel proteico\u201d, do Programa de P\u00f3s-Gradua\u00e7\u00e3o em Ci\u00eancia e Engenharia de Materiais da UFPB, foi defendida por Luciena Ferreira, sob a orienta\u00e7\u00e3o do professor Daniel Macedo e coorienta\u00e7\u00e3o do docente Marco Torres, do Departamento de F\u00edsica da Universidade Federal do Rio Grande do Norte (UFRN).<\/p>\n<p>Defendida por Helena Diniz Silva, a tese intitulada \u201cEfeitos da adi\u00e7\u00e3o de \u00f3leo essencial de Origanum vulgar do Programa de nutri\u00e7\u00e3o da UFPBe L. e de Rosmarinus officinalis L. combinados em queijo fresco durante armazenamento\u201d, do Programa de P\u00f3s-gradua\u00e7\u00e3o em Ci\u00eancias da Nutri\u00e7\u00e3o da UFPB, teve a orienta\u00e7\u00e3o do professor Marciane Magnani.<\/p>\n<p>Nuno F\u00e9lix, do Programa de P\u00f3s-Gradua\u00e7\u00e3o em Enfermagem da UFPB, defendeu a tese \u201cSubconjunto Terminol\u00f3gico da CIPE\u00ae\ufe0f para pessoas com s\u00edndrome metab\u00f3lica: base conceitual ara a Teoria de M\u00e9dio Alcance do Cuidado no Contexto de Risco Cardiovascular\u201d, com orienta\u00e7\u00e3o da professora Maria Miriam N\u00f3brega.<\/p>\n<p>Os trabalhos da UFPB receberam men\u00e7\u00e3o honrosa considerando os seguintes crit\u00e9rios: originalidade do trabalho, relev\u00e2ncia para o desenvolvimento cient\u00edfico, tecnol\u00f3gico, cultural, social e de inova\u00e7\u00e3o e o valor agregado pelo sistema educacional ao candidato.<\/p>\n<p>Para a coordenadora de avalia\u00e7\u00e3o dos cursos de p\u00f3s-gradua\u00e7\u00e3o da UFPB, professora M\u00e1rcia Fonseca, estas premia\u00e7\u00f5es d\u00e3o visibilidade nacional aos trabalhos desenvolvidos na p\u00f3s-gradua\u00e7\u00e3o da UFPB, especialmente os dos Programas de P\u00f3s-gradua\u00e7\u00e3o em Ci\u00eancia e Engenharia de Materiais, avaliado com Nota 3, pela Capes; de Ci\u00eancias da Nutri\u00e7\u00e3o (Nota 4) e de Enfermagem (Nota 5). A avalia\u00e7\u00e3o m\u00e1xima da Capes \u00e9 a Nota 7.<\/p>\n<p>\u201c\u00c0s v\u00e9speras da avalia\u00e7\u00e3o quadrienal da Capes, estas premia\u00e7\u00f5es s\u00e3o uma coroa\u00e7\u00e3o ao trabalho extremamente competente dos autores, orientadores, coorientadores e coordenadores dos trabalhos referenciados\u201d, afirma a gestora da UFPB.<\/p>\n<p>Na avalia\u00e7\u00e3o de M\u00e1rcia Fonseca, as men\u00e7\u00f5es honrosas revelam a eleva\u00e7\u00e3o da qualidade da produ\u00e7\u00e3o cientifica da UFPB e de todo o investimento feito para melhorar a qualidade das pesquisas realizadas pela federal paraibana.<\/p>\n<p>\u201cEsse investimento significa qualifica\u00e7\u00e3o de professores, acompanhamento e avalia\u00e7\u00e3o interna dos programas, autoavalia\u00e7\u00e3o, o uso do Programa de Apoio \u00e0 P\u00f3s-gradua\u00e7\u00e3o (Proap) da Capes de forma eficiente e todo apoio institucional poss\u00edvel \u00e0 p\u00f3s-gradua\u00e7\u00e3o\u201d, detalha a coordenadora de avalia\u00e7\u00e3o dos cursos de p\u00f3s-gradua\u00e7\u00e3o da UFPB.<\/p>\n<p>M\u00e1rcia Fonseca destaca ainda que esta edi\u00e7\u00e3o do pr\u00eamio da Capes registrou o maior n\u00famero de inscri\u00e7\u00f5es da hist\u00f3ria. Ao todo, foram: 1.421 teses submetidas \u00e0 avalia\u00e7\u00e3o. \u201cEstas men\u00e7\u00f5es honrosas indicam que estamos na dire\u00e7\u00e3o certa, pois v\u00eam do principal \u00f3rg\u00e3o de avalia\u00e7\u00e3o e fomento da p\u00f3s-gradua\u00e7\u00e3o brasileira\u201d, conclui a gestora da UFPB.<\/p>\n<p><em>Fonte:\u00a0Ascom\/UFPB |\u00a0Reportagem e Edi\u00e7\u00e3o: Pedro Paz<\/em><\/p>\n","protected":false},"excerpt":{"rendered":"<p>Tr\u00eas pesquisas da Universidade Federal da Para\u00edba (UFPB) receberam men\u00e7\u00e3o honrosa no Pr\u00eamio Capes de Tese 2020, que reconhece os melhores trabalhos de conclus\u00e3o de doutorado defendidos em programas de p\u00f3s-gradua\u00e7\u00e3o brasileiros. As teses da UFPB laureadas s\u00e3o dos Programas de P\u00f3s-gradua\u00e7\u00e3o em Ci\u00eancia e Engenharia de Materiais, Ci\u00eancias da Nutri\u00e7\u00e3o e Enfermagem. O resultado&hellip;<\/p>\n","protected":false},"author":3,"featured_media":23485,"comment_status":"closed","ping_status":"closed","sticky":false,"template":"","format":"standard","meta":{"footnotes":""},"categories":[15],"tags":[],"class_list":["post-23308","post","type-post","status-publish","format-standard","has-post-thumbnail","hentry","category-noticias","category-15","description-off"],"_links":{"self":[{"href":"https:\/\/www.adufpb.org.br\/site\/wp-json\/wp\/v2\/posts\/23308","targetHints":{"allow":["GET"]}}],"collection":[{"href":"https:\/\/www.adufpb.org.br\/site\/wp-json\/wp\/v2\/posts"}],"about":[{"href":"https:\/\/www.adufpb.org.br\/site\/wp-json\/wp\/v2\/types\/post"}],"author":[{"embeddable":true,"href":"https:\/\/www.adufpb.org.br\/site\/wp-json\/wp\/v2\/users\/3"}],"replies":[{"embeddable":true,"href":"https:\/\/www.adufpb.org.br\/site\/wp-json\/wp\/v2\/comments?post=23308"}],"version-history":[{"count":1,"href":"https:\/\/www.adufpb.org.br\/site\/wp-json\/wp\/v2\/posts\/23308\/revisions"}],"predecessor-version":[{"id":23309,"href":"https:\/\/www.adufpb.org.br\/site\/wp-json\/wp\/v2\/posts\/23308\/revisions\/23309"}],"wp:featuredmedia":[{"embeddable":true,"href":"https:\/\/www.adufpb.org.br\/site\/wp-json\/wp\/v2\/media\/23485"}],"wp:attachment":[{"href":"https:\/\/www.adufpb.org.br\/site\/wp-json\/wp\/v2\/media?parent=23308"}],"wp:term":[{"taxonomy":"category","embeddable":true,"href":"https:\/\/www.adufpb.org.br\/site\/wp-json\/wp\/v2\/categories?post=23308"},{"taxonomy":"post_tag","embeddable":true,"href":"https:\/\/www.adufpb.org.br\/site\/wp-json\/wp\/v2\/tags?post=23308"}],"curies":[{"name":"wp","href":"https:\/\/api.w.org\/{rel}","templated":true}]}}