{"id":23295,"date":"2020-09-29T17:52:37","date_gmt":"2020-09-29T20:52:37","guid":{"rendered":"http:\/\/www.adufpb.org.br\/site\/?p=23295"},"modified":"2020-10-07T21:29:00","modified_gmt":"2020-10-08T00:29:00","slug":"23295-2","status":"publish","type":"post","link":"https:\/\/www.adufpb.org.br\/site\/23295-2\/","title":{"rendered":"ADUFPB realiza reuni\u00e3o aberta com representantes da Geap, nesta sexta-feira (2\/10), para tratar de aumentos nos planos de sa\u00fade"},"content":{"rendered":"<p><span style=\"font-weight: 400;\">A ADUFPB promove nesta sexta-feira, 2 de outubro, \u00e0s 9h, uma reuni\u00e3o virtual dos docentes sindicalizados com representantes da Geap, operadora de plano de sa\u00fade que atende grande parte dos professores e professoras da UFPB. Eles v\u00e3o tratar da proposta de negocia\u00e7\u00e3o do aumento que est\u00e1 sendo praticado pela empresa nas mensalidades dos planos. O link para a reuni\u00e3o ser\u00e1 enviada por e-mail (adufpb@terra.com.br) e pelo Whatsapp 99645-7000 momentos antes do in\u00edcio da reuni\u00e3o.<\/span><\/p>\n<p><span style=\"font-weight: 400;\"><a class=\"dt-pswp-item\" href=\"http:\/\/www.adufpb.org.br\/site\/wp-content\/uploads\/2020\/09\/2020.10.02-reuni\u00e3o-geap.jpeg\" data-dt-img-description=\"\" data-large_image_width=\"1092\" data-large_image_height=\"1081\"><img loading=\"lazy\" decoding=\"async\" class=\"alignright size-medium wp-image-23296\" src=\"http:\/\/www.adufpb.org.br\/site\/wp-content\/uploads\/2020\/09\/2020.10.02-reuni\u00e3o-geap-300x297.jpeg\" alt=\"\" width=\"300\" height=\"297\" srcset=\"https:\/\/www.adufpb.org.br\/site\/wp-content\/uploads\/2020\/09\/2020.10.02-reuni\u00e3o-geap-300x297.jpeg 300w, https:\/\/www.adufpb.org.br\/site\/wp-content\/uploads\/2020\/09\/2020.10.02-reuni\u00e3o-geap-150x150.jpeg 150w, https:\/\/www.adufpb.org.br\/site\/wp-content\/uploads\/2020\/09\/2020.10.02-reuni\u00e3o-geap-768x760.jpeg 768w, https:\/\/www.adufpb.org.br\/site\/wp-content\/uploads\/2020\/09\/2020.10.02-reuni\u00e3o-geap-1024x1014.jpeg 1024w, https:\/\/www.adufpb.org.br\/site\/wp-content\/uploads\/2020\/09\/2020.10.02-reuni\u00e3o-geap.jpeg 1092w\" sizes=\"auto, (max-width: 300px) 100vw, 300px\" \/><\/a>O reajuste que est\u00e1 sendo cobrado pela Geap \u00e9 decorrente da derrubada de uma liminar conquistada pela ADUFPB em 2016 para evitar aumentos do plano acima do autorizado pela Ag\u00eancia Nacional de Sa\u00fade Suplementar (ANS). Essa decis\u00e3o, entretanto, foi revogada no dia 31 de agosto deste ano, o que levar\u00e1 as mensalidades a sofrerem reajustes muito acima da infla\u00e7\u00e3o. A Geap alega que o aumento \u00e9 de aproximadamente 37%, mas h\u00e1 professores que relatam terem percebido percentuais maiores.<\/span><\/p>\n<p><span style=\"font-weight: 400;\">Em outra reuni\u00e3o virtual realizada na sexta-feira passada (25\/9), a assessoria jur\u00eddica da ADUFPB falou sobre a quest\u00e3o e a Diretoria Executiva apresentou alguns pontos da proposta de negocia\u00e7\u00e3o que apresentar\u00e1 \u00e0 empresa.<\/span><\/p>\n<p><span style=\"font-weight: 400;\">O Sindicato prop\u00f5e que o aumento n\u00e3o seja cobrado, considerando que os valores aplicados s\u00e3o muito superiores aos \u00edndices de corre\u00e7\u00e3o monet\u00e1ria, o que impede grande parte dos usu\u00e1rios de manter o contrato com a empresa. A entidade leva em considera\u00e7\u00e3o tamb\u00e9m que a UFPB \u00e9 hoje a maior copatrocinadora da Geap na Para\u00edba e uma das maiores do Brasil, e que a sa\u00edda em massa dos benefici\u00e1rios comprometeria o funcionamento da operadora.<\/span><\/p>\n<p><span style=\"text-decoration: underline;\"><b>AGENDE-SE<\/b><\/span><\/p>\n<p><b>Reuni\u00e3o virtual aberta com representantes da Geap<\/b><\/p>\n<p><b>Data:<\/b><span style=\"font-weight: 400;\"> sexta-feira, 2 de outubro<\/span><\/p>\n<p><b>Hor\u00e1rio:<\/b><span style=\"font-weight: 400;\"> 9h<\/span><\/p>\n<p><b>Acesso:<\/b><span style=\"font-weight: 400;\"> O link para a reuni\u00e3o ser\u00e1 enviada por e-mail (adufpb@terra.com.br) e pelo Whatsapp 99645-7000 momentos antes do in\u00edcio da reuni\u00e3o<\/span><\/p>\n<p><em>Fonte: Ascom ADUFPB<\/em><\/p>\n","protected":false},"excerpt":{"rendered":"<p>A ADUFPB promove nesta sexta-feira, 2 de outubro, \u00e0s 9h, uma reuni\u00e3o virtual dos docentes sindicalizados com representantes da Geap, operadora de plano de sa\u00fade que atende grande parte dos professores e professoras da UFPB. Eles v\u00e3o tratar da proposta de negocia\u00e7\u00e3o do aumento que est\u00e1 sendo praticado pela empresa nas mensalidades dos planos. O&hellip;<\/p>\n","protected":false},"author":3,"featured_media":23296,"comment_status":"closed","ping_status":"closed","sticky":false,"template":"","format":"standard","meta":{"footnotes":""},"categories":[15],"tags":[467,75],"class_list":["post-23295","post","type-post","status-publish","format-standard","has-post-thumbnail","hentry","category-noticias","tag-assuntos-juridicos","tag-geap","category-15","description-off"],"_links":{"self":[{"href":"https:\/\/www.adufpb.org.br\/site\/wp-json\/wp\/v2\/posts\/23295","targetHints":{"allow":["GET"]}}],"collection":[{"href":"https:\/\/www.adufpb.org.br\/site\/wp-json\/wp\/v2\/posts"}],"about":[{"href":"https:\/\/www.adufpb.org.br\/site\/wp-json\/wp\/v2\/types\/post"}],"author":[{"embeddable":true,"href":"https:\/\/www.adufpb.org.br\/site\/wp-json\/wp\/v2\/users\/3"}],"replies":[{"embeddable":true,"href":"https:\/\/www.adufpb.org.br\/site\/wp-json\/wp\/v2\/comments?post=23295"}],"version-history":[{"count":2,"href":"https:\/\/www.adufpb.org.br\/site\/wp-json\/wp\/v2\/posts\/23295\/revisions"}],"predecessor-version":[{"id":23298,"href":"https:\/\/www.adufpb.org.br\/site\/wp-json\/wp\/v2\/posts\/23295\/revisions\/23298"}],"wp:featuredmedia":[{"embeddable":true,"href":"https:\/\/www.adufpb.org.br\/site\/wp-json\/wp\/v2\/media\/23296"}],"wp:attachment":[{"href":"https:\/\/www.adufpb.org.br\/site\/wp-json\/wp\/v2\/media?parent=23295"}],"wp:term":[{"taxonomy":"category","embeddable":true,"href":"https:\/\/www.adufpb.org.br\/site\/wp-json\/wp\/v2\/categories?post=23295"},{"taxonomy":"post_tag","embeddable":true,"href":"https:\/\/www.adufpb.org.br\/site\/wp-json\/wp\/v2\/tags?post=23295"}],"curies":[{"name":"wp","href":"https:\/\/api.w.org\/{rel}","templated":true}]}}